{"id":35884,"date":"2023-04-24T20:19:04","date_gmt":"2023-04-24T20:19:04","guid":{"rendered":"https:\/\/abic.us\/lideres-de-la-agroindustria-la-construccion-y-la-hosteleria-compartieron-la-contribucion-de-los-inmigrantes-a-su-mano-de-obra-en-la-mesa-redonda-y-almuerzo-crecemos-en-apopka\/"},"modified":"2023-04-24T20:19:04","modified_gmt":"2023-04-24T20:19:04","slug":"lideres-de-la-agroindustria-la-construccion-y-la-hosteleria-compartieron-la-contribucion-de-los-inmigrantes-a-su-mano-de-obra-en-la-mesa-redonda-y-almuerzo-crecemos-en-apopka","status":"publish","type":"post","link":"https:\/\/abic.us\/es\/lideres-de-la-agroindustria-la-construccion-y-la-hosteleria-compartieron-la-contribucion-de-los-inmigrantes-a-su-mano-de-obra-en-la-mesa-redonda-y-almuerzo-crecemos-en-apopka\/","title":{"rendered":"L\u00edderes de la agroindustria, la construcci\u00f3n y la hosteler\u00eda compartieron la contribuci\u00f3n de los inmigrantes a su mano de obra en la mesa redonda y almuerzo \u00abCrecemos en Apopka\u00bb."},"content":{"rendered":"<h2 style=\"text-align: center;\"><i><span style=\"font-weight: 400;\">\u00abUno de cada cinco residentes de Florida es inmigrante y nuestro estado se beneficia enormemente de la diversidad, la energ\u00eda y las contribuciones de nuestras comunidades inmigrantes\u00bb. &#8211; Samuel Vilchez Santiago, Director de la ABIC en el Estado de Florida.<\/span><\/i><\/h2>\n<p><span style=\"font-weight: 400;\">APOPKA, FL: Hoy <\/span><span style=\"font-weight: 400;\">la Coalici\u00f3n Empresarial Estadounidense para la Inmigraci\u00f3n (ABIC), <\/span><span style=\"font-weight: 400;\">la C\u00e1mara de Comercio del \u00c1rea de Apopka <\/span><span style=\"font-weight: 400;\">y el <\/span><span style=\"font-weight: 400;\">Centro Comunitario HOPE <\/span> <span style=\"font-weight: 400;\">convoc\u00f3 \u00abCrecemos en Apopka\u00bb, una mesa redonda y un almuerzo en Apopka, FL, en los que participaron l\u00edderes de los sectores locales de la agricultura, la construcci\u00f3n, la hosteler\u00eda, la sanidad y la educaci\u00f3n. Los participantes debatieron los retos actuales y previstos de la mano de obra y los beneficios de la mano de obra inmigrante de Florida.  <\/span><\/p>\n<p><span style=\"font-weight: 400;\">\u00abUno de cada cinco residentes de Florida es inmigrante y nuestro estado se beneficia enormemente de la diversidad, la energ\u00eda y las contribuciones de nuestras comunidades inmigrantes\u00bb, afirm\u00f3 <\/span><b>Samuel Vilchez Santiago, Director de la ABIC en Florida<\/b><span style=\"font-weight: 400;\">. \u00abLos inmigrantes han sido especialmente decisivos para el \u00e9xito econ\u00f3mico de nuestro estado al suplir la escasez cr\u00edtica de mano de obra en sectores clave, crear nuevos puestos de trabajo y pagar impuestos locales, estatales y federales. Pregunt\u00e9monos: \u00bfD\u00f3nde estar\u00edan esta comunidad y este estado si no fuera por el trabajo de los inmigrantes?\u00bb<\/span><\/p>\n<p><span style=\"font-weight: 400;\">\u00abComo portavoz de nuestra comunidad empresarial local, la C\u00e1mara de Comercio de Apopka ofrece a la comunidad mesas redondas sobre temas empresariales\u00bb, declar\u00f3 <\/span><b>Cate Manley, Presidenta y Directora General de la C\u00e1mara de Comercio del \u00c1rea de Apopka<\/b><span style=\"font-weight: 400;\">. <\/span><span style=\"font-weight: 400;\">\u00ab<\/span><span style=\"font-weight: 400;\">Ser conscientes y participar en los impactos sobre la mano de obra y la econom\u00eda da a las empresas la oportunidad de unirse para colaborar, adaptarse o cambiar de rumbo cuando sea necesario. Los inmigrantes son fundamentales para nuestra econom\u00eda local\u00bb.<\/span><\/p>\n<p><span style=\"font-weight: 400;\">\u00abLos inmigrantes que trabajan duro retribuyen a nuestra comunidad, hacen crecer nuestra econom\u00eda y hacen sacrificios para que sus hijos tengan la oportunidad de alcanzar su sue\u00f1o americano\u00bb, dijo <\/span><b>Felipe Sousa Lazaballet, Director Ejecutivo de Hope CommUnity<\/b><span style=\"font-weight: 400;\">. \u00ab<\/span><span style=\"font-weight: 400;\">La realidad es que los inmigrantes cubren carencias cr\u00edticas de mano de obra en sectores clave, sobre todo en la construcci\u00f3n, la hosteler\u00eda y la agricultura, lo cual es especialmente importante dada nuestra actual crisis de inflaci\u00f3n, agravada por unos niveles de escasez de mano de obra sin precedentes. Aqu\u00ed en Florida Central sabemos que nuestras empresas necesitan urgentemente nuevos trabajadores. Y de nuevo, los inmigrantes vienen aqu\u00ed a trabajar\u00bb.<\/span><\/p>\n<p><span style=\"font-weight: 400;\">\u00abSi Florida fuera un pa\u00eds, tendr\u00edamos la decimosexta econom\u00eda m\u00e1s grande del mundo\u00bb, dijo <\/span><b>Dave Sobush, Desarrollador Econ\u00f3mico Certificado y Director de Investigaci\u00f3n de la Fundaci\u00f3n C\u00e1mara de Florida<\/b><span style=\"font-weight: 400;\">.<\/span><span style=\"font-weight: 400;\">  \u00abFlorida sigue haciendo crecer su econom\u00eda, pero hay serios vientos en contra relacionados con el mercado laboral. Hemos visto descensos del empleo en sectores clave, como la construcci\u00f3n. Hay unas 404 mil vacantes de empleo en el estado de Florida. S\u00f3lo hay 280 mil personas buscando trabajo. Eso significa que hay 70 personas buscando trabajo por cada 100 puestos vacantes. El caso es peor en el condado de Orange, donde hay 60 personas buscando trabajo por cada 100 empleos abiertos\u00bb.<\/span><\/p>\n<p><b>ACERCA DE<\/b><\/p>\n<p><a href=\"https:\/\/abic.us\/\"><b>Coalici\u00f3n Empresarial Estadounidense para la Inmigraci\u00f3n<\/b> <b>(ABIC)<\/b><\/a> <span style=\"font-weight: 400;\">es una coalici\u00f3n bipartidista de m\u00e1s de 1.200 directores generales, empresarios y asociaciones comerciales de 17 estados, en su mayor\u00eda rojos y morados. La ABIC promueve una reforma de la inmigraci\u00f3n con sentido com\u00fan que fomente la competitividad econ\u00f3mica, proporcione a las empresas tanto el talento altamente cualificado como el poco cualificado que necesitan, y permita la integraci\u00f3n de los inmigrantes en nuestra econom\u00eda como consumidores, trabajadores, empresarios y ciudadanos.  <\/span><\/p>\n<p><a href=\"https:\/\/www.hcc-offm.org\/\"><b>Centro Comunitario Esperanza<\/b><\/a><span style=\"font-weight: 400;\">  fomenta comunidades de aprendizaje diversas y capacitadas, comprometidas con la transformaci\u00f3n personal y social. Mediante el servicio y la defensa, nos unimos a los inmigrantes y a otras personas tenaces y valientes frente a todos los sistemas de opresi\u00f3n.<\/span><\/p>\n<p><a href=\"https:\/\/www.apopkachamber.org\/\"><b>C\u00e1mara de Comercio del \u00c1rea de Apopka<\/b> <\/a><span style=\"font-weight: 400;\">desde 1913 ha servido al desarrollo econ\u00f3mico, la prosperidad y la sostenibilidad de nuestra comunidad y regi\u00f3n mediante la conectividad, el liderazgo, la educaci\u00f3n y el apoyo. Su visi\u00f3n es construir una comunidad pr\u00f3spera y sostenible mediante el liderazgo y el servicio.<\/span><\/p>\n","protected":false},"excerpt":{"rendered":"<p>\u00abUno de cada cinco residentes de Florida es inmigrante y nuestro estado se beneficia enormemente de la diversidad, la energ\u00eda y las contribuciones de nuestras comunidades inmigrantes\u00bb. &#8211; Samuel Vilchez&#8230;<\/p>\n","protected":false},"author":1,"featured_media":0,"comment_status":"closed","ping_status":"closed","sticky":false,"template":"","format":"standard","meta":{"footnotes":""},"categories":[71],"tags":[],"class_list":{"0":"post-35884","1":"post","2":"type-post","3":"status-publish","4":"format-standard","6":"category-declaraciones-y-comunicados"},"yoast_head":"<!-- This site is optimized with the Yoast SEO plugin v26.9 - https:\/\/yoast.com\/product\/yoast-seo-wordpress\/ -->\n<title>L\u00edderes de la agroindustria, la construcci\u00f3n y la hosteler\u00eda compartieron la contribuci\u00f3n de los inmigrantes a su mano de obra en la mesa redonda y almuerzo &quot;Crecemos en Apopka&quot;. &#8212; Coalici\u00f3n Americana de Inmigraci\u00f3n Empresarial<\/title>\n<meta name=\"robots\" content=\"index, follow, max-snippet:-1, max-image-preview:large, max-video-preview:-1\" \/>\n<link rel=\"canonical\" href=\"https:\/\/abic.us\/es\/lideres-de-la-agroindustria-la-construccion-y-la-hosteleria-compartieron-la-contribucion-de-los-inmigrantes-a-su-mano-de-obra-en-la-mesa-redonda-y-almuerzo-crecemos-en-apopka\/\" \/>\n<meta property=\"og:locale\" content=\"es_ES\" \/>\n<meta property=\"og:type\" content=\"article\" \/>\n<meta property=\"og:title\" content=\"L\u00edderes de la agroindustria, la construcci\u00f3n y la hosteler\u00eda compartieron la contribuci\u00f3n de los inmigrantes a su mano de obra en la mesa redonda y almuerzo &quot;Crecemos en Apopka&quot;. &#8212; Coalici\u00f3n Americana de Inmigraci\u00f3n Empresarial\" \/>\n<meta property=\"og:description\" content=\"\u00abUno de cada cinco residentes de Florida es inmigrante y nuestro estado se beneficia enormemente de la diversidad, la energ\u00eda y las contribuciones de nuestras comunidades inmigrantes\u00bb. &#8211; Samuel Vilchez...\" \/>\n<meta property=\"og:url\" content=\"https:\/\/abic.us\/es\/lideres-de-la-agroindustria-la-construccion-y-la-hosteleria-compartieron-la-contribucion-de-los-inmigrantes-a-su-mano-de-obra-en-la-mesa-redonda-y-almuerzo-crecemos-en-apopka\/\" \/>\n<meta property=\"og:site_name\" content=\"Coalici\u00f3n Americana de Inmigraci\u00f3n Empresarial\" \/>\n<meta property=\"article:publisher\" content=\"https:\/\/www.facebook.com\/AmericanBIC\" \/>\n<meta property=\"article:published_time\" content=\"2023-04-24T20:19:04+00:00\" \/>\n<meta property=\"og:image\" content=\"https:\/\/abic.us\/wp-content\/uploads\/2021\/12\/ABIC-Meta-Image.jpg\" \/>\n\t<meta property=\"og:image:width\" content=\"1200\" \/>\n\t<meta property=\"og:image:height\" content=\"630\" \/>\n\t<meta property=\"og:image:type\" content=\"image\/jpeg\" \/>\n<meta name=\"author\" content=\"abic\" \/>\n<meta name=\"twitter:card\" content=\"summary_large_image\" \/>\n<meta name=\"twitter:creator\" content=\"@AmericanBIC\" \/>\n<meta name=\"twitter:site\" content=\"@AmericanBIC\" \/>\n<meta name=\"twitter:label1\" content=\"Escrito por\" \/>\n\t<meta name=\"twitter:data1\" content=\"abic\" \/>\n\t<meta name=\"twitter:label2\" content=\"Tiempo de lectura\" \/>\n\t<meta name=\"twitter:data2\" content=\"4 minutos\" \/>\n<script type=\"application\/ld+json\" class=\"yoast-schema-graph\">{\"@context\":\"https:\/\/schema.org\",\"@graph\":[{\"@type\":\"Article\",\"@id\":\"https:\/\/abic.us\/es\/lideres-de-la-agroindustria-la-construccion-y-la-hosteleria-compartieron-la-contribucion-de-los-inmigrantes-a-su-mano-de-obra-en-la-mesa-redonda-y-almuerzo-crecemos-en-apopka\/#article\",\"isPartOf\":{\"@id\":\"https:\/\/abic.us\/es\/lideres-de-la-agroindustria-la-construccion-y-la-hosteleria-compartieron-la-contribucion-de-los-inmigrantes-a-su-mano-de-obra-en-la-mesa-redonda-y-almuerzo-crecemos-en-apopka\/\"},\"author\":{\"name\":\"abic\",\"@id\":\"https:\/\/abic.us\/es\/#\/schema\/person\/58547098a0d3b973c110fd8a36f0e0bb\"},\"headline\":\"L\u00edderes de la agroindustria, la construcci\u00f3n y la hosteler\u00eda compartieron la contribuci\u00f3n de los inmigrantes a su mano de obra en la mesa redonda y almuerzo \u00abCrecemos en Apopka\u00bb.\",\"datePublished\":\"2023-04-24T20:19:04+00:00\",\"mainEntityOfPage\":{\"@id\":\"https:\/\/abic.us\/es\/lideres-de-la-agroindustria-la-construccion-y-la-hosteleria-compartieron-la-contribucion-de-los-inmigrantes-a-su-mano-de-obra-en-la-mesa-redonda-y-almuerzo-crecemos-en-apopka\/\"},\"wordCount\":755,\"publisher\":{\"@id\":\"https:\/\/abic.us\/es\/#organization\"},\"articleSection\":[\"Declaraciones y comunicados\"],\"inLanguage\":\"es\"},{\"@type\":\"WebPage\",\"@id\":\"https:\/\/abic.us\/es\/lideres-de-la-agroindustria-la-construccion-y-la-hosteleria-compartieron-la-contribucion-de-los-inmigrantes-a-su-mano-de-obra-en-la-mesa-redonda-y-almuerzo-crecemos-en-apopka\/\",\"url\":\"https:\/\/abic.us\/es\/lideres-de-la-agroindustria-la-construccion-y-la-hosteleria-compartieron-la-contribucion-de-los-inmigrantes-a-su-mano-de-obra-en-la-mesa-redonda-y-almuerzo-crecemos-en-apopka\/\",\"name\":\"L\u00edderes de la agroindustria, la construcci\u00f3n y la hosteler\u00eda compartieron la contribuci\u00f3n de los inmigrantes a su mano de obra en la mesa redonda y almuerzo \\\"Crecemos en Apopka\\\". &#8212; Coalici\u00f3n Americana de Inmigraci\u00f3n Empresarial\",\"isPartOf\":{\"@id\":\"https:\/\/abic.us\/es\/#website\"},\"datePublished\":\"2023-04-24T20:19:04+00:00\",\"breadcrumb\":{\"@id\":\"https:\/\/abic.us\/es\/lideres-de-la-agroindustria-la-construccion-y-la-hosteleria-compartieron-la-contribucion-de-los-inmigrantes-a-su-mano-de-obra-en-la-mesa-redonda-y-almuerzo-crecemos-en-apopka\/#breadcrumb\"},\"inLanguage\":\"es\",\"potentialAction\":[{\"@type\":\"ReadAction\",\"target\":[\"https:\/\/abic.us\/es\/lideres-de-la-agroindustria-la-construccion-y-la-hosteleria-compartieron-la-contribucion-de-los-inmigrantes-a-su-mano-de-obra-en-la-mesa-redonda-y-almuerzo-crecemos-en-apopka\/\"]}]},{\"@type\":\"BreadcrumbList\",\"@id\":\"https:\/\/abic.us\/es\/lideres-de-la-agroindustria-la-construccion-y-la-hosteleria-compartieron-la-contribucion-de-los-inmigrantes-a-su-mano-de-obra-en-la-mesa-redonda-y-almuerzo-crecemos-en-apopka\/#breadcrumb\",\"itemListElement\":[{\"@type\":\"ListItem\",\"position\":1,\"name\":\"Hogar\",\"item\":\"https:\/\/abic.us\/es\/\"},{\"@type\":\"ListItem\",\"position\":2,\"name\":\"L\u00edderes de la agroindustria, la construcci\u00f3n y la hosteler\u00eda compartieron la contribuci\u00f3n de los inmigrantes a su mano de obra en la mesa redonda y almuerzo \u00abCrecemos en Apopka\u00bb.\"}]},{\"@type\":\"WebSite\",\"@id\":\"https:\/\/abic.us\/es\/#website\",\"url\":\"https:\/\/abic.us\/es\/\",\"name\":\"Coalici\u00f3n Americana de Inmigraci\u00f3n Empresarial\",\"description\":\"Juntos, promoveremos una reforma migratoria sensata que crezca empleos, fortalezca nuestra econom\u00eda y beneficie a todas las familias estadounidenses.\",\"publisher\":{\"@id\":\"https:\/\/abic.us\/es\/#organization\"},\"potentialAction\":[{\"@type\":\"SearchAction\",\"target\":{\"@type\":\"EntryPoint\",\"urlTemplate\":\"https:\/\/abic.us\/es\/?s={search_term_string}\"},\"query-input\":{\"@type\":\"PropertyValueSpecification\",\"valueRequired\":true,\"valueName\":\"search_term_string\"}}],\"inLanguage\":\"es\"},{\"@type\":\"Organization\",\"@id\":\"https:\/\/abic.us\/es\/#organization\",\"name\":\"American Business Immigration Coalition\",\"url\":\"https:\/\/abic.us\/es\/\",\"logo\":{\"@type\":\"ImageObject\",\"inLanguage\":\"es\",\"@id\":\"https:\/\/abic.us\/es\/#\/schema\/logo\/image\/\",\"url\":\"https:\/\/abic.us\/wp-content\/uploads\/2021\/11\/ABIC-Logo.png\",\"contentUrl\":\"https:\/\/abic.us\/wp-content\/uploads\/2021\/11\/ABIC-Logo.png\",\"width\":1000,\"height\":260,\"caption\":\"American Business Immigration Coalition\"},\"image\":{\"@id\":\"https:\/\/abic.us\/es\/#\/schema\/logo\/image\/\"},\"sameAs\":[\"https:\/\/www.facebook.com\/AmericanBIC\",\"https:\/\/x.com\/AmericanBIC\"]},{\"@type\":\"Person\",\"@id\":\"https:\/\/abic.us\/es\/#\/schema\/person\/58547098a0d3b973c110fd8a36f0e0bb\",\"name\":\"abic\",\"image\":{\"@type\":\"ImageObject\",\"inLanguage\":\"es\",\"@id\":\"https:\/\/abic.us\/es\/#\/schema\/person\/image\/\",\"url\":\"https:\/\/secure.gravatar.com\/avatar\/4a2893b0ce0ce34781c1e0a9251ffe4322e67c4e95cdf48463d10701c3bd4c8e?s=96&d=mm&r=g\",\"contentUrl\":\"https:\/\/secure.gravatar.com\/avatar\/4a2893b0ce0ce34781c1e0a9251ffe4322e67c4e95cdf48463d10701c3bd4c8e?s=96&d=mm&r=g\",\"caption\":\"abic\"},\"sameAs\":[\"https:\/\/abic.wpengine.com\"]}]}<\/script>\n<!-- \/ Yoast SEO plugin. -->","yoast_head_json":{"title":"L\u00edderes de la agroindustria, la construcci\u00f3n y la hosteler\u00eda compartieron la contribuci\u00f3n de los inmigrantes a su mano de obra en la mesa redonda y almuerzo \"Crecemos en Apopka\". &#8212; Coalici\u00f3n Americana de Inmigraci\u00f3n Empresarial","robots":{"index":"index","follow":"follow","max-snippet":"max-snippet:-1","max-image-preview":"max-image-preview:large","max-video-preview":"max-video-preview:-1"},"canonical":"https:\/\/abic.us\/es\/lideres-de-la-agroindustria-la-construccion-y-la-hosteleria-compartieron-la-contribucion-de-los-inmigrantes-a-su-mano-de-obra-en-la-mesa-redonda-y-almuerzo-crecemos-en-apopka\/","og_locale":"es_ES","og_type":"article","og_title":"L\u00edderes de la agroindustria, la construcci\u00f3n y la hosteler\u00eda compartieron la contribuci\u00f3n de los inmigrantes a su mano de obra en la mesa redonda y almuerzo \"Crecemos en Apopka\". &#8212; Coalici\u00f3n Americana de Inmigraci\u00f3n Empresarial","og_description":"\u00abUno de cada cinco residentes de Florida es inmigrante y nuestro estado se beneficia enormemente de la diversidad, la energ\u00eda y las contribuciones de nuestras comunidades inmigrantes\u00bb. &#8211; Samuel Vilchez...","og_url":"https:\/\/abic.us\/es\/lideres-de-la-agroindustria-la-construccion-y-la-hosteleria-compartieron-la-contribucion-de-los-inmigrantes-a-su-mano-de-obra-en-la-mesa-redonda-y-almuerzo-crecemos-en-apopka\/","og_site_name":"Coalici\u00f3n Americana de Inmigraci\u00f3n Empresarial","article_publisher":"https:\/\/www.facebook.com\/AmericanBIC","article_published_time":"2023-04-24T20:19:04+00:00","og_image":[{"width":1200,"height":630,"url":"https:\/\/abic.us\/wp-content\/uploads\/2021\/12\/ABIC-Meta-Image.jpg","type":"image\/jpeg"}],"author":"abic","twitter_card":"summary_large_image","twitter_creator":"@AmericanBIC","twitter_site":"@AmericanBIC","twitter_misc":{"Escrito por":"abic","Tiempo de lectura":"4 minutos"},"schema":{"@context":"https:\/\/schema.org","@graph":[{"@type":"Article","@id":"https:\/\/abic.us\/es\/lideres-de-la-agroindustria-la-construccion-y-la-hosteleria-compartieron-la-contribucion-de-los-inmigrantes-a-su-mano-de-obra-en-la-mesa-redonda-y-almuerzo-crecemos-en-apopka\/#article","isPartOf":{"@id":"https:\/\/abic.us\/es\/lideres-de-la-agroindustria-la-construccion-y-la-hosteleria-compartieron-la-contribucion-de-los-inmigrantes-a-su-mano-de-obra-en-la-mesa-redonda-y-almuerzo-crecemos-en-apopka\/"},"author":{"name":"abic","@id":"https:\/\/abic.us\/es\/#\/schema\/person\/58547098a0d3b973c110fd8a36f0e0bb"},"headline":"L\u00edderes de la agroindustria, la construcci\u00f3n y la hosteler\u00eda compartieron la contribuci\u00f3n de los inmigrantes a su mano de obra en la mesa redonda y almuerzo \u00abCrecemos en Apopka\u00bb.","datePublished":"2023-04-24T20:19:04+00:00","mainEntityOfPage":{"@id":"https:\/\/abic.us\/es\/lideres-de-la-agroindustria-la-construccion-y-la-hosteleria-compartieron-la-contribucion-de-los-inmigrantes-a-su-mano-de-obra-en-la-mesa-redonda-y-almuerzo-crecemos-en-apopka\/"},"wordCount":755,"publisher":{"@id":"https:\/\/abic.us\/es\/#organization"},"articleSection":["Declaraciones y comunicados"],"inLanguage":"es"},{"@type":"WebPage","@id":"https:\/\/abic.us\/es\/lideres-de-la-agroindustria-la-construccion-y-la-hosteleria-compartieron-la-contribucion-de-los-inmigrantes-a-su-mano-de-obra-en-la-mesa-redonda-y-almuerzo-crecemos-en-apopka\/","url":"https:\/\/abic.us\/es\/lideres-de-la-agroindustria-la-construccion-y-la-hosteleria-compartieron-la-contribucion-de-los-inmigrantes-a-su-mano-de-obra-en-la-mesa-redonda-y-almuerzo-crecemos-en-apopka\/","name":"L\u00edderes de la agroindustria, la construcci\u00f3n y la hosteler\u00eda compartieron la contribuci\u00f3n de los inmigrantes a su mano de obra en la mesa redonda y almuerzo \"Crecemos en Apopka\". &#8212; Coalici\u00f3n Americana de Inmigraci\u00f3n Empresarial","isPartOf":{"@id":"https:\/\/abic.us\/es\/#website"},"datePublished":"2023-04-24T20:19:04+00:00","breadcrumb":{"@id":"https:\/\/abic.us\/es\/lideres-de-la-agroindustria-la-construccion-y-la-hosteleria-compartieron-la-contribucion-de-los-inmigrantes-a-su-mano-de-obra-en-la-mesa-redonda-y-almuerzo-crecemos-en-apopka\/#breadcrumb"},"inLanguage":"es","potentialAction":[{"@type":"ReadAction","target":["https:\/\/abic.us\/es\/lideres-de-la-agroindustria-la-construccion-y-la-hosteleria-compartieron-la-contribucion-de-los-inmigrantes-a-su-mano-de-obra-en-la-mesa-redonda-y-almuerzo-crecemos-en-apopka\/"]}]},{"@type":"BreadcrumbList","@id":"https:\/\/abic.us\/es\/lideres-de-la-agroindustria-la-construccion-y-la-hosteleria-compartieron-la-contribucion-de-los-inmigrantes-a-su-mano-de-obra-en-la-mesa-redonda-y-almuerzo-crecemos-en-apopka\/#breadcrumb","itemListElement":[{"@type":"ListItem","position":1,"name":"Hogar","item":"https:\/\/abic.us\/es\/"},{"@type":"ListItem","position":2,"name":"L\u00edderes de la agroindustria, la construcci\u00f3n y la hosteler\u00eda compartieron la contribuci\u00f3n de los inmigrantes a su mano de obra en la mesa redonda y almuerzo \u00abCrecemos en Apopka\u00bb."}]},{"@type":"WebSite","@id":"https:\/\/abic.us\/es\/#website","url":"https:\/\/abic.us\/es\/","name":"Coalici\u00f3n Americana de Inmigraci\u00f3n Empresarial","description":"Juntos, promoveremos una reforma migratoria sensata que crezca empleos, fortalezca nuestra econom\u00eda y beneficie a todas las familias estadounidenses.","publisher":{"@id":"https:\/\/abic.us\/es\/#organization"},"potentialAction":[{"@type":"SearchAction","target":{"@type":"EntryPoint","urlTemplate":"https:\/\/abic.us\/es\/?s={search_term_string}"},"query-input":{"@type":"PropertyValueSpecification","valueRequired":true,"valueName":"search_term_string"}}],"inLanguage":"es"},{"@type":"Organization","@id":"https:\/\/abic.us\/es\/#organization","name":"American Business Immigration Coalition","url":"https:\/\/abic.us\/es\/","logo":{"@type":"ImageObject","inLanguage":"es","@id":"https:\/\/abic.us\/es\/#\/schema\/logo\/image\/","url":"https:\/\/abic.us\/wp-content\/uploads\/2021\/11\/ABIC-Logo.png","contentUrl":"https:\/\/abic.us\/wp-content\/uploads\/2021\/11\/ABIC-Logo.png","width":1000,"height":260,"caption":"American Business Immigration Coalition"},"image":{"@id":"https:\/\/abic.us\/es\/#\/schema\/logo\/image\/"},"sameAs":["https:\/\/www.facebook.com\/AmericanBIC","https:\/\/x.com\/AmericanBIC"]},{"@type":"Person","@id":"https:\/\/abic.us\/es\/#\/schema\/person\/58547098a0d3b973c110fd8a36f0e0bb","name":"abic","image":{"@type":"ImageObject","inLanguage":"es","@id":"https:\/\/abic.us\/es\/#\/schema\/person\/image\/","url":"https:\/\/secure.gravatar.com\/avatar\/4a2893b0ce0ce34781c1e0a9251ffe4322e67c4e95cdf48463d10701c3bd4c8e?s=96&d=mm&r=g","contentUrl":"https:\/\/secure.gravatar.com\/avatar\/4a2893b0ce0ce34781c1e0a9251ffe4322e67c4e95cdf48463d10701c3bd4c8e?s=96&d=mm&r=g","caption":"abic"},"sameAs":["https:\/\/abic.wpengine.com"]}]}},"_links":{"self":[{"href":"https:\/\/abic.us\/es\/wp-json\/wp\/v2\/posts\/35884","targetHints":{"allow":["GET"]}}],"collection":[{"href":"https:\/\/abic.us\/es\/wp-json\/wp\/v2\/posts"}],"about":[{"href":"https:\/\/abic.us\/es\/wp-json\/wp\/v2\/types\/post"}],"author":[{"embeddable":true,"href":"https:\/\/abic.us\/es\/wp-json\/wp\/v2\/users\/1"}],"replies":[{"embeddable":true,"href":"https:\/\/abic.us\/es\/wp-json\/wp\/v2\/comments?post=35884"}],"version-history":[{"count":0,"href":"https:\/\/abic.us\/es\/wp-json\/wp\/v2\/posts\/35884\/revisions"}],"wp:attachment":[{"href":"https:\/\/abic.us\/es\/wp-json\/wp\/v2\/media?parent=35884"}],"wp:term":[{"taxonomy":"category","embeddable":true,"href":"https:\/\/abic.us\/es\/wp-json\/wp\/v2\/categories?post=35884"},{"taxonomy":"post_tag","embeddable":true,"href":"https:\/\/abic.us\/es\/wp-json\/wp\/v2\/tags?post=35884"}],"curies":[{"name":"wp","href":"https:\/\/api.w.org\/{rel}","templated":true}]}}