{"id":35863,"date":"2023-01-31T21:12:11","date_gmt":"2023-01-31T21:12:11","guid":{"rendered":"https:\/\/abic.us\/la-abic-y-abic-action-contratan-a-enrique-davis-mazlum-como-director-estatal-de-arizona\/"},"modified":"2023-01-31T21:12:11","modified_gmt":"2023-01-31T21:12:11","slug":"la-abic-y-abic-action-contratan-a-enrique-davis-mazlum-como-director-estatal-de-arizona","status":"publish","type":"post","link":"https:\/\/abic.us\/es\/la-abic-y-abic-action-contratan-a-enrique-davis-mazlum-como-director-estatal-de-arizona\/","title":{"rendered":"La ABIC y ABIC Action contratan a Enrique Davis-Mazlum como Director Estatal de Arizona"},"content":{"rendered":"<div><img loading=\"lazy\" decoding=\"async\" class=\"alignnone size-medium wp-image-35136\" src=\"https:\/\/abic.us\/wp-content\/uploads\/2022\/02\/ABIC-Logo-300x65.png\" alt=\"\" width=\"300\" height=\"65\" srcset=\"https:\/\/abic.us\/wp-content\/uploads\/2022\/02\/ABIC-Logo-300x65.png 300w, https:\/\/abic.us\/wp-content\/uploads\/2022\/02\/ABIC-Logo-350x77.png 350w, https:\/\/abic.us\/wp-content\/uploads\/2022\/02\/ABIC-Logo.png 357w\" sizes=\"auto, (max-width: 300px) 100vw, 300px\" \/> <img loading=\"lazy\" decoding=\"async\" class=\"alignnone size-medium wp-image-35507\" src=\"https:\/\/abic.us\/wp-content\/uploads\/2023\/01\/ABIC-Action-Logo-640x200-1-300x94.png\" alt=\"\" width=\"300\" height=\"94\" srcset=\"https:\/\/abic.us\/wp-content\/uploads\/2023\/01\/ABIC-Action-Logo-640x200-1-300x94.png 300w, https:\/\/abic.us\/wp-content\/uploads\/2023\/01\/ABIC-Action-Logo-640x200-1.png 640w\" sizes=\"auto, (max-width: 300px) 100vw, 300px\" \/><\/div>\n<div><\/div>\n<div><strong>PHOENIX, AZ &#8211; <\/strong>Hoy, la <strong>American Business Immigration Coalition (ABIC<\/strong> ) y su brazo pol\u00edtico, <strong>ABIC Action<\/strong>, han anunciado la contrataci\u00f3n de <strong>Enrique Davis-Mazlum<\/strong> como nuevo Director Estatal de ABIC y ABIC Action en Arizona. Antes de incorporarse a la ABIC y a ABIC Action, Enrique fue Director de la Campa\u00f1a LUCHA Azul en Arizona. Davis-Mazlum aporta m\u00e1s de dos d\u00e9cadas de campa\u00f1as pol\u00edticas de base a escala internacional.<\/div>\n<div><\/div>\n<div>Durante su mandato en LUCHA, Davis-Mazlum trabaj\u00f3 estrechamente con ABIC Action en la  <a href=\"https:\/\/t.nylas.com\/t1\/132\/eqre869p36v6vq1rqbfp0v2cg\/1\/1f03f820a04c760ec2956d62105209207a446d51dcbd855d403aae28d25ef1c8\" target=\"_blank\" rel=\"noopener\" data-saferedirecturl=\"https:\/\/www.google.com\/url?q=https:\/\/t.nylas.com\/t1\/132\/eqre869p36v6vq1rqbfp0v2cg\/1\/1f03f820a04c760ec2956d62105209207a446d51dcbd855d403aae28d25ef1c8&amp;source=gmail&amp;ust=1675285325991000&amp;usg=AOvVaw174H0f4lRb1VFjPiaH-VWe\">S\u00ed a la 308<\/a>  que contribuy\u00f3 a una victoria hist\u00f3rica en Arizona, el primer estado de la historia de Estados Unidos en aprobar una iniciativa electoral que permite a los So\u00f1adores de Arizona pagar la misma matr\u00edcula estatal para asistir a los colegios y universidades de Arizona que los graduados de secundaria documentados del estado.<\/div>\n<div><\/div>\n<div>Adem\u00e1s, Davis-Mazlum tiene un doctorado en Ciencias Pol\u00edticas y ha ense\u00f1ado en varias universidades, m\u00e1s recientemente en la Universidad de Arizona.<\/div>\n<div><\/div>\n<div>Puedes encontrar m\u00e1s informaci\u00f3n sobre Enrique Davis-Mazlum en la <a href=\"https:\/\/t.nylas.com\/t1\/132\/eqre869p36v6vq1rqbfp0v2cg\/2\/45885ea9ff7c4a96deb09b29833c043b04ba8c8ab0f74e5ffe0d972c86d8331a\" target=\"_blank\" rel=\"noopener\" data-saferedirecturl=\"https:\/\/www.google.com\/url?q=https:\/\/t.nylas.com\/t1\/132\/eqre869p36v6vq1rqbfp0v2cg\/2\/45885ea9ff7c4a96deb09b29833c043b04ba8c8ab0f74e5ffe0d972c86d8331a&amp;source=gmail&amp;ust=1675285325991000&amp;usg=AOvVaw1FvxRE3nAb9GktcL0XIOuq\">p\u00e1gina de la empresa Qui\u00e9nes somos<\/a> en <a href=\"https:\/\/t.nylas.com\/t1\/132\/eqre869p36v6vq1rqbfp0v2cg\/3\/2470c2a9360f3656ceacbe72ce3fcecf27d6bbfb116d45721ef2e8665641a4a3\" target=\"_blank\" rel=\"noopener\" data-saferedirecturl=\"https:\/\/www.google.com\/url?q=https:\/\/t.nylas.com\/t1\/132\/eqre869p36v6vq1rqbfp0v2cg\/3\/2470c2a9360f3656ceacbe72ce3fcecf27d6bbfb116d45721ef2e8665641a4a3&amp;source=gmail&amp;ust=1675285325991000&amp;usg=AOvVaw179A3_ea2i-o1iK_2EpEKg\">Conoce a nuestro equipo &#8211; American Business Immigration Coalition<\/a><\/div>\n<div><\/div>\n<div><\/div>\n<div><strong>ACERCA DE<\/strong><\/div>\n<div><a href=\"https:\/\/t.nylas.com\/t1\/132\/eqre869p36v6vq1rqbfp0v2cg\/4\/55bfba275a89d268029fdadeea26ecda5d4d7b12fde4442efe8201de0f38e929\" target=\"_blank\" rel=\"noopener\" data-saferedirecturl=\"https:\/\/www.google.com\/url?q=https:\/\/t.nylas.com\/t1\/132\/eqre869p36v6vq1rqbfp0v2cg\/4\/55bfba275a89d268029fdadeea26ecda5d4d7b12fde4442efe8201de0f38e929&amp;source=gmail&amp;ust=1675285325991000&amp;usg=AOvVaw0EU4Xw70v_Lx2I4wgzw58H\"><strong>Coalici\u00f3n Empresarial Estadounidense para la Inmigraci\u00f3n<\/strong> <strong>(ABIC)<\/strong><\/a> es una coalici\u00f3n bipartidista de m\u00e1s de 1.200 directores generales, empresarios y asociaciones comerciales de 17 estados, en su mayor\u00eda rojos y morados. La ABIC promueve una reforma de la inmigraci\u00f3n con sentido com\u00fan que fomente la competitividad econ\u00f3mica, proporcione a las empresas tanto el talento altamente cualificado como el poco cualificado que necesitan, y permita la integraci\u00f3n de los inmigrantes en nuestra econom\u00eda como consumidores, trabajadores, empresarios y ciudadanos.<\/div>\n<div><\/div>\n<div><a href=\"https:\/\/t.nylas.com\/t1\/132\/eqre869p36v6vq1rqbfp0v2cg\/5\/f8441d6ae18af345904d01956f9da19d398fb30eec1824eda3f1776b03542002\" target=\"_blank\" rel=\"noopener\" data-saferedirecturl=\"https:\/\/www.google.com\/url?q=https:\/\/t.nylas.com\/t1\/132\/eqre869p36v6vq1rqbfp0v2cg\/5\/f8441d6ae18af345904d01956f9da19d398fb30eec1824eda3f1776b03542002&amp;source=gmail&amp;ust=1675285325991000&amp;usg=AOvVaw0D_nnw_x9i7aPKa9wa6tbg\"><br \/>\n  <strong>Acci\u00f3n ABIC<\/strong><br \/>\n<\/a> es el brazo pol\u00edtico de la Coalici\u00f3n Empresarial Estadounidense por la Inmigraci\u00f3n (ABIC), una coalici\u00f3n bipartidista de m\u00e1s de 1.200 directores generales, empresarios y asociaciones comerciales de 17 estados, en su mayor\u00eda rojos y morados. ABIC Action promueve una reforma de la inmigraci\u00f3n con sentido com\u00fan que fomente la competitividad econ\u00f3mica, proporcione a las empresas tanto el talento altamente cualificado como el poco cualificado que necesitan, y permita la integraci\u00f3n de los inmigrantes en nuestra econom\u00eda como consumidores, trabajadores, empresarios y ciudadanos.<\/div>\n","protected":false},"excerpt":{"rendered":"<p>PHOENIX, AZ &#8211; Hoy, la American Business Immigration Coalition (ABIC ) y su brazo pol\u00edtico, ABIC Action, han anunciado la contrataci\u00f3n de Enrique Davis-Mazlum como nuevo Director Estatal de ABIC&#8230;<\/p>\n","protected":false},"author":1,"featured_media":0,"comment_status":"closed","ping_status":"closed","sticky":false,"template":"","format":"standard","meta":{"footnotes":""},"categories":[71,66],"tags":[],"class_list":{"0":"post-35863","1":"post","2":"type-post","3":"status-publish","4":"format-standard","6":"category-declaraciones-y-comunicados","7":"category-noticias-de-arizona"},"yoast_head":"<!-- This site is optimized with the Yoast SEO plugin v26.9 - https:\/\/yoast.com\/product\/yoast-seo-wordpress\/ -->\n<title>La ABIC y ABIC Action contratan a Enrique Davis-Mazlum como Director Estatal de Arizona &#8212; Coalici\u00f3n Americana de Inmigraci\u00f3n Empresarial<\/title>\n<meta name=\"robots\" content=\"index, follow, max-snippet:-1, max-image-preview:large, max-video-preview:-1\" \/>\n<link rel=\"canonical\" href=\"https:\/\/abic.us\/es\/la-abic-y-abic-action-contratan-a-enrique-davis-mazlum-como-director-estatal-de-arizona\/\" \/>\n<meta property=\"og:locale\" content=\"es_ES\" \/>\n<meta property=\"og:type\" content=\"article\" \/>\n<meta property=\"og:title\" content=\"La ABIC y ABIC Action contratan a Enrique Davis-Mazlum como Director Estatal de Arizona &#8212; Coalici\u00f3n Americana de Inmigraci\u00f3n Empresarial\" \/>\n<meta property=\"og:description\" content=\"PHOENIX, AZ &#8211; Hoy, la American Business Immigration Coalition (ABIC ) y su brazo pol\u00edtico, ABIC Action, han anunciado la contrataci\u00f3n de Enrique Davis-Mazlum como nuevo Director Estatal de ABIC...\" \/>\n<meta property=\"og:url\" content=\"https:\/\/abic.us\/es\/la-abic-y-abic-action-contratan-a-enrique-davis-mazlum-como-director-estatal-de-arizona\/\" \/>\n<meta property=\"og:site_name\" content=\"Coalici\u00f3n Americana de Inmigraci\u00f3n Empresarial\" \/>\n<meta property=\"article:publisher\" content=\"https:\/\/www.facebook.com\/AmericanBIC\" \/>\n<meta property=\"article:published_time\" content=\"2023-01-31T21:12:11+00:00\" \/>\n<meta property=\"og:image\" content=\"https:\/\/abic.us\/wp-content\/uploads\/2022\/02\/ABIC-Logo-300x65.png\" \/>\n<meta name=\"author\" content=\"abic\" \/>\n<meta name=\"twitter:card\" content=\"summary_large_image\" \/>\n<meta name=\"twitter:creator\" content=\"@AmericanBIC\" \/>\n<meta name=\"twitter:site\" content=\"@AmericanBIC\" \/>\n<meta name=\"twitter:label1\" content=\"Escrito por\" \/>\n\t<meta name=\"twitter:data1\" content=\"abic\" \/>\n\t<meta name=\"twitter:label2\" content=\"Tiempo de lectura\" \/>\n\t<meta name=\"twitter:data2\" content=\"2 minutos\" \/>\n<script type=\"application\/ld+json\" class=\"yoast-schema-graph\">{\"@context\":\"https:\/\/schema.org\",\"@graph\":[{\"@type\":\"Article\",\"@id\":\"https:\/\/abic.us\/es\/la-abic-y-abic-action-contratan-a-enrique-davis-mazlum-como-director-estatal-de-arizona\/#article\",\"isPartOf\":{\"@id\":\"https:\/\/abic.us\/es\/la-abic-y-abic-action-contratan-a-enrique-davis-mazlum-como-director-estatal-de-arizona\/\"},\"author\":{\"name\":\"abic\",\"@id\":\"https:\/\/abic.us\/es\/#\/schema\/person\/58547098a0d3b973c110fd8a36f0e0bb\"},\"headline\":\"La ABIC y ABIC Action contratan a Enrique Davis-Mazlum como Director Estatal de Arizona\",\"datePublished\":\"2023-01-31T21:12:11+00:00\",\"mainEntityOfPage\":{\"@id\":\"https:\/\/abic.us\/es\/la-abic-y-abic-action-contratan-a-enrique-davis-mazlum-como-director-estatal-de-arizona\/\"},\"wordCount\":394,\"publisher\":{\"@id\":\"https:\/\/abic.us\/es\/#organization\"},\"image\":{\"@id\":\"https:\/\/abic.us\/es\/la-abic-y-abic-action-contratan-a-enrique-davis-mazlum-como-director-estatal-de-arizona\/#primaryimage\"},\"thumbnailUrl\":\"https:\/\/abic.us\/wp-content\/uploads\/2022\/02\/ABIC-Logo-300x65.png\",\"articleSection\":[\"Declaraciones y comunicados\",\"Noticias de Arizona\"],\"inLanguage\":\"es\"},{\"@type\":\"WebPage\",\"@id\":\"https:\/\/abic.us\/es\/la-abic-y-abic-action-contratan-a-enrique-davis-mazlum-como-director-estatal-de-arizona\/\",\"url\":\"https:\/\/abic.us\/es\/la-abic-y-abic-action-contratan-a-enrique-davis-mazlum-como-director-estatal-de-arizona\/\",\"name\":\"La ABIC y ABIC Action contratan a Enrique Davis-Mazlum como Director Estatal de Arizona &#8212; Coalici\u00f3n Americana de Inmigraci\u00f3n Empresarial\",\"isPartOf\":{\"@id\":\"https:\/\/abic.us\/es\/#website\"},\"primaryImageOfPage\":{\"@id\":\"https:\/\/abic.us\/es\/la-abic-y-abic-action-contratan-a-enrique-davis-mazlum-como-director-estatal-de-arizona\/#primaryimage\"},\"image\":{\"@id\":\"https:\/\/abic.us\/es\/la-abic-y-abic-action-contratan-a-enrique-davis-mazlum-como-director-estatal-de-arizona\/#primaryimage\"},\"thumbnailUrl\":\"https:\/\/abic.us\/wp-content\/uploads\/2022\/02\/ABIC-Logo-300x65.png\",\"datePublished\":\"2023-01-31T21:12:11+00:00\",\"breadcrumb\":{\"@id\":\"https:\/\/abic.us\/es\/la-abic-y-abic-action-contratan-a-enrique-davis-mazlum-como-director-estatal-de-arizona\/#breadcrumb\"},\"inLanguage\":\"es\",\"potentialAction\":[{\"@type\":\"ReadAction\",\"target\":[\"https:\/\/abic.us\/es\/la-abic-y-abic-action-contratan-a-enrique-davis-mazlum-como-director-estatal-de-arizona\/\"]}]},{\"@type\":\"ImageObject\",\"inLanguage\":\"es\",\"@id\":\"https:\/\/abic.us\/es\/la-abic-y-abic-action-contratan-a-enrique-davis-mazlum-como-director-estatal-de-arizona\/#primaryimage\",\"url\":\"https:\/\/abic.us\/wp-content\/uploads\/2022\/02\/ABIC-Logo-300x65.png\",\"contentUrl\":\"https:\/\/abic.us\/wp-content\/uploads\/2022\/02\/ABIC-Logo-300x65.png\"},{\"@type\":\"BreadcrumbList\",\"@id\":\"https:\/\/abic.us\/es\/la-abic-y-abic-action-contratan-a-enrique-davis-mazlum-como-director-estatal-de-arizona\/#breadcrumb\",\"itemListElement\":[{\"@type\":\"ListItem\",\"position\":1,\"name\":\"Hogar\",\"item\":\"https:\/\/abic.us\/es\/\"},{\"@type\":\"ListItem\",\"position\":2,\"name\":\"La ABIC y ABIC Action contratan a Enrique Davis-Mazlum como Director Estatal de Arizona\"}]},{\"@type\":\"WebSite\",\"@id\":\"https:\/\/abic.us\/es\/#website\",\"url\":\"https:\/\/abic.us\/es\/\",\"name\":\"Coalici\u00f3n Americana de Inmigraci\u00f3n Empresarial\",\"description\":\"Juntos, promoveremos una reforma migratoria sensata que crezca empleos, fortalezca nuestra econom\u00eda y beneficie a todas las familias estadounidenses.\",\"publisher\":{\"@id\":\"https:\/\/abic.us\/es\/#organization\"},\"potentialAction\":[{\"@type\":\"SearchAction\",\"target\":{\"@type\":\"EntryPoint\",\"urlTemplate\":\"https:\/\/abic.us\/es\/?s={search_term_string}\"},\"query-input\":{\"@type\":\"PropertyValueSpecification\",\"valueRequired\":true,\"valueName\":\"search_term_string\"}}],\"inLanguage\":\"es\"},{\"@type\":\"Organization\",\"@id\":\"https:\/\/abic.us\/es\/#organization\",\"name\":\"American Business Immigration Coalition\",\"url\":\"https:\/\/abic.us\/es\/\",\"logo\":{\"@type\":\"ImageObject\",\"inLanguage\":\"es\",\"@id\":\"https:\/\/abic.us\/es\/#\/schema\/logo\/image\/\",\"url\":\"https:\/\/abic.us\/wp-content\/uploads\/2021\/11\/ABIC-Logo.png\",\"contentUrl\":\"https:\/\/abic.us\/wp-content\/uploads\/2021\/11\/ABIC-Logo.png\",\"width\":1000,\"height\":260,\"caption\":\"American Business Immigration Coalition\"},\"image\":{\"@id\":\"https:\/\/abic.us\/es\/#\/schema\/logo\/image\/\"},\"sameAs\":[\"https:\/\/www.facebook.com\/AmericanBIC\",\"https:\/\/x.com\/AmericanBIC\"]},{\"@type\":\"Person\",\"@id\":\"https:\/\/abic.us\/es\/#\/schema\/person\/58547098a0d3b973c110fd8a36f0e0bb\",\"name\":\"abic\",\"image\":{\"@type\":\"ImageObject\",\"inLanguage\":\"es\",\"@id\":\"https:\/\/abic.us\/es\/#\/schema\/person\/image\/\",\"url\":\"https:\/\/secure.gravatar.com\/avatar\/4a2893b0ce0ce34781c1e0a9251ffe4322e67c4e95cdf48463d10701c3bd4c8e?s=96&d=mm&r=g\",\"contentUrl\":\"https:\/\/secure.gravatar.com\/avatar\/4a2893b0ce0ce34781c1e0a9251ffe4322e67c4e95cdf48463d10701c3bd4c8e?s=96&d=mm&r=g\",\"caption\":\"abic\"},\"sameAs\":[\"https:\/\/abic.wpengine.com\"]}]}<\/script>\n<!-- \/ Yoast SEO plugin. -->","yoast_head_json":{"title":"La ABIC y ABIC Action contratan a Enrique Davis-Mazlum como Director Estatal de Arizona &#8212; Coalici\u00f3n Americana de Inmigraci\u00f3n Empresarial","robots":{"index":"index","follow":"follow","max-snippet":"max-snippet:-1","max-image-preview":"max-image-preview:large","max-video-preview":"max-video-preview:-1"},"canonical":"https:\/\/abic.us\/es\/la-abic-y-abic-action-contratan-a-enrique-davis-mazlum-como-director-estatal-de-arizona\/","og_locale":"es_ES","og_type":"article","og_title":"La ABIC y ABIC Action contratan a Enrique Davis-Mazlum como Director Estatal de Arizona &#8212; Coalici\u00f3n Americana de Inmigraci\u00f3n Empresarial","og_description":"PHOENIX, AZ &#8211; Hoy, la American Business Immigration Coalition (ABIC ) y su brazo pol\u00edtico, ABIC Action, han anunciado la contrataci\u00f3n de Enrique Davis-Mazlum como nuevo Director Estatal de ABIC...","og_url":"https:\/\/abic.us\/es\/la-abic-y-abic-action-contratan-a-enrique-davis-mazlum-como-director-estatal-de-arizona\/","og_site_name":"Coalici\u00f3n Americana de Inmigraci\u00f3n Empresarial","article_publisher":"https:\/\/www.facebook.com\/AmericanBIC","article_published_time":"2023-01-31T21:12:11+00:00","og_image":[{"url":"https:\/\/abic.us\/wp-content\/uploads\/2022\/02\/ABIC-Logo-300x65.png","type":"","width":"","height":""}],"author":"abic","twitter_card":"summary_large_image","twitter_creator":"@AmericanBIC","twitter_site":"@AmericanBIC","twitter_misc":{"Escrito por":"abic","Tiempo de lectura":"2 minutos"},"schema":{"@context":"https:\/\/schema.org","@graph":[{"@type":"Article","@id":"https:\/\/abic.us\/es\/la-abic-y-abic-action-contratan-a-enrique-davis-mazlum-como-director-estatal-de-arizona\/#article","isPartOf":{"@id":"https:\/\/abic.us\/es\/la-abic-y-abic-action-contratan-a-enrique-davis-mazlum-como-director-estatal-de-arizona\/"},"author":{"name":"abic","@id":"https:\/\/abic.us\/es\/#\/schema\/person\/58547098a0d3b973c110fd8a36f0e0bb"},"headline":"La ABIC y ABIC Action contratan a Enrique Davis-Mazlum como Director Estatal de Arizona","datePublished":"2023-01-31T21:12:11+00:00","mainEntityOfPage":{"@id":"https:\/\/abic.us\/es\/la-abic-y-abic-action-contratan-a-enrique-davis-mazlum-como-director-estatal-de-arizona\/"},"wordCount":394,"publisher":{"@id":"https:\/\/abic.us\/es\/#organization"},"image":{"@id":"https:\/\/abic.us\/es\/la-abic-y-abic-action-contratan-a-enrique-davis-mazlum-como-director-estatal-de-arizona\/#primaryimage"},"thumbnailUrl":"https:\/\/abic.us\/wp-content\/uploads\/2022\/02\/ABIC-Logo-300x65.png","articleSection":["Declaraciones y comunicados","Noticias de Arizona"],"inLanguage":"es"},{"@type":"WebPage","@id":"https:\/\/abic.us\/es\/la-abic-y-abic-action-contratan-a-enrique-davis-mazlum-como-director-estatal-de-arizona\/","url":"https:\/\/abic.us\/es\/la-abic-y-abic-action-contratan-a-enrique-davis-mazlum-como-director-estatal-de-arizona\/","name":"La ABIC y ABIC Action contratan a Enrique Davis-Mazlum como Director Estatal de Arizona &#8212; Coalici\u00f3n Americana de Inmigraci\u00f3n Empresarial","isPartOf":{"@id":"https:\/\/abic.us\/es\/#website"},"primaryImageOfPage":{"@id":"https:\/\/abic.us\/es\/la-abic-y-abic-action-contratan-a-enrique-davis-mazlum-como-director-estatal-de-arizona\/#primaryimage"},"image":{"@id":"https:\/\/abic.us\/es\/la-abic-y-abic-action-contratan-a-enrique-davis-mazlum-como-director-estatal-de-arizona\/#primaryimage"},"thumbnailUrl":"https:\/\/abic.us\/wp-content\/uploads\/2022\/02\/ABIC-Logo-300x65.png","datePublished":"2023-01-31T21:12:11+00:00","breadcrumb":{"@id":"https:\/\/abic.us\/es\/la-abic-y-abic-action-contratan-a-enrique-davis-mazlum-como-director-estatal-de-arizona\/#breadcrumb"},"inLanguage":"es","potentialAction":[{"@type":"ReadAction","target":["https:\/\/abic.us\/es\/la-abic-y-abic-action-contratan-a-enrique-davis-mazlum-como-director-estatal-de-arizona\/"]}]},{"@type":"ImageObject","inLanguage":"es","@id":"https:\/\/abic.us\/es\/la-abic-y-abic-action-contratan-a-enrique-davis-mazlum-como-director-estatal-de-arizona\/#primaryimage","url":"https:\/\/abic.us\/wp-content\/uploads\/2022\/02\/ABIC-Logo-300x65.png","contentUrl":"https:\/\/abic.us\/wp-content\/uploads\/2022\/02\/ABIC-Logo-300x65.png"},{"@type":"BreadcrumbList","@id":"https:\/\/abic.us\/es\/la-abic-y-abic-action-contratan-a-enrique-davis-mazlum-como-director-estatal-de-arizona\/#breadcrumb","itemListElement":[{"@type":"ListItem","position":1,"name":"Hogar","item":"https:\/\/abic.us\/es\/"},{"@type":"ListItem","position":2,"name":"La ABIC y ABIC Action contratan a Enrique Davis-Mazlum como Director Estatal de Arizona"}]},{"@type":"WebSite","@id":"https:\/\/abic.us\/es\/#website","url":"https:\/\/abic.us\/es\/","name":"Coalici\u00f3n Americana de Inmigraci\u00f3n Empresarial","description":"Juntos, promoveremos una reforma migratoria sensata que crezca empleos, fortalezca nuestra econom\u00eda y beneficie a todas las familias estadounidenses.","publisher":{"@id":"https:\/\/abic.us\/es\/#organization"},"potentialAction":[{"@type":"SearchAction","target":{"@type":"EntryPoint","urlTemplate":"https:\/\/abic.us\/es\/?s={search_term_string}"},"query-input":{"@type":"PropertyValueSpecification","valueRequired":true,"valueName":"search_term_string"}}],"inLanguage":"es"},{"@type":"Organization","@id":"https:\/\/abic.us\/es\/#organization","name":"American Business Immigration Coalition","url":"https:\/\/abic.us\/es\/","logo":{"@type":"ImageObject","inLanguage":"es","@id":"https:\/\/abic.us\/es\/#\/schema\/logo\/image\/","url":"https:\/\/abic.us\/wp-content\/uploads\/2021\/11\/ABIC-Logo.png","contentUrl":"https:\/\/abic.us\/wp-content\/uploads\/2021\/11\/ABIC-Logo.png","width":1000,"height":260,"caption":"American Business Immigration Coalition"},"image":{"@id":"https:\/\/abic.us\/es\/#\/schema\/logo\/image\/"},"sameAs":["https:\/\/www.facebook.com\/AmericanBIC","https:\/\/x.com\/AmericanBIC"]},{"@type":"Person","@id":"https:\/\/abic.us\/es\/#\/schema\/person\/58547098a0d3b973c110fd8a36f0e0bb","name":"abic","image":{"@type":"ImageObject","inLanguage":"es","@id":"https:\/\/abic.us\/es\/#\/schema\/person\/image\/","url":"https:\/\/secure.gravatar.com\/avatar\/4a2893b0ce0ce34781c1e0a9251ffe4322e67c4e95cdf48463d10701c3bd4c8e?s=96&d=mm&r=g","contentUrl":"https:\/\/secure.gravatar.com\/avatar\/4a2893b0ce0ce34781c1e0a9251ffe4322e67c4e95cdf48463d10701c3bd4c8e?s=96&d=mm&r=g","caption":"abic"},"sameAs":["https:\/\/abic.wpengine.com"]}]}},"_links":{"self":[{"href":"https:\/\/abic.us\/es\/wp-json\/wp\/v2\/posts\/35863","targetHints":{"allow":["GET"]}}],"collection":[{"href":"https:\/\/abic.us\/es\/wp-json\/wp\/v2\/posts"}],"about":[{"href":"https:\/\/abic.us\/es\/wp-json\/wp\/v2\/types\/post"}],"author":[{"embeddable":true,"href":"https:\/\/abic.us\/es\/wp-json\/wp\/v2\/users\/1"}],"replies":[{"embeddable":true,"href":"https:\/\/abic.us\/es\/wp-json\/wp\/v2\/comments?post=35863"}],"version-history":[{"count":0,"href":"https:\/\/abic.us\/es\/wp-json\/wp\/v2\/posts\/35863\/revisions"}],"wp:attachment":[{"href":"https:\/\/abic.us\/es\/wp-json\/wp\/v2\/media?parent=35863"}],"wp:term":[{"taxonomy":"category","embeddable":true,"href":"https:\/\/abic.us\/es\/wp-json\/wp\/v2\/categories?post=35863"},{"taxonomy":"post_tag","embeddable":true,"href":"https:\/\/abic.us\/es\/wp-json\/wp\/v2\/tags?post=35863"}],"curies":[{"name":"wp","href":"https:\/\/api.w.org\/{rel}","templated":true}]}}