{"id":35007,"date":"2021-02-16T11:13:24","date_gmt":"2021-02-16T11:13:24","guid":{"rendered":"https:\/\/abic.wpengine.com\/cumbre-de-inmigracion-de-negocios-de-nueva-inglaterra-contara-con-los-senadores-markey-y-king-el-presidente-de-harvard-bacow\/"},"modified":"2021-12-06T14:33:50","modified_gmt":"2021-12-06T14:33:50","slug":"cumbre-de-inmigracion-de-negocios-de-nueva-inglaterra-contara-con-los-senadores-markey-y-king-el-presidente-de-harvard-bacow","status":"publish","type":"post","link":"https:\/\/abic.us\/es\/cumbre-de-inmigracion-de-negocios-de-nueva-inglaterra-contara-con-los-senadores-markey-y-king-el-presidente-de-harvard-bacow\/","title":{"rendered":"Cumbre de Inmigraci\u00f3n De Negocios de Nueva Inglaterra contar\u00e1 con los senadores Markey y King, el presidente de Harvard Bacow"},"content":{"rendered":"\n<figure class=\"wp-block-image size-large\"><img loading=\"lazy\" decoding=\"async\" width=\"1900\" height=\"1056\" src=\"https:\/\/abic.imgix.net\/assets\/NEBIC-Summit-FINAL.png\" alt=\"\" class=\"wp-image-31249\"\/><\/figure>\n<h2 class=\"wp-block-heading\"><strong>Cumbre de Inmigraci\u00f3n De Negocios de Nueva Inglaterra contar\u00e1 con los senadores Markey y King, el presidente de Harvard Bacow  <\/strong><\/h2>\n\n<p class=\"has-text-align-center\"><em>L\u00edderes empresariales, defensores y presidentes de universidades de Harvard y Colby College tambi\u00e9n se dirigir\u00e1n a la cumbre para avanzar en la reforma federal de inmigraci\u00f3n en 2021<\/em><\/p>\n\n<p><strong>BOSTON, MA \u2014 <\/strong> Senadores<strong> Ed Markey <\/strong>(D-MA)<strong> <\/strong>y  <strong>Angus King<\/strong> (I-ME) y la congresista  <strong>Ayanna Pressley<\/strong> (D-MA), Presidenta de la Universidad de Harvard <strong> Lawrence Bacow<\/strong>, Presidente de Colby College David Greene, Vicepresidente de Tyson Foods  <strong>David Barber<\/strong>, Exelon Presidente Em\u00e9rito  <strong>John Rowe y <\/strong>presidente de Alnylam Pharmaceuticals  <strong>Yvonne Greenstreet <\/strong>se unir\u00e1 a m\u00e1s de 200 l\u00edderes empresariales, directores ejecutivos, presidentes de universidades, so\u00f1adores, trabajadores esenciales y defensores para avanzar en soluciones de inmigraci\u00f3n sensatas en 2021 en el  <strong>Cumbre de Inmigraci\u00f3n de Negocios de Nueva Inglaterra el<\/strong> <strong>viernes 19 de febrero a las 11:30 AM EST.<\/strong><\/p>\n\n<p>La cumbre tiene como objetivo educar, involucrar y motivar a un amplio grupo de l\u00edderes empresariales, universitarios y electos en Nueva Inglaterra sobre la importancia de aprobar medidas de reforma migratoria federales y estatales de sentido com\u00fan cr\u00edticas para nuestra recuperaci\u00f3n econ\u00f3mica. Esto incluye visas altas y poco calificadas, visas agr\u00edcolas y un camino hacia la legalizaci\u00f3n y la ciudadan\u00eda para los 11 millones de trabajadores indocumentados, comenzando con Dreamers, titulares de TPS y trabajadores esenciales.<\/p>\n\n<p>La cumbre es co-organizada por la <a href=\"https:\/\/mainebic.org\/\">Coalici\u00f3n de Inmigraci\u00f3n Empresarial de Maine (MeBIC),<\/a>la <a href=\"https:\/\/www.massbic.org\/\">Coalici\u00f3n de Inmigraci\u00f3n Empresarial de Massachusetts (MBIC),<\/a>la <a href=\"http:\/\/abic.us\/\">Coalici\u00f3n Americana de Inmigraci\u00f3n Empresarial,<\/a>la <a href=\"https:\/\/www.presidentsalliance.org\/\">Alianza de Presidentes sobre Educaci\u00f3n Superior e Inmigraci\u00f3n,<\/a>el <a href=\"https:\/\/newenglandcouncil.com\/\">Consejo de Nueva Inglaterra,<\/a>la <a href=\"https:\/\/miracoalition.org\/\">Coalici\u00f3n de Defensa de Inmigrantes y Refugiados de Massachusetts (MIRA),<\/a> <a href=\"https:\/\/www.ailane.org\/\">AILA Nueva Inglaterra<\/a> y la <a href=\"http:\/\/eosfoundation.org\/\">Fundaci\u00f3n EOS.<\/a> <\/p>\n\n<p><strong>Se invita a los medios de comunicaci\u00f3n a asistir al evento. Para programar entrevistas con l\u00edderes empresariales, presidentes de universidades y defensores, comun\u00edquese con  <\/strong><a href=\"mailto:hsoto@americanbic.biz\"><strong>hsoto@americanbic.biz<\/strong><\/a><strong>. Una grabaci\u00f3n del seminario web estar\u00e1 disponible despu\u00e9s del evento.<\/strong><\/p>\n\n<p><strong>DETALLES DEL EVENTO<\/strong><\/p>\n\n<p><strong>QU\u00c9<\/strong>: Cumbre de Inmigraci\u00f3n De Negocios de Nueva Inglaterra<\/p>\n\n<p><strong>CU\u00c1NDO<\/strong>: Viernes, 19 de febrero a las 11:30 AM EST<\/p>\n\n<p><strong>INSCRIPCI\u00d3N: <\/strong> <a href=\"http:\/\/bit.ly\/mbic2021\">http:\/\/bit.ly\/nebic2021<\/a> <\/p>\n\n<p><strong>ACERCA DE<\/strong><\/p>\n\n<p>La <a href=\"https:\/\/abic.us\/\">American Business Immigration Coalition (ABIC)<\/a> (ABIC) promueve una reforma migratoria de sentido com\u00fan que promueve la competitividad econ\u00f3mica, proporciona a las empresas tanto el talento altamente calificado como el poco calificado que necesitan, y permite la integraci\u00f3n de los inmigrantes en nuestra econom\u00eda como consumidores, trabajadores, empresarios y ciudadanos.<\/p>\n\n<p>La <a href=\"https:\/\/www.massbic.org\/\">Coalici\u00f3n de Inmigraci\u00f3n Empresarial de Massachusetts (MBIC)<\/a> re\u00fane a l\u00edderes empresariales de todo el Commonwealth para ser una voz para las pol\u00edticas federales y estatales que aseguran que las empresas tengan el talento que necesitan en todos los niveles de capacitaci\u00f3n. MBIC aboga por pol\u00edticas que fomenten la integraci\u00f3n econ\u00f3mica completa del talento nacido en el extranjero y la prosperidad sostenida para todos. Estamos comprometidos con el \u00e9xito de los inmigrantes en nuestra econom\u00eda como trabajadores, consumidores, empresarios, residentes, consumidores, inversores, residentes y ciudadanos.<\/p>\n\n<p>La <a href=\"https:\/\/miracoalition.org\/\">Coalici\u00f3n de Defensa de Inmigrantes y Refugiados de Massachusetts (MIRA)<\/a> es la coalici\u00f3n m\u00e1s grande de Nueva Inglaterra que promueve los derechos y la integraci\u00f3n de inmigrantes y refugiados. MIRA es una coalici\u00f3n din\u00e1mica y multi\u00e9tnica con m\u00e1s de 130 miembros de la organizaci\u00f3n, incluidas organizaciones comunitarias de base, agencias de reasentamiento de refugiados, proveedores de servicios sociales, legales y de salud, organizaciones religiosas y defensores de los derechos civiles y humanos.<\/p>\n\n<p>La Alianza de<a href=\"http:\/\/presidentsalliance.org\"> Presidentes sobre Educaci\u00f3n Superior e Inmigraci\u00f3n,<\/a> no partidista y sin fines de lucro, re\u00fane a presidentes y rectores de colegios y universidades sobre los problemas de inmigraci\u00f3n que afectan la educaci\u00f3n superior, nuestros estudiantes, campus, comunidades y naci\u00f3n. La Alianza de Presidentes trabaja para promover pol\u00edticas y pr\u00e1cticas de inmigraci\u00f3n justas a nivel federal, estatal y universitario. La Alianza est\u00e1 compuesta por m\u00e1s de 500 presidentes y rectores de colegios y universidades p\u00fablicas y privadas, inscribiendo a m\u00e1s de cinco millones de estudiantes en 43 estados, D.C. y Puerto Rico.  <\/p>\n\n<p class=\"has-text-align-center\">###<\/p>\n","protected":false},"excerpt":{"rendered":"<p>Cumbre de Inmigraci\u00f3n De Negocios de Nueva Inglaterra contar\u00e1 con los senadores Markey y King, el presidente de Harvard Bacow L\u00edderes empresariales, defensores y presidentes de universidades de Harvard y&#8230;<\/p>\n","protected":false},"author":1,"featured_media":0,"comment_status":"closed","ping_status":"closed","sticky":false,"template":"","format":"standard","meta":{"footnotes":""},"categories":[63],"tags":[],"class_list":{"0":"post-35007","1":"post","2":"type-post","3":"status-publish","4":"format-standard","6":"category-actualizaciones"},"yoast_head":"<!-- This site is optimized with the Yoast SEO plugin v26.9 - https:\/\/yoast.com\/product\/yoast-seo-wordpress\/ -->\n<title>Cumbre de Inmigraci\u00f3n De Negocios de Nueva Inglaterra contar\u00e1 con los senadores Markey y King, el presidente de Harvard Bacow &#8212; Coalici\u00f3n Americana de Inmigraci\u00f3n Empresarial<\/title>\n<meta name=\"robots\" content=\"index, follow, max-snippet:-1, max-image-preview:large, max-video-preview:-1\" \/>\n<link rel=\"canonical\" href=\"https:\/\/abic.us\/es\/cumbre-de-inmigracion-de-negocios-de-nueva-inglaterra-contara-con-los-senadores-markey-y-king-el-presidente-de-harvard-bacow\/\" \/>\n<meta property=\"og:locale\" content=\"es_ES\" \/>\n<meta property=\"og:type\" content=\"article\" \/>\n<meta property=\"og:title\" content=\"Cumbre de Inmigraci\u00f3n De Negocios de Nueva Inglaterra contar\u00e1 con los senadores Markey y King, el presidente de Harvard Bacow &#8212; Coalici\u00f3n Americana de Inmigraci\u00f3n Empresarial\" \/>\n<meta property=\"og:description\" content=\"Cumbre de Inmigraci\u00f3n De Negocios de Nueva Inglaterra contar\u00e1 con los senadores Markey y King, el presidente de Harvard Bacow L\u00edderes empresariales, defensores y presidentes de universidades de Harvard y...\" \/>\n<meta property=\"og:url\" content=\"https:\/\/abic.us\/es\/cumbre-de-inmigracion-de-negocios-de-nueva-inglaterra-contara-con-los-senadores-markey-y-king-el-presidente-de-harvard-bacow\/\" \/>\n<meta property=\"og:site_name\" content=\"Coalici\u00f3n Americana de Inmigraci\u00f3n Empresarial\" \/>\n<meta property=\"article:publisher\" content=\"https:\/\/www.facebook.com\/AmericanBIC\" \/>\n<meta property=\"article:published_time\" content=\"2021-02-16T11:13:24+00:00\" \/>\n<meta property=\"article:modified_time\" content=\"2021-12-06T14:33:50+00:00\" \/>\n<meta property=\"og:image\" content=\"https:\/\/abic.imgix.net\/assets\/NEBIC-Summit-FINAL.png\" \/>\n<meta name=\"author\" content=\"abic\" \/>\n<meta name=\"twitter:card\" content=\"summary_large_image\" \/>\n<meta name=\"twitter:creator\" content=\"@AmericanBIC\" \/>\n<meta name=\"twitter:site\" content=\"@AmericanBIC\" \/>\n<meta name=\"twitter:label1\" content=\"Escrito por\" \/>\n\t<meta name=\"twitter:data1\" content=\"abic\" \/>\n\t<meta name=\"twitter:label2\" content=\"Tiempo de lectura\" \/>\n\t<meta name=\"twitter:data2\" content=\"4 minutos\" \/>\n<script type=\"application\/ld+json\" class=\"yoast-schema-graph\">{\"@context\":\"https:\/\/schema.org\",\"@graph\":[{\"@type\":\"Article\",\"@id\":\"https:\/\/abic.us\/es\/cumbre-de-inmigracion-de-negocios-de-nueva-inglaterra-contara-con-los-senadores-markey-y-king-el-presidente-de-harvard-bacow\/#article\",\"isPartOf\":{\"@id\":\"https:\/\/abic.us\/es\/cumbre-de-inmigracion-de-negocios-de-nueva-inglaterra-contara-con-los-senadores-markey-y-king-el-presidente-de-harvard-bacow\/\"},\"author\":{\"name\":\"abic\",\"@id\":\"https:\/\/abic.us\/es\/#\/schema\/person\/58547098a0d3b973c110fd8a36f0e0bb\"},\"headline\":\"Cumbre de Inmigraci\u00f3n De Negocios de Nueva Inglaterra contar\u00e1 con los senadores Markey y King, el presidente de Harvard Bacow\",\"datePublished\":\"2021-02-16T11:13:24+00:00\",\"dateModified\":\"2021-12-06T14:33:50+00:00\",\"mainEntityOfPage\":{\"@id\":\"https:\/\/abic.us\/es\/cumbre-de-inmigracion-de-negocios-de-nueva-inglaterra-contara-con-los-senadores-markey-y-king-el-presidente-de-harvard-bacow\/\"},\"wordCount\":728,\"publisher\":{\"@id\":\"https:\/\/abic.us\/es\/#organization\"},\"image\":{\"@id\":\"https:\/\/abic.us\/es\/cumbre-de-inmigracion-de-negocios-de-nueva-inglaterra-contara-con-los-senadores-markey-y-king-el-presidente-de-harvard-bacow\/#primaryimage\"},\"thumbnailUrl\":\"https:\/\/abic.imgix.net\/assets\/NEBIC-Summit-FINAL.png\",\"articleSection\":[\"Actualizaciones\"],\"inLanguage\":\"es\"},{\"@type\":\"WebPage\",\"@id\":\"https:\/\/abic.us\/es\/cumbre-de-inmigracion-de-negocios-de-nueva-inglaterra-contara-con-los-senadores-markey-y-king-el-presidente-de-harvard-bacow\/\",\"url\":\"https:\/\/abic.us\/es\/cumbre-de-inmigracion-de-negocios-de-nueva-inglaterra-contara-con-los-senadores-markey-y-king-el-presidente-de-harvard-bacow\/\",\"name\":\"Cumbre de Inmigraci\u00f3n De Negocios de Nueva Inglaterra contar\u00e1 con los senadores Markey y King, el presidente de Harvard Bacow &#8212; Coalici\u00f3n Americana de Inmigraci\u00f3n Empresarial\",\"isPartOf\":{\"@id\":\"https:\/\/abic.us\/es\/#website\"},\"primaryImageOfPage\":{\"@id\":\"https:\/\/abic.us\/es\/cumbre-de-inmigracion-de-negocios-de-nueva-inglaterra-contara-con-los-senadores-markey-y-king-el-presidente-de-harvard-bacow\/#primaryimage\"},\"image\":{\"@id\":\"https:\/\/abic.us\/es\/cumbre-de-inmigracion-de-negocios-de-nueva-inglaterra-contara-con-los-senadores-markey-y-king-el-presidente-de-harvard-bacow\/#primaryimage\"},\"thumbnailUrl\":\"https:\/\/abic.imgix.net\/assets\/NEBIC-Summit-FINAL.png\",\"datePublished\":\"2021-02-16T11:13:24+00:00\",\"dateModified\":\"2021-12-06T14:33:50+00:00\",\"breadcrumb\":{\"@id\":\"https:\/\/abic.us\/es\/cumbre-de-inmigracion-de-negocios-de-nueva-inglaterra-contara-con-los-senadores-markey-y-king-el-presidente-de-harvard-bacow\/#breadcrumb\"},\"inLanguage\":\"es\",\"potentialAction\":[{\"@type\":\"ReadAction\",\"target\":[\"https:\/\/abic.us\/es\/cumbre-de-inmigracion-de-negocios-de-nueva-inglaterra-contara-con-los-senadores-markey-y-king-el-presidente-de-harvard-bacow\/\"]}]},{\"@type\":\"ImageObject\",\"inLanguage\":\"es\",\"@id\":\"https:\/\/abic.us\/es\/cumbre-de-inmigracion-de-negocios-de-nueva-inglaterra-contara-con-los-senadores-markey-y-king-el-presidente-de-harvard-bacow\/#primaryimage\",\"url\":\"https:\/\/abic.imgix.net\/assets\/NEBIC-Summit-FINAL.png\",\"contentUrl\":\"https:\/\/abic.imgix.net\/assets\/NEBIC-Summit-FINAL.png\"},{\"@type\":\"BreadcrumbList\",\"@id\":\"https:\/\/abic.us\/es\/cumbre-de-inmigracion-de-negocios-de-nueva-inglaterra-contara-con-los-senadores-markey-y-king-el-presidente-de-harvard-bacow\/#breadcrumb\",\"itemListElement\":[{\"@type\":\"ListItem\",\"position\":1,\"name\":\"Hogar\",\"item\":\"https:\/\/abic.us\/es\/\"},{\"@type\":\"ListItem\",\"position\":2,\"name\":\"Cumbre de Inmigraci\u00f3n De Negocios de Nueva Inglaterra contar\u00e1 con los senadores Markey y King, el presidente de Harvard Bacow\"}]},{\"@type\":\"WebSite\",\"@id\":\"https:\/\/abic.us\/es\/#website\",\"url\":\"https:\/\/abic.us\/es\/\",\"name\":\"Coalici\u00f3n Americana de Inmigraci\u00f3n Empresarial\",\"description\":\"Juntos, promoveremos una reforma migratoria sensata que crezca empleos, fortalezca nuestra econom\u00eda y beneficie a todas las familias estadounidenses.\",\"publisher\":{\"@id\":\"https:\/\/abic.us\/es\/#organization\"},\"potentialAction\":[{\"@type\":\"SearchAction\",\"target\":{\"@type\":\"EntryPoint\",\"urlTemplate\":\"https:\/\/abic.us\/es\/?s={search_term_string}\"},\"query-input\":{\"@type\":\"PropertyValueSpecification\",\"valueRequired\":true,\"valueName\":\"search_term_string\"}}],\"inLanguage\":\"es\"},{\"@type\":\"Organization\",\"@id\":\"https:\/\/abic.us\/es\/#organization\",\"name\":\"American Business Immigration Coalition\",\"url\":\"https:\/\/abic.us\/es\/\",\"logo\":{\"@type\":\"ImageObject\",\"inLanguage\":\"es\",\"@id\":\"https:\/\/abic.us\/es\/#\/schema\/logo\/image\/\",\"url\":\"https:\/\/abic.us\/wp-content\/uploads\/2021\/11\/ABIC-Logo.png\",\"contentUrl\":\"https:\/\/abic.us\/wp-content\/uploads\/2021\/11\/ABIC-Logo.png\",\"width\":1000,\"height\":260,\"caption\":\"American Business Immigration Coalition\"},\"image\":{\"@id\":\"https:\/\/abic.us\/es\/#\/schema\/logo\/image\/\"},\"sameAs\":[\"https:\/\/www.facebook.com\/AmericanBIC\",\"https:\/\/x.com\/AmericanBIC\"]},{\"@type\":\"Person\",\"@id\":\"https:\/\/abic.us\/es\/#\/schema\/person\/58547098a0d3b973c110fd8a36f0e0bb\",\"name\":\"abic\",\"image\":{\"@type\":\"ImageObject\",\"inLanguage\":\"es\",\"@id\":\"https:\/\/abic.us\/es\/#\/schema\/person\/image\/\",\"url\":\"https:\/\/secure.gravatar.com\/avatar\/4a2893b0ce0ce34781c1e0a9251ffe4322e67c4e95cdf48463d10701c3bd4c8e?s=96&d=mm&r=g\",\"contentUrl\":\"https:\/\/secure.gravatar.com\/avatar\/4a2893b0ce0ce34781c1e0a9251ffe4322e67c4e95cdf48463d10701c3bd4c8e?s=96&d=mm&r=g\",\"caption\":\"abic\"},\"sameAs\":[\"https:\/\/abic.wpengine.com\"]}]}<\/script>\n<!-- \/ Yoast SEO plugin. -->","yoast_head_json":{"title":"Cumbre de Inmigraci\u00f3n De Negocios de Nueva Inglaterra contar\u00e1 con los senadores Markey y King, el presidente de Harvard Bacow &#8212; Coalici\u00f3n Americana de Inmigraci\u00f3n Empresarial","robots":{"index":"index","follow":"follow","max-snippet":"max-snippet:-1","max-image-preview":"max-image-preview:large","max-video-preview":"max-video-preview:-1"},"canonical":"https:\/\/abic.us\/es\/cumbre-de-inmigracion-de-negocios-de-nueva-inglaterra-contara-con-los-senadores-markey-y-king-el-presidente-de-harvard-bacow\/","og_locale":"es_ES","og_type":"article","og_title":"Cumbre de Inmigraci\u00f3n De Negocios de Nueva Inglaterra contar\u00e1 con los senadores Markey y King, el presidente de Harvard Bacow &#8212; Coalici\u00f3n Americana de Inmigraci\u00f3n Empresarial","og_description":"Cumbre de Inmigraci\u00f3n De Negocios de Nueva Inglaterra contar\u00e1 con los senadores Markey y King, el presidente de Harvard Bacow L\u00edderes empresariales, defensores y presidentes de universidades de Harvard y...","og_url":"https:\/\/abic.us\/es\/cumbre-de-inmigracion-de-negocios-de-nueva-inglaterra-contara-con-los-senadores-markey-y-king-el-presidente-de-harvard-bacow\/","og_site_name":"Coalici\u00f3n Americana de Inmigraci\u00f3n Empresarial","article_publisher":"https:\/\/www.facebook.com\/AmericanBIC","article_published_time":"2021-02-16T11:13:24+00:00","article_modified_time":"2021-12-06T14:33:50+00:00","og_image":[{"url":"https:\/\/abic.imgix.net\/assets\/NEBIC-Summit-FINAL.png","type":"","width":"","height":""}],"author":"abic","twitter_card":"summary_large_image","twitter_creator":"@AmericanBIC","twitter_site":"@AmericanBIC","twitter_misc":{"Escrito por":"abic","Tiempo de lectura":"4 minutos"},"schema":{"@context":"https:\/\/schema.org","@graph":[{"@type":"Article","@id":"https:\/\/abic.us\/es\/cumbre-de-inmigracion-de-negocios-de-nueva-inglaterra-contara-con-los-senadores-markey-y-king-el-presidente-de-harvard-bacow\/#article","isPartOf":{"@id":"https:\/\/abic.us\/es\/cumbre-de-inmigracion-de-negocios-de-nueva-inglaterra-contara-con-los-senadores-markey-y-king-el-presidente-de-harvard-bacow\/"},"author":{"name":"abic","@id":"https:\/\/abic.us\/es\/#\/schema\/person\/58547098a0d3b973c110fd8a36f0e0bb"},"headline":"Cumbre de Inmigraci\u00f3n De Negocios de Nueva Inglaterra contar\u00e1 con los senadores Markey y King, el presidente de Harvard Bacow","datePublished":"2021-02-16T11:13:24+00:00","dateModified":"2021-12-06T14:33:50+00:00","mainEntityOfPage":{"@id":"https:\/\/abic.us\/es\/cumbre-de-inmigracion-de-negocios-de-nueva-inglaterra-contara-con-los-senadores-markey-y-king-el-presidente-de-harvard-bacow\/"},"wordCount":728,"publisher":{"@id":"https:\/\/abic.us\/es\/#organization"},"image":{"@id":"https:\/\/abic.us\/es\/cumbre-de-inmigracion-de-negocios-de-nueva-inglaterra-contara-con-los-senadores-markey-y-king-el-presidente-de-harvard-bacow\/#primaryimage"},"thumbnailUrl":"https:\/\/abic.imgix.net\/assets\/NEBIC-Summit-FINAL.png","articleSection":["Actualizaciones"],"inLanguage":"es"},{"@type":"WebPage","@id":"https:\/\/abic.us\/es\/cumbre-de-inmigracion-de-negocios-de-nueva-inglaterra-contara-con-los-senadores-markey-y-king-el-presidente-de-harvard-bacow\/","url":"https:\/\/abic.us\/es\/cumbre-de-inmigracion-de-negocios-de-nueva-inglaterra-contara-con-los-senadores-markey-y-king-el-presidente-de-harvard-bacow\/","name":"Cumbre de Inmigraci\u00f3n De Negocios de Nueva Inglaterra contar\u00e1 con los senadores Markey y King, el presidente de Harvard Bacow &#8212; Coalici\u00f3n Americana de Inmigraci\u00f3n Empresarial","isPartOf":{"@id":"https:\/\/abic.us\/es\/#website"},"primaryImageOfPage":{"@id":"https:\/\/abic.us\/es\/cumbre-de-inmigracion-de-negocios-de-nueva-inglaterra-contara-con-los-senadores-markey-y-king-el-presidente-de-harvard-bacow\/#primaryimage"},"image":{"@id":"https:\/\/abic.us\/es\/cumbre-de-inmigracion-de-negocios-de-nueva-inglaterra-contara-con-los-senadores-markey-y-king-el-presidente-de-harvard-bacow\/#primaryimage"},"thumbnailUrl":"https:\/\/abic.imgix.net\/assets\/NEBIC-Summit-FINAL.png","datePublished":"2021-02-16T11:13:24+00:00","dateModified":"2021-12-06T14:33:50+00:00","breadcrumb":{"@id":"https:\/\/abic.us\/es\/cumbre-de-inmigracion-de-negocios-de-nueva-inglaterra-contara-con-los-senadores-markey-y-king-el-presidente-de-harvard-bacow\/#breadcrumb"},"inLanguage":"es","potentialAction":[{"@type":"ReadAction","target":["https:\/\/abic.us\/es\/cumbre-de-inmigracion-de-negocios-de-nueva-inglaterra-contara-con-los-senadores-markey-y-king-el-presidente-de-harvard-bacow\/"]}]},{"@type":"ImageObject","inLanguage":"es","@id":"https:\/\/abic.us\/es\/cumbre-de-inmigracion-de-negocios-de-nueva-inglaterra-contara-con-los-senadores-markey-y-king-el-presidente-de-harvard-bacow\/#primaryimage","url":"https:\/\/abic.imgix.net\/assets\/NEBIC-Summit-FINAL.png","contentUrl":"https:\/\/abic.imgix.net\/assets\/NEBIC-Summit-FINAL.png"},{"@type":"BreadcrumbList","@id":"https:\/\/abic.us\/es\/cumbre-de-inmigracion-de-negocios-de-nueva-inglaterra-contara-con-los-senadores-markey-y-king-el-presidente-de-harvard-bacow\/#breadcrumb","itemListElement":[{"@type":"ListItem","position":1,"name":"Hogar","item":"https:\/\/abic.us\/es\/"},{"@type":"ListItem","position":2,"name":"Cumbre de Inmigraci\u00f3n De Negocios de Nueva Inglaterra contar\u00e1 con los senadores Markey y King, el presidente de Harvard Bacow"}]},{"@type":"WebSite","@id":"https:\/\/abic.us\/es\/#website","url":"https:\/\/abic.us\/es\/","name":"Coalici\u00f3n Americana de Inmigraci\u00f3n Empresarial","description":"Juntos, promoveremos una reforma migratoria sensata que crezca empleos, fortalezca nuestra econom\u00eda y beneficie a todas las familias estadounidenses.","publisher":{"@id":"https:\/\/abic.us\/es\/#organization"},"potentialAction":[{"@type":"SearchAction","target":{"@type":"EntryPoint","urlTemplate":"https:\/\/abic.us\/es\/?s={search_term_string}"},"query-input":{"@type":"PropertyValueSpecification","valueRequired":true,"valueName":"search_term_string"}}],"inLanguage":"es"},{"@type":"Organization","@id":"https:\/\/abic.us\/es\/#organization","name":"American Business Immigration Coalition","url":"https:\/\/abic.us\/es\/","logo":{"@type":"ImageObject","inLanguage":"es","@id":"https:\/\/abic.us\/es\/#\/schema\/logo\/image\/","url":"https:\/\/abic.us\/wp-content\/uploads\/2021\/11\/ABIC-Logo.png","contentUrl":"https:\/\/abic.us\/wp-content\/uploads\/2021\/11\/ABIC-Logo.png","width":1000,"height":260,"caption":"American Business Immigration Coalition"},"image":{"@id":"https:\/\/abic.us\/es\/#\/schema\/logo\/image\/"},"sameAs":["https:\/\/www.facebook.com\/AmericanBIC","https:\/\/x.com\/AmericanBIC"]},{"@type":"Person","@id":"https:\/\/abic.us\/es\/#\/schema\/person\/58547098a0d3b973c110fd8a36f0e0bb","name":"abic","image":{"@type":"ImageObject","inLanguage":"es","@id":"https:\/\/abic.us\/es\/#\/schema\/person\/image\/","url":"https:\/\/secure.gravatar.com\/avatar\/4a2893b0ce0ce34781c1e0a9251ffe4322e67c4e95cdf48463d10701c3bd4c8e?s=96&d=mm&r=g","contentUrl":"https:\/\/secure.gravatar.com\/avatar\/4a2893b0ce0ce34781c1e0a9251ffe4322e67c4e95cdf48463d10701c3bd4c8e?s=96&d=mm&r=g","caption":"abic"},"sameAs":["https:\/\/abic.wpengine.com"]}]}},"_links":{"self":[{"href":"https:\/\/abic.us\/es\/wp-json\/wp\/v2\/posts\/35007","targetHints":{"allow":["GET"]}}],"collection":[{"href":"https:\/\/abic.us\/es\/wp-json\/wp\/v2\/posts"}],"about":[{"href":"https:\/\/abic.us\/es\/wp-json\/wp\/v2\/types\/post"}],"author":[{"embeddable":true,"href":"https:\/\/abic.us\/es\/wp-json\/wp\/v2\/users\/1"}],"replies":[{"embeddable":true,"href":"https:\/\/abic.us\/es\/wp-json\/wp\/v2\/comments?post=35007"}],"version-history":[{"count":0,"href":"https:\/\/abic.us\/es\/wp-json\/wp\/v2\/posts\/35007\/revisions"}],"wp:attachment":[{"href":"https:\/\/abic.us\/es\/wp-json\/wp\/v2\/media?parent=35007"}],"wp:term":[{"taxonomy":"category","embeddable":true,"href":"https:\/\/abic.us\/es\/wp-json\/wp\/v2\/categories?post=35007"},{"taxonomy":"post_tag","embeddable":true,"href":"https:\/\/abic.us\/es\/wp-json\/wp\/v2\/tags?post=35007"}],"curies":[{"name":"wp","href":"https:\/\/api.w.org\/{rel}","templated":true}]}}