{"id":35006,"date":"2021-02-08T15:07:18","date_gmt":"2021-02-08T15:07:18","guid":{"rendered":"https:\/\/abic.wpengine.com\/capitulos-abic\/"},"modified":"2022-02-24T18:04:49","modified_gmt":"2022-02-24T18:04:49","slug":"capitulos-abic","status":"publish","type":"post","link":"https:\/\/abic.us\/es\/capitulos-abic\/","title":{"rendered":"CAP\u00cdTULOS ABIC"},"content":{"rendered":"&#13;\n<div class=\"wp-block-image\">&#13;\n<figure class=\"aligncenter size-large is-resized\"><img loading=\"lazy\" decoding=\"async\" class=\"wp-image-31207\" src=\"https:\/\/abic.imgix.net\/assets\/banner.png\" alt=\"\" width=\"310\" height=\"118\"\/><\/figure>&#13;\n<\/div>&#13;\n&#13;\n<p class=\"has-text-align-left\"><strong>CAP\u00cdTULOS ABIC<\/strong><\/p>&#13;\n&#13;\n<p>La <a href=\"https:\/\/abic.us\/es\/\" target=\"_blank\" rel=\"noreferrer noopener\">American Business Immigration Coalition<\/a> (ABIC) es una organizaci\u00f3n nacional con cap\u00edtulos activos en todo el pa\u00eds que trabajan para proporcionar una voz fuerte y efectiva para las empresas estadounidenses en la conversaci\u00f3n nacional de inmigraci\u00f3n.  <\/p>&#13;\n&#13;\n<p>Trabajamos con l\u00edderes empresariales, funcionarios electos y l\u00edderes religiosos y defensores de la inmigraci\u00f3n para promover una reforma migratoria de sentido com\u00fan que promueva la competitividad econ\u00f3mica, brinde a las empresas el talento altamente calificado y poco calificado que necesitan, y permita la integraci\u00f3n de los inmigrantes en nuestra econom\u00eda como consumidores, trabajadores, empresarios y ciudadanos. Para descargar una hoja informativa sobre ABIC, haga <a href=\"https:\/\/abic.wpengine.com\/wp-content\/uploads\/2021\/02\/ABICBoardOnePager2021-1.pdf\" target=\"_blank\" rel=\"noreferrer noopener\">clic aqu\u00ed.<\/a> <\/p>&#13;\n&#13;\n<p><strong>CAP\u00cdTULOS DESTACADOS<\/strong><\/p>&#13;\n&#13;\n<p><strong>Coalici\u00f3n de Inmigraci\u00f3n De Negocios de Illinois (IBIC)<\/strong><\/p>&#13;\n&#13;\n<p>La <a href=\"https:\/\/ibic.us\/\" target=\"_blank\" rel=\"noreferrer noopener\">Coalici\u00f3n de Inmigraci\u00f3n Empresarial<\/a> de Illinois promueve una reforma migratoria sensata que apoya la recuperaci\u00f3n econ\u00f3mica de Illinois, proporciona a las empresas de Illinois tanto el talento altamente calificado como el poco calificado que necesitan, y permite la integraci\u00f3n de los inmigrantes en nuestra econom\u00eda como consumidores, trabajadores, empresarios y ciudadanos.<\/p>&#13;\n&#13;\n<p><strong>Coalici\u00f3n de Inmigraci\u00f3n De Negocios de Texas (TBIC)<\/strong><\/p>&#13;\n&#13;\n<p>La<a href=\"https:\/\/www.texasbic.biz\/\" target=\"_blank\" rel=\"noreferrer noopener\"> Coalici\u00f3n de Inmigraci\u00f3n De Negocios<\/a> de Texas (TBIC) da voz a los l\u00edderes empresariales del estado que apoyan la reforma migratoria de sentido com\u00fan que aborda las necesidades de nuestra fuerza laboral alta y poco calificada, as\u00ed como una soluci\u00f3n inmediata para m\u00e1s de<a href=\"https:\/\/research.newamericaneconomy.org\/report\/examining-the-contributions-of-the-daca-eligible-population-in-key-states\/\" target=\"_blank\" rel=\"noreferrer noopener\"> 226,000 Dreamers elegibles<\/a>para DACA en Texas. Junto con el Consejo de Liderazgo Empresarial de<a href=\"http:\/\/www.txblc.org\/\" target=\"_blank\" rel=\"noreferrer noopener\"> Texas,<\/a>TBIC convoca y lidera la<a href=\"http:\/\/www.txopportunity.org\/\" target=\"_blank\" rel=\"noreferrer noopener\"> Coalici\u00f3n de Oportunidades<\/a> de Texas (TOC), que une a empresas, instituciones, ejecutivos y l\u00edderes de todo Texas a favor de aprobar una reforma migratoria federal para proteger a los Dreamers.<\/p>&#13;\n&#13;\n<p><strong>FONDO IMPAC<\/strong><\/p>&#13;\n&#13;\n<p><a href=\"https:\/\/impacfund.org\/\" target=\"_blank\" rel=\"noreferrer noopener\">IMPAC Fund<\/a> es el cap\u00edtulo de Florida de la American Business Immigration Coalition. Representa un conjunto creciente y diverso de empresas y asociaciones empresariales que promueven soluciones de inmigraci\u00f3n de sentido com\u00fan que benefician a la gente y la econom\u00eda de la Florida. Creemos que tenemos una oportunidad \u00fanica de unirnos en diversos sectores ( altamente calificados y poco calificados, grandes corporaciones y peque\u00f1as empresas &#8211; en un impulso exitoso para una reforma sensata a nivel estatal y federal junto con funcionarios electos y defensores de los inmigrantes.  <\/p>&#13;\n&#13;\n<p>Para obtener m\u00e1s informaci\u00f3n sobre c\u00f3mo unirse a ABIC, comun\u00edquese con rshi@americanbic.biz.<\/p>&#13;\n","protected":false},"excerpt":{"rendered":"<p>&#13; CAP\u00cdTULOS ABIC &#13; &#13; La American Business Immigration Coalition (ABIC) es una organizaci\u00f3n nacional con cap\u00edtulos activos en todo el pa\u00eds que trabajan para proporcionar una voz fuerte y&#8230;<\/p>\n","protected":false},"author":1,"featured_media":0,"comment_status":"closed","ping_status":"closed","sticky":false,"template":"","format":"standard","meta":{"footnotes":""},"categories":[63],"tags":[],"class_list":{"0":"post-35006","1":"post","2":"type-post","3":"status-publish","4":"format-standard","6":"category-actualizaciones"},"yoast_head":"<!-- This site is optimized with the Yoast SEO plugin v26.9 - https:\/\/yoast.com\/product\/yoast-seo-wordpress\/ -->\n<title>CAP\u00cdTULOS ABIC &#8212; Coalici\u00f3n Americana de Inmigraci\u00f3n Empresarial<\/title>\n<meta name=\"robots\" content=\"index, follow, max-snippet:-1, max-image-preview:large, max-video-preview:-1\" \/>\n<link rel=\"canonical\" href=\"https:\/\/abic.us\/es\/capitulos-abic\/\" \/>\n<meta property=\"og:locale\" content=\"es_ES\" \/>\n<meta property=\"og:type\" content=\"article\" \/>\n<meta property=\"og:title\" content=\"CAP\u00cdTULOS ABIC &#8212; Coalici\u00f3n Americana de Inmigraci\u00f3n Empresarial\" \/>\n<meta property=\"og:description\" content=\"&#013; CAP\u00cdTULOS ABIC &#013; &#013; La American Business Immigration Coalition (ABIC) es una organizaci\u00f3n nacional con cap\u00edtulos activos en todo el pa\u00eds que trabajan para proporcionar una voz fuerte y...\" \/>\n<meta property=\"og:url\" content=\"https:\/\/abic.us\/es\/capitulos-abic\/\" \/>\n<meta property=\"og:site_name\" content=\"Coalici\u00f3n Americana de Inmigraci\u00f3n Empresarial\" \/>\n<meta property=\"article:publisher\" content=\"https:\/\/www.facebook.com\/AmericanBIC\" \/>\n<meta property=\"article:published_time\" content=\"2021-02-08T15:07:18+00:00\" \/>\n<meta property=\"article:modified_time\" content=\"2022-02-24T18:04:49+00:00\" \/>\n<meta property=\"og:image\" content=\"https:\/\/abic.imgix.net\/assets\/banner.png\" \/>\n<meta name=\"author\" content=\"abic\" \/>\n<meta name=\"twitter:card\" content=\"summary_large_image\" \/>\n<meta name=\"twitter:creator\" content=\"@AmericanBIC\" \/>\n<meta name=\"twitter:site\" content=\"@AmericanBIC\" \/>\n<meta name=\"twitter:label1\" content=\"Escrito por\" \/>\n\t<meta name=\"twitter:data1\" content=\"abic\" \/>\n\t<meta name=\"twitter:label2\" content=\"Tiempo de lectura\" \/>\n\t<meta name=\"twitter:data2\" content=\"2 minutos\" \/>\n<script type=\"application\/ld+json\" class=\"yoast-schema-graph\">{\"@context\":\"https:\/\/schema.org\",\"@graph\":[{\"@type\":\"Article\",\"@id\":\"https:\/\/abic.us\/es\/capitulos-abic\/#article\",\"isPartOf\":{\"@id\":\"https:\/\/abic.us\/es\/capitulos-abic\/\"},\"author\":{\"name\":\"abic\",\"@id\":\"https:\/\/abic.us\/es\/#\/schema\/person\/58547098a0d3b973c110fd8a36f0e0bb\"},\"headline\":\"CAP\u00cdTULOS ABIC\",\"datePublished\":\"2021-02-08T15:07:18+00:00\",\"dateModified\":\"2022-02-24T18:04:49+00:00\",\"mainEntityOfPage\":{\"@id\":\"https:\/\/abic.us\/es\/capitulos-abic\/\"},\"wordCount\":415,\"publisher\":{\"@id\":\"https:\/\/abic.us\/es\/#organization\"},\"image\":{\"@id\":\"https:\/\/abic.us\/es\/capitulos-abic\/#primaryimage\"},\"thumbnailUrl\":\"https:\/\/abic.imgix.net\/assets\/banner.png\",\"articleSection\":[\"Actualizaciones\"],\"inLanguage\":\"es\"},{\"@type\":\"WebPage\",\"@id\":\"https:\/\/abic.us\/es\/capitulos-abic\/\",\"url\":\"https:\/\/abic.us\/es\/capitulos-abic\/\",\"name\":\"CAP\u00cdTULOS ABIC &#8212; Coalici\u00f3n Americana de Inmigraci\u00f3n Empresarial\",\"isPartOf\":{\"@id\":\"https:\/\/abic.us\/es\/#website\"},\"primaryImageOfPage\":{\"@id\":\"https:\/\/abic.us\/es\/capitulos-abic\/#primaryimage\"},\"image\":{\"@id\":\"https:\/\/abic.us\/es\/capitulos-abic\/#primaryimage\"},\"thumbnailUrl\":\"https:\/\/abic.imgix.net\/assets\/banner.png\",\"datePublished\":\"2021-02-08T15:07:18+00:00\",\"dateModified\":\"2022-02-24T18:04:49+00:00\",\"breadcrumb\":{\"@id\":\"https:\/\/abic.us\/es\/capitulos-abic\/#breadcrumb\"},\"inLanguage\":\"es\",\"potentialAction\":[{\"@type\":\"ReadAction\",\"target\":[\"https:\/\/abic.us\/es\/capitulos-abic\/\"]}]},{\"@type\":\"ImageObject\",\"inLanguage\":\"es\",\"@id\":\"https:\/\/abic.us\/es\/capitulos-abic\/#primaryimage\",\"url\":\"https:\/\/abic.imgix.net\/assets\/banner.png\",\"contentUrl\":\"https:\/\/abic.imgix.net\/assets\/banner.png\"},{\"@type\":\"BreadcrumbList\",\"@id\":\"https:\/\/abic.us\/es\/capitulos-abic\/#breadcrumb\",\"itemListElement\":[{\"@type\":\"ListItem\",\"position\":1,\"name\":\"Hogar\",\"item\":\"https:\/\/abic.us\/es\/\"},{\"@type\":\"ListItem\",\"position\":2,\"name\":\"CAP\u00cdTULOS ABIC\"}]},{\"@type\":\"WebSite\",\"@id\":\"https:\/\/abic.us\/es\/#website\",\"url\":\"https:\/\/abic.us\/es\/\",\"name\":\"Coalici\u00f3n Americana de Inmigraci\u00f3n Empresarial\",\"description\":\"Juntos, promoveremos una reforma migratoria sensata que crezca empleos, fortalezca nuestra econom\u00eda y beneficie a todas las familias estadounidenses.\",\"publisher\":{\"@id\":\"https:\/\/abic.us\/es\/#organization\"},\"potentialAction\":[{\"@type\":\"SearchAction\",\"target\":{\"@type\":\"EntryPoint\",\"urlTemplate\":\"https:\/\/abic.us\/es\/?s={search_term_string}\"},\"query-input\":{\"@type\":\"PropertyValueSpecification\",\"valueRequired\":true,\"valueName\":\"search_term_string\"}}],\"inLanguage\":\"es\"},{\"@type\":\"Organization\",\"@id\":\"https:\/\/abic.us\/es\/#organization\",\"name\":\"American Business Immigration Coalition\",\"url\":\"https:\/\/abic.us\/es\/\",\"logo\":{\"@type\":\"ImageObject\",\"inLanguage\":\"es\",\"@id\":\"https:\/\/abic.us\/es\/#\/schema\/logo\/image\/\",\"url\":\"https:\/\/abic.us\/wp-content\/uploads\/2021\/11\/ABIC-Logo.png\",\"contentUrl\":\"https:\/\/abic.us\/wp-content\/uploads\/2021\/11\/ABIC-Logo.png\",\"width\":1000,\"height\":260,\"caption\":\"American Business Immigration Coalition\"},\"image\":{\"@id\":\"https:\/\/abic.us\/es\/#\/schema\/logo\/image\/\"},\"sameAs\":[\"https:\/\/www.facebook.com\/AmericanBIC\",\"https:\/\/x.com\/AmericanBIC\"]},{\"@type\":\"Person\",\"@id\":\"https:\/\/abic.us\/es\/#\/schema\/person\/58547098a0d3b973c110fd8a36f0e0bb\",\"name\":\"abic\",\"image\":{\"@type\":\"ImageObject\",\"inLanguage\":\"es\",\"@id\":\"https:\/\/abic.us\/es\/#\/schema\/person\/image\/\",\"url\":\"https:\/\/secure.gravatar.com\/avatar\/4a2893b0ce0ce34781c1e0a9251ffe4322e67c4e95cdf48463d10701c3bd4c8e?s=96&d=mm&r=g\",\"contentUrl\":\"https:\/\/secure.gravatar.com\/avatar\/4a2893b0ce0ce34781c1e0a9251ffe4322e67c4e95cdf48463d10701c3bd4c8e?s=96&d=mm&r=g\",\"caption\":\"abic\"},\"sameAs\":[\"https:\/\/abic.wpengine.com\"]}]}<\/script>\n<!-- \/ Yoast SEO plugin. -->","yoast_head_json":{"title":"CAP\u00cdTULOS ABIC &#8212; Coalici\u00f3n Americana de Inmigraci\u00f3n Empresarial","robots":{"index":"index","follow":"follow","max-snippet":"max-snippet:-1","max-image-preview":"max-image-preview:large","max-video-preview":"max-video-preview:-1"},"canonical":"https:\/\/abic.us\/es\/capitulos-abic\/","og_locale":"es_ES","og_type":"article","og_title":"CAP\u00cdTULOS ABIC &#8212; Coalici\u00f3n Americana de Inmigraci\u00f3n Empresarial","og_description":"&#13; CAP\u00cdTULOS ABIC &#13; &#13; La American Business Immigration Coalition (ABIC) es una organizaci\u00f3n nacional con cap\u00edtulos activos en todo el pa\u00eds que trabajan para proporcionar una voz fuerte y...","og_url":"https:\/\/abic.us\/es\/capitulos-abic\/","og_site_name":"Coalici\u00f3n Americana de Inmigraci\u00f3n Empresarial","article_publisher":"https:\/\/www.facebook.com\/AmericanBIC","article_published_time":"2021-02-08T15:07:18+00:00","article_modified_time":"2022-02-24T18:04:49+00:00","og_image":[{"url":"https:\/\/abic.imgix.net\/assets\/banner.png","type":"","width":"","height":""}],"author":"abic","twitter_card":"summary_large_image","twitter_creator":"@AmericanBIC","twitter_site":"@AmericanBIC","twitter_misc":{"Escrito por":"abic","Tiempo de lectura":"2 minutos"},"schema":{"@context":"https:\/\/schema.org","@graph":[{"@type":"Article","@id":"https:\/\/abic.us\/es\/capitulos-abic\/#article","isPartOf":{"@id":"https:\/\/abic.us\/es\/capitulos-abic\/"},"author":{"name":"abic","@id":"https:\/\/abic.us\/es\/#\/schema\/person\/58547098a0d3b973c110fd8a36f0e0bb"},"headline":"CAP\u00cdTULOS ABIC","datePublished":"2021-02-08T15:07:18+00:00","dateModified":"2022-02-24T18:04:49+00:00","mainEntityOfPage":{"@id":"https:\/\/abic.us\/es\/capitulos-abic\/"},"wordCount":415,"publisher":{"@id":"https:\/\/abic.us\/es\/#organization"},"image":{"@id":"https:\/\/abic.us\/es\/capitulos-abic\/#primaryimage"},"thumbnailUrl":"https:\/\/abic.imgix.net\/assets\/banner.png","articleSection":["Actualizaciones"],"inLanguage":"es"},{"@type":"WebPage","@id":"https:\/\/abic.us\/es\/capitulos-abic\/","url":"https:\/\/abic.us\/es\/capitulos-abic\/","name":"CAP\u00cdTULOS ABIC &#8212; Coalici\u00f3n Americana de Inmigraci\u00f3n Empresarial","isPartOf":{"@id":"https:\/\/abic.us\/es\/#website"},"primaryImageOfPage":{"@id":"https:\/\/abic.us\/es\/capitulos-abic\/#primaryimage"},"image":{"@id":"https:\/\/abic.us\/es\/capitulos-abic\/#primaryimage"},"thumbnailUrl":"https:\/\/abic.imgix.net\/assets\/banner.png","datePublished":"2021-02-08T15:07:18+00:00","dateModified":"2022-02-24T18:04:49+00:00","breadcrumb":{"@id":"https:\/\/abic.us\/es\/capitulos-abic\/#breadcrumb"},"inLanguage":"es","potentialAction":[{"@type":"ReadAction","target":["https:\/\/abic.us\/es\/capitulos-abic\/"]}]},{"@type":"ImageObject","inLanguage":"es","@id":"https:\/\/abic.us\/es\/capitulos-abic\/#primaryimage","url":"https:\/\/abic.imgix.net\/assets\/banner.png","contentUrl":"https:\/\/abic.imgix.net\/assets\/banner.png"},{"@type":"BreadcrumbList","@id":"https:\/\/abic.us\/es\/capitulos-abic\/#breadcrumb","itemListElement":[{"@type":"ListItem","position":1,"name":"Hogar","item":"https:\/\/abic.us\/es\/"},{"@type":"ListItem","position":2,"name":"CAP\u00cdTULOS ABIC"}]},{"@type":"WebSite","@id":"https:\/\/abic.us\/es\/#website","url":"https:\/\/abic.us\/es\/","name":"Coalici\u00f3n Americana de Inmigraci\u00f3n Empresarial","description":"Juntos, promoveremos una reforma migratoria sensata que crezca empleos, fortalezca nuestra econom\u00eda y beneficie a todas las familias estadounidenses.","publisher":{"@id":"https:\/\/abic.us\/es\/#organization"},"potentialAction":[{"@type":"SearchAction","target":{"@type":"EntryPoint","urlTemplate":"https:\/\/abic.us\/es\/?s={search_term_string}"},"query-input":{"@type":"PropertyValueSpecification","valueRequired":true,"valueName":"search_term_string"}}],"inLanguage":"es"},{"@type":"Organization","@id":"https:\/\/abic.us\/es\/#organization","name":"American Business Immigration Coalition","url":"https:\/\/abic.us\/es\/","logo":{"@type":"ImageObject","inLanguage":"es","@id":"https:\/\/abic.us\/es\/#\/schema\/logo\/image\/","url":"https:\/\/abic.us\/wp-content\/uploads\/2021\/11\/ABIC-Logo.png","contentUrl":"https:\/\/abic.us\/wp-content\/uploads\/2021\/11\/ABIC-Logo.png","width":1000,"height":260,"caption":"American Business Immigration Coalition"},"image":{"@id":"https:\/\/abic.us\/es\/#\/schema\/logo\/image\/"},"sameAs":["https:\/\/www.facebook.com\/AmericanBIC","https:\/\/x.com\/AmericanBIC"]},{"@type":"Person","@id":"https:\/\/abic.us\/es\/#\/schema\/person\/58547098a0d3b973c110fd8a36f0e0bb","name":"abic","image":{"@type":"ImageObject","inLanguage":"es","@id":"https:\/\/abic.us\/es\/#\/schema\/person\/image\/","url":"https:\/\/secure.gravatar.com\/avatar\/4a2893b0ce0ce34781c1e0a9251ffe4322e67c4e95cdf48463d10701c3bd4c8e?s=96&d=mm&r=g","contentUrl":"https:\/\/secure.gravatar.com\/avatar\/4a2893b0ce0ce34781c1e0a9251ffe4322e67c4e95cdf48463d10701c3bd4c8e?s=96&d=mm&r=g","caption":"abic"},"sameAs":["https:\/\/abic.wpengine.com"]}]}},"_links":{"self":[{"href":"https:\/\/abic.us\/es\/wp-json\/wp\/v2\/posts\/35006","targetHints":{"allow":["GET"]}}],"collection":[{"href":"https:\/\/abic.us\/es\/wp-json\/wp\/v2\/posts"}],"about":[{"href":"https:\/\/abic.us\/es\/wp-json\/wp\/v2\/types\/post"}],"author":[{"embeddable":true,"href":"https:\/\/abic.us\/es\/wp-json\/wp\/v2\/users\/1"}],"replies":[{"embeddable":true,"href":"https:\/\/abic.us\/es\/wp-json\/wp\/v2\/comments?post=35006"}],"version-history":[{"count":0,"href":"https:\/\/abic.us\/es\/wp-json\/wp\/v2\/posts\/35006\/revisions"}],"wp:attachment":[{"href":"https:\/\/abic.us\/es\/wp-json\/wp\/v2\/media?parent=35006"}],"wp:term":[{"taxonomy":"category","embeddable":true,"href":"https:\/\/abic.us\/es\/wp-json\/wp\/v2\/categories?post=35006"},{"taxonomy":"post_tag","embeddable":true,"href":"https:\/\/abic.us\/es\/wp-json\/wp\/v2\/tags?post=35006"}],"curies":[{"name":"wp","href":"https:\/\/api.w.org\/{rel}","templated":true}]}}