{"id":35003,"date":"2021-02-25T15:19:19","date_gmt":"2021-02-25T15:19:19","guid":{"rendered":"https:\/\/abic.wpengine.com\/reunion-informativa-con-el-senador-dick-durbin-sobre-dream-act-y-la-reforma-migratoria\/"},"modified":"2021-12-06T14:33:47","modified_gmt":"2021-12-06T14:33:47","slug":"reunion-informativa-con-el-senador-dick-durbin-sobre-dream-act-y-la-reforma-migratoria","status":"publish","type":"post","link":"https:\/\/abic.us\/es\/reunion-informativa-con-el-senador-dick-durbin-sobre-dream-act-y-la-reforma-migratoria\/","title":{"rendered":"Reuni\u00f3n informativa con el senador Dick Durbin sobre dream act y la reforma migratoria"},"content":{"rendered":"\n<figure class=\"wp-block-image size-large\"><img decoding=\"async\" src=\"https:\/\/abic.imgix.net\/assets\/Durbin2-1.jpg\" alt=\"\" class=\"wp-image-31259\"\/><\/figure>\n<h2 class=\"wp-block-heading\"><strong>Reuni\u00f3n informativa con el senador Dick Durbin sobre dream act y la reforma migratoria  <\/strong><\/h2>\n\n<p><strong>CHICAGO, IL<\/strong> \u2014 Senador de los Estados Unidos  <strong>Dick Durbin<\/strong> (D-IL), Presidente del Comit\u00e9 Judicial del Senado y copatrocinador del bipartidismo  <a href=\"https:\/\/www.durbin.senate.gov\/newsroom\/press-releases\/twenty-years-since-it-was-first-introduced-durbin-calls-on-the-senate-to-finally-make-the-dream-act-the-law-of-the-land\" target=\"_blank\" rel=\"noreferrer noopener\">Dream Act<\/a> con el Senador  <strong>Lindsey Graham<\/strong> (R-S.C.), dar\u00e1 una actualizaci\u00f3n sobre la legislaci\u00f3n y responder\u00e1 preguntas de defensores, presidentes de universidades y ceos el viernes en una sesi\u00f3n informativa titulada  <a href=\"https:\/\/zoom.us\/webinar\/register\/WN_FgDeWFaGQ86-EvgMYqITww\" target=\"_blank\" rel=\"noreferrer noopener\"><strong>Cumpliendo la promesa de Estados Unidos: Reuni\u00f3n informativa con el senador Dick Durbin sobre dream act y la reforma migratoria.<\/strong>\n  \n<\/a> <\/p>\n\n<p>El Dream Act proporcionar\u00eda un camino hacia el estatus legal y la ciudadan\u00eda a casi <a href=\"https:\/\/www.migrationpolicy.org\/sites\/default\/files\/publications\/Differing%20DREAM-FS-October2017_FINALWEB.pdf\" target=\"_blank\" rel=\"noreferrer noopener\">2 millones de Dreamers, incluidos<\/a>los beneficiarios de DACA y los j\u00f3venes elegibles para DACA. La introducci\u00f3n del Dream Act es un paso importante para proporcionar un camino hacia la ciudadan\u00eda a 11 millones de personas indocumentadas que viven en los Estados Unidos, junto con los titulares de TPS, trabajadores agr\u00edcolas y trabajadores esenciales.<\/p>\n\n<p><strong>Se invita a los medios de comunicaci\u00f3n a escuchar el evento. Para programar entrevistas con defensores o l\u00edderes empresariales por separado, comun\u00edquese con  <\/strong><a href=\"mailto:hsoto@americanbic.biz\"><strong>hsoto@americanbic.biz<\/strong>\n  \n<\/a> <strong> y <\/strong> <a href=\"mailto:jose@unitedwedream.org\"><strong>jose@unitedwedream.org<\/strong>\n  \n<\/a><strong>. Una grabaci\u00f3n del seminario web estar\u00e1 disponible despu\u00e9s del evento.<\/strong><\/p>\n\n<p><strong>DETALLES DEL EVENTO<\/strong><\/p>\n\n<p><strong>QU\u00c9<\/strong>: Cumpliendo la promesa de Estados Unidos: Reuni\u00f3n informativa con el senador Dick Durbin sobre dream act y la reforma migratoria<\/p>\n\n<p><strong>CU\u00c1NDO<\/strong>: Viernes, 26 de febrero a las 11:30 AM EST<\/p>\n\n<p><strong>INSCRIPCI\u00d3N: <\/strong> <a href=\"http:\/\/bit.ly\/DREAMAct2021\" target=\"_blank\" rel=\"noreferrer noopener\">http:\/\/bit.ly\/DREAMAct2021<\/a> <\/p>\n\n<p>El evento es co-organizado por <a href=\"https:\/\/abic.us\/\" target=\"_blank\" rel=\"noreferrer noopener\">ABIC<\/a> y <a href=\"https:\/\/unitedwedream.org\/\" target=\"_blank\" rel=\"noreferrer noopener\">United We Dream.<\/a> Copatrocinadores del evento:  <a href=\"https:\/\/thedream.us\/\" target=\"_blank\" rel=\"noreferrer noopener\">TheDream.us<\/a>,  <a href=\"https:\/\/theimmigrationhub.org\/\" target=\"_blank\" rel=\"noreferrer noopener\">Centro de Inmigraci\u00f3n<\/a>,  <a href=\"https:\/\/www.nilc.org\/\" target=\"_blank\" rel=\"noreferrer noopener\">Centro Nacional de Leyes de Inmigraci\u00f3n,<\/a> <a href=\"https:\/\/www.uschamber.com\/\" target=\"_blank\" rel=\"noreferrer noopener\">C\u00e1mara de Comercio de los Estados Unidos,<\/a> <a href=\"https:\/\/www.fwd.us\/\" target=\"_blank\" rel=\"noreferrer noopener\">FWD.us<\/a>,  <a href=\"https:\/\/www.seiu.org\/\" target=\"_blank\" rel=\"noreferrer noopener\">SEIU<\/a>,  <a href=\"https:\/\/unitehere.org\/\" target=\"_blank\" rel=\"noreferrer noopener\">\u00daNETE AQU\u00cd<\/a>,  <a href=\"https:\/\/www.presidentsalliance.org\/\" target=\"_blank\" rel=\"noreferrer noopener\">Alianza de Presidentes sobre Educaci\u00f3n Superior e Inmigraci\u00f3n,<\/a> <a href=\"https:\/\/www.usccb.org\/\" target=\"_blank\" rel=\"noreferrer noopener\">Conferencia de Obispos Cat\u00f3licos de los Estados Unidos,<\/a> <a href=\"https:\/\/americansforprosperity.org\/\" target=\"_blank\" rel=\"noreferrer noopener\">Americanos por la Prosperidad,<\/a> <a href=\"https:\/\/thelibreinitiative.com\/\" target=\"_blank\" rel=\"noreferrer noopener\">LIBRE<\/a>,  <a href=\"https:\/\/www.unidosus.org\/\" target=\"_blank\" rel=\"noreferrer noopener\">UnidosUS<\/a>,  <a href=\"https:\/\/ufw.org\/\" target=\"_blank\" rel=\"noreferrer noopener\">Trabajadores Agr\u00edcolas Unidos,<\/a> <a href=\"https:\/\/www.alianzaamericas.org\/?lang=en\" target=\"_blank\" rel=\"noreferrer noopener\">Alianza Am\u00e9rica<\/a>,  <a href=\"https:\/\/www.nyic.org\/\" target=\"_blank\" rel=\"noreferrer noopener\">NYIC<\/a>,  <a href=\"https:\/\/wearecasa.org\/\" target=\"_blank\" rel=\"noreferrer noopener\">CASA<\/a>,  <a href=\"https:\/\/www.chirla.org\/\" target=\"_blank\" rel=\"noreferrer noopener\">CHIRLA<\/a>,  <a href=\"https:\/\/floridaimmigrant.org\/\" target=\"_blank\" rel=\"noreferrer noopener\">FLIC<\/a>,  <a href=\"https:\/\/resurrectionproject.org\/\" target=\"_blank\" rel=\"noreferrer noopener\">El Proyecto resurrecci\u00f3n<\/a>,  <a href=\"https:\/\/www.miracoalition.org\/\" target=\"_blank\" rel=\"noreferrer noopener\">Coalici\u00f3n MIRA<\/a>,  <a href=\"https:\/\/arkansasunited.org\/\" target=\"_blank\" rel=\"noreferrer noopener\">Arkansas United<\/a>,  <a href=\"https:\/\/immigrationforum.org\/\" target=\"_blank\" rel=\"noreferrer noopener\">Foro Nacional de Inmigraci\u00f3n.<\/a><\/p>\n\n<p><strong>ACERCA DE<\/strong><\/p>\n\n<p>La <a href=\"https:\/\/abic.us\/\">American Business Immigration Coalition (ABIC)<\/a> (ABIC) promueve una reforma migratoria de sentido com\u00fan que promueve la competitividad econ\u00f3mica, proporciona a las empresas tanto el talento altamente calificado como el poco calificado que necesitan, y permite la integraci\u00f3n de los inmigrantes en nuestra econom\u00eda como consumidores, trabajadores, empresarios y ciudadanos.<br\/><a href=\"http:\/\/unitedwedream.org\">United We Dream<\/a> es la organizaci\u00f3n dirigida por j\u00f3venes inmigrantes m\u00e1s grande de la naci\u00f3n, una poderosa red compuesta por m\u00e1s de 800,000 miembros, m\u00e1s de 100 grupos locales y un alcance de m\u00e1s de 5 millones por mes. La visi\u00f3n de UWD es construir un movimiento multirracial y multi\u00e9tnico de j\u00f3venes que se organicen y aboguen a nivel local y nacional por la dignidad y la justicia de los inmigrantes y las comunidades de color en los Estados Unidos.<\/p>\n","protected":false},"excerpt":{"rendered":"<p>Reuni\u00f3n informativa con el senador Dick Durbin sobre dream act y la reforma migratoria CHICAGO, IL \u2014 Senador de los Estados Unidos Dick Durbin (D-IL), Presidente del Comit\u00e9 Judicial del&#8230;<\/p>\n","protected":false},"author":1,"featured_media":0,"comment_status":"closed","ping_status":"closed","sticky":false,"template":"","format":"standard","meta":{"footnotes":""},"categories":[63],"tags":[],"class_list":{"0":"post-35003","1":"post","2":"type-post","3":"status-publish","4":"format-standard","6":"category-actualizaciones"},"yoast_head":"<!-- This site is optimized with the Yoast SEO plugin v26.9 - https:\/\/yoast.com\/product\/yoast-seo-wordpress\/ -->\n<title>Reuni\u00f3n informativa con el senador Dick Durbin sobre dream act y la reforma migratoria &#8212; Coalici\u00f3n Americana de Inmigraci\u00f3n Empresarial<\/title>\n<meta name=\"robots\" content=\"index, follow, max-snippet:-1, max-image-preview:large, max-video-preview:-1\" \/>\n<link rel=\"canonical\" href=\"https:\/\/abic.us\/es\/reunion-informativa-con-el-senador-dick-durbin-sobre-dream-act-y-la-reforma-migratoria\/\" \/>\n<meta property=\"og:locale\" content=\"es_ES\" \/>\n<meta property=\"og:type\" content=\"article\" \/>\n<meta property=\"og:title\" content=\"Reuni\u00f3n informativa con el senador Dick Durbin sobre dream act y la reforma migratoria &#8212; Coalici\u00f3n Americana de Inmigraci\u00f3n Empresarial\" \/>\n<meta property=\"og:description\" content=\"Reuni\u00f3n informativa con el senador Dick Durbin sobre dream act y la reforma migratoria CHICAGO, IL \u2014 Senador de los Estados Unidos Dick Durbin (D-IL), Presidente del Comit\u00e9 Judicial del...\" \/>\n<meta property=\"og:url\" content=\"https:\/\/abic.us\/es\/reunion-informativa-con-el-senador-dick-durbin-sobre-dream-act-y-la-reforma-migratoria\/\" \/>\n<meta property=\"og:site_name\" content=\"Coalici\u00f3n Americana de Inmigraci\u00f3n Empresarial\" \/>\n<meta property=\"article:publisher\" content=\"https:\/\/www.facebook.com\/AmericanBIC\" \/>\n<meta property=\"article:published_time\" content=\"2021-02-25T15:19:19+00:00\" \/>\n<meta property=\"article:modified_time\" content=\"2021-12-06T14:33:47+00:00\" \/>\n<meta property=\"og:image\" content=\"https:\/\/abic.imgix.net\/assets\/Durbin2-1.jpg\" \/>\n<meta name=\"author\" content=\"abic\" \/>\n<meta name=\"twitter:card\" content=\"summary_large_image\" \/>\n<meta name=\"twitter:creator\" content=\"@AmericanBIC\" \/>\n<meta name=\"twitter:site\" content=\"@AmericanBIC\" \/>\n<meta name=\"twitter:label1\" content=\"Escrito por\" \/>\n\t<meta name=\"twitter:data1\" content=\"abic\" \/>\n\t<meta name=\"twitter:label2\" content=\"Tiempo de lectura\" \/>\n\t<meta name=\"twitter:data2\" content=\"2 minutos\" \/>\n<script type=\"application\/ld+json\" class=\"yoast-schema-graph\">{\"@context\":\"https:\/\/schema.org\",\"@graph\":[{\"@type\":\"Article\",\"@id\":\"https:\/\/abic.us\/es\/reunion-informativa-con-el-senador-dick-durbin-sobre-dream-act-y-la-reforma-migratoria\/#article\",\"isPartOf\":{\"@id\":\"https:\/\/abic.us\/es\/reunion-informativa-con-el-senador-dick-durbin-sobre-dream-act-y-la-reforma-migratoria\/\"},\"author\":{\"name\":\"abic\",\"@id\":\"https:\/\/abic.us\/es\/#\/schema\/person\/58547098a0d3b973c110fd8a36f0e0bb\"},\"headline\":\"Reuni\u00f3n informativa con el senador Dick Durbin sobre dream act y la reforma migratoria\",\"datePublished\":\"2021-02-25T15:19:19+00:00\",\"dateModified\":\"2021-12-06T14:33:47+00:00\",\"mainEntityOfPage\":{\"@id\":\"https:\/\/abic.us\/es\/reunion-informativa-con-el-senador-dick-durbin-sobre-dream-act-y-la-reforma-migratoria\/\"},\"wordCount\":495,\"publisher\":{\"@id\":\"https:\/\/abic.us\/es\/#organization\"},\"image\":{\"@id\":\"https:\/\/abic.us\/es\/reunion-informativa-con-el-senador-dick-durbin-sobre-dream-act-y-la-reforma-migratoria\/#primaryimage\"},\"thumbnailUrl\":\"https:\/\/abic.imgix.net\/assets\/Durbin2-1.jpg\",\"articleSection\":[\"Actualizaciones\"],\"inLanguage\":\"es\"},{\"@type\":\"WebPage\",\"@id\":\"https:\/\/abic.us\/es\/reunion-informativa-con-el-senador-dick-durbin-sobre-dream-act-y-la-reforma-migratoria\/\",\"url\":\"https:\/\/abic.us\/es\/reunion-informativa-con-el-senador-dick-durbin-sobre-dream-act-y-la-reforma-migratoria\/\",\"name\":\"Reuni\u00f3n informativa con el senador Dick Durbin sobre dream act y la reforma migratoria &#8212; Coalici\u00f3n Americana de Inmigraci\u00f3n Empresarial\",\"isPartOf\":{\"@id\":\"https:\/\/abic.us\/es\/#website\"},\"primaryImageOfPage\":{\"@id\":\"https:\/\/abic.us\/es\/reunion-informativa-con-el-senador-dick-durbin-sobre-dream-act-y-la-reforma-migratoria\/#primaryimage\"},\"image\":{\"@id\":\"https:\/\/abic.us\/es\/reunion-informativa-con-el-senador-dick-durbin-sobre-dream-act-y-la-reforma-migratoria\/#primaryimage\"},\"thumbnailUrl\":\"https:\/\/abic.imgix.net\/assets\/Durbin2-1.jpg\",\"datePublished\":\"2021-02-25T15:19:19+00:00\",\"dateModified\":\"2021-12-06T14:33:47+00:00\",\"breadcrumb\":{\"@id\":\"https:\/\/abic.us\/es\/reunion-informativa-con-el-senador-dick-durbin-sobre-dream-act-y-la-reforma-migratoria\/#breadcrumb\"},\"inLanguage\":\"es\",\"potentialAction\":[{\"@type\":\"ReadAction\",\"target\":[\"https:\/\/abic.us\/es\/reunion-informativa-con-el-senador-dick-durbin-sobre-dream-act-y-la-reforma-migratoria\/\"]}]},{\"@type\":\"ImageObject\",\"inLanguage\":\"es\",\"@id\":\"https:\/\/abic.us\/es\/reunion-informativa-con-el-senador-dick-durbin-sobre-dream-act-y-la-reforma-migratoria\/#primaryimage\",\"url\":\"https:\/\/abic.imgix.net\/assets\/Durbin2-1.jpg\",\"contentUrl\":\"https:\/\/abic.imgix.net\/assets\/Durbin2-1.jpg\"},{\"@type\":\"BreadcrumbList\",\"@id\":\"https:\/\/abic.us\/es\/reunion-informativa-con-el-senador-dick-durbin-sobre-dream-act-y-la-reforma-migratoria\/#breadcrumb\",\"itemListElement\":[{\"@type\":\"ListItem\",\"position\":1,\"name\":\"Hogar\",\"item\":\"https:\/\/abic.us\/es\/\"},{\"@type\":\"ListItem\",\"position\":2,\"name\":\"Reuni\u00f3n informativa con el senador Dick Durbin sobre dream act y la reforma migratoria\"}]},{\"@type\":\"WebSite\",\"@id\":\"https:\/\/abic.us\/es\/#website\",\"url\":\"https:\/\/abic.us\/es\/\",\"name\":\"Coalici\u00f3n Americana de Inmigraci\u00f3n Empresarial\",\"description\":\"Juntos, promoveremos una reforma migratoria sensata que crezca empleos, fortalezca nuestra econom\u00eda y beneficie a todas las familias estadounidenses.\",\"publisher\":{\"@id\":\"https:\/\/abic.us\/es\/#organization\"},\"potentialAction\":[{\"@type\":\"SearchAction\",\"target\":{\"@type\":\"EntryPoint\",\"urlTemplate\":\"https:\/\/abic.us\/es\/?s={search_term_string}\"},\"query-input\":{\"@type\":\"PropertyValueSpecification\",\"valueRequired\":true,\"valueName\":\"search_term_string\"}}],\"inLanguage\":\"es\"},{\"@type\":\"Organization\",\"@id\":\"https:\/\/abic.us\/es\/#organization\",\"name\":\"American Business Immigration Coalition\",\"url\":\"https:\/\/abic.us\/es\/\",\"logo\":{\"@type\":\"ImageObject\",\"inLanguage\":\"es\",\"@id\":\"https:\/\/abic.us\/es\/#\/schema\/logo\/image\/\",\"url\":\"https:\/\/abic.us\/wp-content\/uploads\/2021\/11\/ABIC-Logo.png\",\"contentUrl\":\"https:\/\/abic.us\/wp-content\/uploads\/2021\/11\/ABIC-Logo.png\",\"width\":1000,\"height\":260,\"caption\":\"American Business Immigration Coalition\"},\"image\":{\"@id\":\"https:\/\/abic.us\/es\/#\/schema\/logo\/image\/\"},\"sameAs\":[\"https:\/\/www.facebook.com\/AmericanBIC\",\"https:\/\/x.com\/AmericanBIC\"]},{\"@type\":\"Person\",\"@id\":\"https:\/\/abic.us\/es\/#\/schema\/person\/58547098a0d3b973c110fd8a36f0e0bb\",\"name\":\"abic\",\"image\":{\"@type\":\"ImageObject\",\"inLanguage\":\"es\",\"@id\":\"https:\/\/abic.us\/es\/#\/schema\/person\/image\/\",\"url\":\"https:\/\/secure.gravatar.com\/avatar\/4a2893b0ce0ce34781c1e0a9251ffe4322e67c4e95cdf48463d10701c3bd4c8e?s=96&d=mm&r=g\",\"contentUrl\":\"https:\/\/secure.gravatar.com\/avatar\/4a2893b0ce0ce34781c1e0a9251ffe4322e67c4e95cdf48463d10701c3bd4c8e?s=96&d=mm&r=g\",\"caption\":\"abic\"},\"sameAs\":[\"https:\/\/abic.wpengine.com\"]}]}<\/script>\n<!-- \/ Yoast SEO plugin. -->","yoast_head_json":{"title":"Reuni\u00f3n informativa con el senador Dick Durbin sobre dream act y la reforma migratoria &#8212; Coalici\u00f3n Americana de Inmigraci\u00f3n Empresarial","robots":{"index":"index","follow":"follow","max-snippet":"max-snippet:-1","max-image-preview":"max-image-preview:large","max-video-preview":"max-video-preview:-1"},"canonical":"https:\/\/abic.us\/es\/reunion-informativa-con-el-senador-dick-durbin-sobre-dream-act-y-la-reforma-migratoria\/","og_locale":"es_ES","og_type":"article","og_title":"Reuni\u00f3n informativa con el senador Dick Durbin sobre dream act y la reforma migratoria &#8212; Coalici\u00f3n Americana de Inmigraci\u00f3n Empresarial","og_description":"Reuni\u00f3n informativa con el senador Dick Durbin sobre dream act y la reforma migratoria CHICAGO, IL \u2014 Senador de los Estados Unidos Dick Durbin (D-IL), Presidente del Comit\u00e9 Judicial del...","og_url":"https:\/\/abic.us\/es\/reunion-informativa-con-el-senador-dick-durbin-sobre-dream-act-y-la-reforma-migratoria\/","og_site_name":"Coalici\u00f3n Americana de Inmigraci\u00f3n Empresarial","article_publisher":"https:\/\/www.facebook.com\/AmericanBIC","article_published_time":"2021-02-25T15:19:19+00:00","article_modified_time":"2021-12-06T14:33:47+00:00","og_image":[{"url":"https:\/\/abic.imgix.net\/assets\/Durbin2-1.jpg","type":"","width":"","height":""}],"author":"abic","twitter_card":"summary_large_image","twitter_creator":"@AmericanBIC","twitter_site":"@AmericanBIC","twitter_misc":{"Escrito por":"abic","Tiempo de lectura":"2 minutos"},"schema":{"@context":"https:\/\/schema.org","@graph":[{"@type":"Article","@id":"https:\/\/abic.us\/es\/reunion-informativa-con-el-senador-dick-durbin-sobre-dream-act-y-la-reforma-migratoria\/#article","isPartOf":{"@id":"https:\/\/abic.us\/es\/reunion-informativa-con-el-senador-dick-durbin-sobre-dream-act-y-la-reforma-migratoria\/"},"author":{"name":"abic","@id":"https:\/\/abic.us\/es\/#\/schema\/person\/58547098a0d3b973c110fd8a36f0e0bb"},"headline":"Reuni\u00f3n informativa con el senador Dick Durbin sobre dream act y la reforma migratoria","datePublished":"2021-02-25T15:19:19+00:00","dateModified":"2021-12-06T14:33:47+00:00","mainEntityOfPage":{"@id":"https:\/\/abic.us\/es\/reunion-informativa-con-el-senador-dick-durbin-sobre-dream-act-y-la-reforma-migratoria\/"},"wordCount":495,"publisher":{"@id":"https:\/\/abic.us\/es\/#organization"},"image":{"@id":"https:\/\/abic.us\/es\/reunion-informativa-con-el-senador-dick-durbin-sobre-dream-act-y-la-reforma-migratoria\/#primaryimage"},"thumbnailUrl":"https:\/\/abic.imgix.net\/assets\/Durbin2-1.jpg","articleSection":["Actualizaciones"],"inLanguage":"es"},{"@type":"WebPage","@id":"https:\/\/abic.us\/es\/reunion-informativa-con-el-senador-dick-durbin-sobre-dream-act-y-la-reforma-migratoria\/","url":"https:\/\/abic.us\/es\/reunion-informativa-con-el-senador-dick-durbin-sobre-dream-act-y-la-reforma-migratoria\/","name":"Reuni\u00f3n informativa con el senador Dick Durbin sobre dream act y la reforma migratoria &#8212; Coalici\u00f3n Americana de Inmigraci\u00f3n Empresarial","isPartOf":{"@id":"https:\/\/abic.us\/es\/#website"},"primaryImageOfPage":{"@id":"https:\/\/abic.us\/es\/reunion-informativa-con-el-senador-dick-durbin-sobre-dream-act-y-la-reforma-migratoria\/#primaryimage"},"image":{"@id":"https:\/\/abic.us\/es\/reunion-informativa-con-el-senador-dick-durbin-sobre-dream-act-y-la-reforma-migratoria\/#primaryimage"},"thumbnailUrl":"https:\/\/abic.imgix.net\/assets\/Durbin2-1.jpg","datePublished":"2021-02-25T15:19:19+00:00","dateModified":"2021-12-06T14:33:47+00:00","breadcrumb":{"@id":"https:\/\/abic.us\/es\/reunion-informativa-con-el-senador-dick-durbin-sobre-dream-act-y-la-reforma-migratoria\/#breadcrumb"},"inLanguage":"es","potentialAction":[{"@type":"ReadAction","target":["https:\/\/abic.us\/es\/reunion-informativa-con-el-senador-dick-durbin-sobre-dream-act-y-la-reforma-migratoria\/"]}]},{"@type":"ImageObject","inLanguage":"es","@id":"https:\/\/abic.us\/es\/reunion-informativa-con-el-senador-dick-durbin-sobre-dream-act-y-la-reforma-migratoria\/#primaryimage","url":"https:\/\/abic.imgix.net\/assets\/Durbin2-1.jpg","contentUrl":"https:\/\/abic.imgix.net\/assets\/Durbin2-1.jpg"},{"@type":"BreadcrumbList","@id":"https:\/\/abic.us\/es\/reunion-informativa-con-el-senador-dick-durbin-sobre-dream-act-y-la-reforma-migratoria\/#breadcrumb","itemListElement":[{"@type":"ListItem","position":1,"name":"Hogar","item":"https:\/\/abic.us\/es\/"},{"@type":"ListItem","position":2,"name":"Reuni\u00f3n informativa con el senador Dick Durbin sobre dream act y la reforma migratoria"}]},{"@type":"WebSite","@id":"https:\/\/abic.us\/es\/#website","url":"https:\/\/abic.us\/es\/","name":"Coalici\u00f3n Americana de Inmigraci\u00f3n Empresarial","description":"Juntos, promoveremos una reforma migratoria sensata que crezca empleos, fortalezca nuestra econom\u00eda y beneficie a todas las familias estadounidenses.","publisher":{"@id":"https:\/\/abic.us\/es\/#organization"},"potentialAction":[{"@type":"SearchAction","target":{"@type":"EntryPoint","urlTemplate":"https:\/\/abic.us\/es\/?s={search_term_string}"},"query-input":{"@type":"PropertyValueSpecification","valueRequired":true,"valueName":"search_term_string"}}],"inLanguage":"es"},{"@type":"Organization","@id":"https:\/\/abic.us\/es\/#organization","name":"American Business Immigration Coalition","url":"https:\/\/abic.us\/es\/","logo":{"@type":"ImageObject","inLanguage":"es","@id":"https:\/\/abic.us\/es\/#\/schema\/logo\/image\/","url":"https:\/\/abic.us\/wp-content\/uploads\/2021\/11\/ABIC-Logo.png","contentUrl":"https:\/\/abic.us\/wp-content\/uploads\/2021\/11\/ABIC-Logo.png","width":1000,"height":260,"caption":"American Business Immigration Coalition"},"image":{"@id":"https:\/\/abic.us\/es\/#\/schema\/logo\/image\/"},"sameAs":["https:\/\/www.facebook.com\/AmericanBIC","https:\/\/x.com\/AmericanBIC"]},{"@type":"Person","@id":"https:\/\/abic.us\/es\/#\/schema\/person\/58547098a0d3b973c110fd8a36f0e0bb","name":"abic","image":{"@type":"ImageObject","inLanguage":"es","@id":"https:\/\/abic.us\/es\/#\/schema\/person\/image\/","url":"https:\/\/secure.gravatar.com\/avatar\/4a2893b0ce0ce34781c1e0a9251ffe4322e67c4e95cdf48463d10701c3bd4c8e?s=96&d=mm&r=g","contentUrl":"https:\/\/secure.gravatar.com\/avatar\/4a2893b0ce0ce34781c1e0a9251ffe4322e67c4e95cdf48463d10701c3bd4c8e?s=96&d=mm&r=g","caption":"abic"},"sameAs":["https:\/\/abic.wpengine.com"]}]}},"_links":{"self":[{"href":"https:\/\/abic.us\/es\/wp-json\/wp\/v2\/posts\/35003","targetHints":{"allow":["GET"]}}],"collection":[{"href":"https:\/\/abic.us\/es\/wp-json\/wp\/v2\/posts"}],"about":[{"href":"https:\/\/abic.us\/es\/wp-json\/wp\/v2\/types\/post"}],"author":[{"embeddable":true,"href":"https:\/\/abic.us\/es\/wp-json\/wp\/v2\/users\/1"}],"replies":[{"embeddable":true,"href":"https:\/\/abic.us\/es\/wp-json\/wp\/v2\/comments?post=35003"}],"version-history":[{"count":0,"href":"https:\/\/abic.us\/es\/wp-json\/wp\/v2\/posts\/35003\/revisions"}],"wp:attachment":[{"href":"https:\/\/abic.us\/es\/wp-json\/wp\/v2\/media?parent=35003"}],"wp:term":[{"taxonomy":"category","embeddable":true,"href":"https:\/\/abic.us\/es\/wp-json\/wp\/v2\/categories?post=35003"},{"taxonomy":"post_tag","embeddable":true,"href":"https:\/\/abic.us\/es\/wp-json\/wp\/v2\/tags?post=35003"}],"curies":[{"name":"wp","href":"https:\/\/api.w.org\/{rel}","templated":true}]}}