{"id":34992,"date":"2021-01-19T17:20:16","date_gmt":"2021-01-19T17:20:16","guid":{"rendered":"https:\/\/abic.wpengine.com\/seminario-web-el-senador-bob-menendez-patrocinador-principal-del-senado-del-proyecto-de-ley-de-inmigracion-de-biden-ofrecera-informacion-este-jueves\/"},"modified":"2021-12-06T14:32:27","modified_gmt":"2021-12-06T14:32:27","slug":"seminario-web-el-senador-bob-menendez-patrocinador-principal-del-senado-del-proyecto-de-ley-de-inmigracion-de-biden-ofrecera-informacion-este-jueves","status":"publish","type":"post","link":"https:\/\/abic.us\/es\/seminario-web-el-senador-bob-menendez-patrocinador-principal-del-senado-del-proyecto-de-ley-de-inmigracion-de-biden-ofrecera-informacion-este-jueves\/","title":{"rendered":"SEMINARIO WEB: El senador Bob Men\u00e9ndez, patrocinador principal del senado del proyecto de ley de inmigraci\u00f3n de Biden, ofrecer\u00e1 informaci\u00f3n este jueves"},"content":{"rendered":"\n<p><\/p>\n\n<div class=\"wp-block-image\"><figure class=\"aligncenter size-large is-resized\"><img loading=\"lazy\" decoding=\"async\" src=\"https:\/\/abic.imgix.net\/assets\/TWTentBidenWebinarImmigrationfinal-1-1.png\" alt=\"\" class=\"wp-image-31228\" width=\"496\" height=\"279\"\/><\/figure><\/div>\n\n<h2 class=\"wp-block-heading\"><strong>SEMINARIO WEB: El senador Bob Men\u00e9ndez, patrocinador principal del senado del proyecto de ley de inmigraci\u00f3n de Biden, ofrecer\u00e1 informaci\u00f3n este jueves<\/strong><\/h2>\n\n<p><strong>WASHINGTON, D.C. \u2014 <\/strong> <strong>El senador Bob Men\u00e9ndez<\/strong> (D-NJ), el principal patrocinador del proyecto de ley de inmigraci\u00f3n del presidente Biden, hablar\u00e1 con l\u00edderes empresariales, laborales, religiosos y defensores de la inmigraci\u00f3n sobre el proyecto de ley de inmigraci\u00f3n de la nueva administraci\u00f3n el jueves 21 de enero a las 11 AM EST.<\/p>\n\n<p>Se espera que <strong>el presidente Biden<\/strong> <a href=\"https:\/\/www.washingtonpost.com\/politics\/biden-immigration-plan\/2021\/01\/18\/f0526824-59a8-11eb-a976-bad6431e03e2_story.html\">presente<\/a> un proyecto de ley de inmigraci\u00f3n el primer d\u00eda para ayudar a nuestra naci\u00f3n a recuperarse y reconstruirse de la pandemia. <strong>El senador Men\u00e9ndez<\/strong> ser\u00e1 presentado por el <strong>excongresista Luis Guti\u00e9rrez.<\/strong> <\/p>\n\n<p>Se invita a los medios de comunicaci\u00f3n a asistir al evento. Para registrarse, por favor haga clic <a href=\"https:\/\/zoom.us\/webinar\/register\/WN_-iWmM11TSvWTIFiwFwfSVA\">aqu\u00ed.<\/a> Para programar entrevistas con l\u00edderes empresariales, laborales, religiosos y defensores en ingl\u00e9s o espa\u00f1ol, comun\u00edquese con <a href=\"mailto:hsoto@americanbic.biz\">hsoto@americanbic.biz.<\/a> Se pondr\u00e1 a disposici\u00f3n una grabaci\u00f3n del seminario web.<\/p>\n\n<p>El seminario web cubrir\u00e1 lo siguiente:  <\/p>\n\n<ul class=\"wp-block-list\"><li>Qu\u00e9 hay en el proyecto de ley &#8211; secci\u00f3n por secci\u00f3n  <\/li><li>\u00bfCu\u00e1les son las pol\u00edticas para que se apruebe?<\/li><li>\u00bfCu\u00e1l es la l\u00ednea de tiempo?<\/li><li>\u00bfQu\u00e9 pueden hacer los partidarios como usted para apoyar este esfuerzo hist\u00f3rico?<\/li><\/ul>\n<p>El evento es organizado por la American Business Immigration Coalition junto con nuestros socios: <strong>C\u00e1mara de Comercio de los Estados<\/strong>Unidos, Conferencia de <strong>Obispos Cat\u00f3licos de los Estados Unidos,<\/strong> <strong>Immigration HUB,<\/strong> <strong>National Immigration Law Center,<\/strong> <strong>UNITE HERE,<\/strong> <strong>CHIRLA,<\/strong> <strong>NYIC, CASA <\/strong>y <strong>SEIU.<\/strong> <\/p>\n\n<p><strong>ACERCA DE<\/strong><\/p>\n\n<p>La <a href=\"https:\/\/abic.us\/\">American Business Immigration Coalition<\/a> (ABIC) promueve una reforma migratoria de sentido com\u00fan que promueve la competitividad econ\u00f3mica, proporciona a las empresas el talento altamente calificado y poco calificado que necesitan, y permite la integraci\u00f3n de los inmigrantes en nuestra econom\u00eda como consumidores, trabajadores, empresarios y ciudadanos.<\/p>\n\n<p class=\"has-text-align-center\">###<\/p>\n","protected":false},"excerpt":{"rendered":"<p>SEMINARIO WEB: El senador Bob Men\u00e9ndez, patrocinador principal del senado del proyecto de ley de inmigraci\u00f3n de Biden, ofrecer\u00e1 informaci\u00f3n este jueves WASHINGTON, D.C. \u2014 El senador Bob Men\u00e9ndez (D-NJ),&#8230;<\/p>\n","protected":false},"author":1,"featured_media":0,"comment_status":"closed","ping_status":"closed","sticky":false,"template":"","format":"standard","meta":{"footnotes":""},"categories":[63],"tags":[],"class_list":{"0":"post-34992","1":"post","2":"type-post","3":"status-publish","4":"format-standard","6":"category-actualizaciones"},"yoast_head":"<!-- This site is optimized with the Yoast SEO plugin v26.9 - https:\/\/yoast.com\/product\/yoast-seo-wordpress\/ -->\n<title>SEMINARIO WEB: El senador Bob Men\u00e9ndez, patrocinador principal del senado del proyecto de ley de inmigraci\u00f3n de Biden, ofrecer\u00e1 informaci\u00f3n este jueves &#8212; Coalici\u00f3n Americana de Inmigraci\u00f3n Empresarial<\/title>\n<meta name=\"robots\" content=\"index, follow, max-snippet:-1, max-image-preview:large, max-video-preview:-1\" \/>\n<link rel=\"canonical\" href=\"https:\/\/abic.us\/es\/seminario-web-el-senador-bob-menendez-patrocinador-principal-del-senado-del-proyecto-de-ley-de-inmigracion-de-biden-ofrecera-informacion-este-jueves\/\" \/>\n<meta property=\"og:locale\" content=\"es_ES\" \/>\n<meta property=\"og:type\" content=\"article\" \/>\n<meta property=\"og:title\" content=\"SEMINARIO WEB: El senador Bob Men\u00e9ndez, patrocinador principal del senado del proyecto de ley de inmigraci\u00f3n de Biden, ofrecer\u00e1 informaci\u00f3n este jueves &#8212; Coalici\u00f3n Americana de Inmigraci\u00f3n Empresarial\" \/>\n<meta property=\"og:description\" content=\"SEMINARIO WEB: El senador Bob Men\u00e9ndez, patrocinador principal del senado del proyecto de ley de inmigraci\u00f3n de Biden, ofrecer\u00e1 informaci\u00f3n este jueves WASHINGTON, D.C. \u2014 El senador Bob Men\u00e9ndez (D-NJ),...\" \/>\n<meta property=\"og:url\" content=\"https:\/\/abic.us\/es\/seminario-web-el-senador-bob-menendez-patrocinador-principal-del-senado-del-proyecto-de-ley-de-inmigracion-de-biden-ofrecera-informacion-este-jueves\/\" \/>\n<meta property=\"og:site_name\" content=\"Coalici\u00f3n Americana de Inmigraci\u00f3n Empresarial\" \/>\n<meta property=\"article:publisher\" content=\"https:\/\/www.facebook.com\/AmericanBIC\" \/>\n<meta property=\"article:published_time\" content=\"2021-01-19T17:20:16+00:00\" \/>\n<meta property=\"article:modified_time\" content=\"2021-12-06T14:32:27+00:00\" \/>\n<meta property=\"og:image\" content=\"https:\/\/abic.imgix.net\/assets\/TWTentBidenWebinarImmigrationfinal-1-1.png\" \/>\n<meta name=\"author\" content=\"abic\" \/>\n<meta name=\"twitter:card\" content=\"summary_large_image\" \/>\n<meta name=\"twitter:creator\" content=\"@AmericanBIC\" \/>\n<meta name=\"twitter:site\" content=\"@AmericanBIC\" \/>\n<meta name=\"twitter:label1\" content=\"Escrito por\" \/>\n\t<meta name=\"twitter:data1\" content=\"abic\" \/>\n\t<meta name=\"twitter:label2\" content=\"Tiempo de lectura\" \/>\n\t<meta name=\"twitter:data2\" content=\"2 minutos\" \/>\n<script type=\"application\/ld+json\" class=\"yoast-schema-graph\">{\"@context\":\"https:\/\/schema.org\",\"@graph\":[{\"@type\":\"Article\",\"@id\":\"https:\/\/abic.us\/es\/seminario-web-el-senador-bob-menendez-patrocinador-principal-del-senado-del-proyecto-de-ley-de-inmigracion-de-biden-ofrecera-informacion-este-jueves\/#article\",\"isPartOf\":{\"@id\":\"https:\/\/abic.us\/es\/seminario-web-el-senador-bob-menendez-patrocinador-principal-del-senado-del-proyecto-de-ley-de-inmigracion-de-biden-ofrecera-informacion-este-jueves\/\"},\"author\":{\"name\":\"abic\",\"@id\":\"https:\/\/abic.us\/es\/#\/schema\/person\/58547098a0d3b973c110fd8a36f0e0bb\"},\"headline\":\"SEMINARIO WEB: El senador Bob Men\u00e9ndez, patrocinador principal del senado del proyecto de ley de inmigraci\u00f3n de Biden, ofrecer\u00e1 informaci\u00f3n este jueves\",\"datePublished\":\"2021-01-19T17:20:16+00:00\",\"dateModified\":\"2021-12-06T14:32:27+00:00\",\"mainEntityOfPage\":{\"@id\":\"https:\/\/abic.us\/es\/seminario-web-el-senador-bob-menendez-patrocinador-principal-del-senado-del-proyecto-de-ley-de-inmigracion-de-biden-ofrecera-informacion-este-jueves\/\"},\"wordCount\":348,\"publisher\":{\"@id\":\"https:\/\/abic.us\/es\/#organization\"},\"image\":{\"@id\":\"https:\/\/abic.us\/es\/seminario-web-el-senador-bob-menendez-patrocinador-principal-del-senado-del-proyecto-de-ley-de-inmigracion-de-biden-ofrecera-informacion-este-jueves\/#primaryimage\"},\"thumbnailUrl\":\"https:\/\/abic.imgix.net\/assets\/TWTentBidenWebinarImmigrationfinal-1-1.png\",\"articleSection\":[\"Actualizaciones\"],\"inLanguage\":\"es\"},{\"@type\":\"WebPage\",\"@id\":\"https:\/\/abic.us\/es\/seminario-web-el-senador-bob-menendez-patrocinador-principal-del-senado-del-proyecto-de-ley-de-inmigracion-de-biden-ofrecera-informacion-este-jueves\/\",\"url\":\"https:\/\/abic.us\/es\/seminario-web-el-senador-bob-menendez-patrocinador-principal-del-senado-del-proyecto-de-ley-de-inmigracion-de-biden-ofrecera-informacion-este-jueves\/\",\"name\":\"SEMINARIO WEB: El senador Bob Men\u00e9ndez, patrocinador principal del senado del proyecto de ley de inmigraci\u00f3n de Biden, ofrecer\u00e1 informaci\u00f3n este jueves &#8212; Coalici\u00f3n Americana de Inmigraci\u00f3n Empresarial\",\"isPartOf\":{\"@id\":\"https:\/\/abic.us\/es\/#website\"},\"primaryImageOfPage\":{\"@id\":\"https:\/\/abic.us\/es\/seminario-web-el-senador-bob-menendez-patrocinador-principal-del-senado-del-proyecto-de-ley-de-inmigracion-de-biden-ofrecera-informacion-este-jueves\/#primaryimage\"},\"image\":{\"@id\":\"https:\/\/abic.us\/es\/seminario-web-el-senador-bob-menendez-patrocinador-principal-del-senado-del-proyecto-de-ley-de-inmigracion-de-biden-ofrecera-informacion-este-jueves\/#primaryimage\"},\"thumbnailUrl\":\"https:\/\/abic.imgix.net\/assets\/TWTentBidenWebinarImmigrationfinal-1-1.png\",\"datePublished\":\"2021-01-19T17:20:16+00:00\",\"dateModified\":\"2021-12-06T14:32:27+00:00\",\"breadcrumb\":{\"@id\":\"https:\/\/abic.us\/es\/seminario-web-el-senador-bob-menendez-patrocinador-principal-del-senado-del-proyecto-de-ley-de-inmigracion-de-biden-ofrecera-informacion-este-jueves\/#breadcrumb\"},\"inLanguage\":\"es\",\"potentialAction\":[{\"@type\":\"ReadAction\",\"target\":[\"https:\/\/abic.us\/es\/seminario-web-el-senador-bob-menendez-patrocinador-principal-del-senado-del-proyecto-de-ley-de-inmigracion-de-biden-ofrecera-informacion-este-jueves\/\"]}]},{\"@type\":\"ImageObject\",\"inLanguage\":\"es\",\"@id\":\"https:\/\/abic.us\/es\/seminario-web-el-senador-bob-menendez-patrocinador-principal-del-senado-del-proyecto-de-ley-de-inmigracion-de-biden-ofrecera-informacion-este-jueves\/#primaryimage\",\"url\":\"https:\/\/abic.imgix.net\/assets\/TWTentBidenWebinarImmigrationfinal-1-1.png\",\"contentUrl\":\"https:\/\/abic.imgix.net\/assets\/TWTentBidenWebinarImmigrationfinal-1-1.png\"},{\"@type\":\"BreadcrumbList\",\"@id\":\"https:\/\/abic.us\/es\/seminario-web-el-senador-bob-menendez-patrocinador-principal-del-senado-del-proyecto-de-ley-de-inmigracion-de-biden-ofrecera-informacion-este-jueves\/#breadcrumb\",\"itemListElement\":[{\"@type\":\"ListItem\",\"position\":1,\"name\":\"Hogar\",\"item\":\"https:\/\/abic.us\/es\/\"},{\"@type\":\"ListItem\",\"position\":2,\"name\":\"SEMINARIO WEB: El senador Bob Men\u00e9ndez, patrocinador principal del senado del proyecto de ley de inmigraci\u00f3n de Biden, ofrecer\u00e1 informaci\u00f3n este jueves\"}]},{\"@type\":\"WebSite\",\"@id\":\"https:\/\/abic.us\/es\/#website\",\"url\":\"https:\/\/abic.us\/es\/\",\"name\":\"Coalici\u00f3n Americana de Inmigraci\u00f3n Empresarial\",\"description\":\"Juntos, promoveremos una reforma migratoria sensata que crezca empleos, fortalezca nuestra econom\u00eda y beneficie a todas las familias estadounidenses.\",\"publisher\":{\"@id\":\"https:\/\/abic.us\/es\/#organization\"},\"potentialAction\":[{\"@type\":\"SearchAction\",\"target\":{\"@type\":\"EntryPoint\",\"urlTemplate\":\"https:\/\/abic.us\/es\/?s={search_term_string}\"},\"query-input\":{\"@type\":\"PropertyValueSpecification\",\"valueRequired\":true,\"valueName\":\"search_term_string\"}}],\"inLanguage\":\"es\"},{\"@type\":\"Organization\",\"@id\":\"https:\/\/abic.us\/es\/#organization\",\"name\":\"American Business Immigration Coalition\",\"url\":\"https:\/\/abic.us\/es\/\",\"logo\":{\"@type\":\"ImageObject\",\"inLanguage\":\"es\",\"@id\":\"https:\/\/abic.us\/es\/#\/schema\/logo\/image\/\",\"url\":\"https:\/\/abic.us\/wp-content\/uploads\/2021\/11\/ABIC-Logo.png\",\"contentUrl\":\"https:\/\/abic.us\/wp-content\/uploads\/2021\/11\/ABIC-Logo.png\",\"width\":1000,\"height\":260,\"caption\":\"American Business Immigration Coalition\"},\"image\":{\"@id\":\"https:\/\/abic.us\/es\/#\/schema\/logo\/image\/\"},\"sameAs\":[\"https:\/\/www.facebook.com\/AmericanBIC\",\"https:\/\/x.com\/AmericanBIC\"]},{\"@type\":\"Person\",\"@id\":\"https:\/\/abic.us\/es\/#\/schema\/person\/58547098a0d3b973c110fd8a36f0e0bb\",\"name\":\"abic\",\"image\":{\"@type\":\"ImageObject\",\"inLanguage\":\"es\",\"@id\":\"https:\/\/abic.us\/es\/#\/schema\/person\/image\/\",\"url\":\"https:\/\/secure.gravatar.com\/avatar\/4a2893b0ce0ce34781c1e0a9251ffe4322e67c4e95cdf48463d10701c3bd4c8e?s=96&d=mm&r=g\",\"contentUrl\":\"https:\/\/secure.gravatar.com\/avatar\/4a2893b0ce0ce34781c1e0a9251ffe4322e67c4e95cdf48463d10701c3bd4c8e?s=96&d=mm&r=g\",\"caption\":\"abic\"},\"sameAs\":[\"https:\/\/abic.wpengine.com\"]}]}<\/script>\n<!-- \/ Yoast SEO plugin. -->","yoast_head_json":{"title":"SEMINARIO WEB: El senador Bob Men\u00e9ndez, patrocinador principal del senado del proyecto de ley de inmigraci\u00f3n de Biden, ofrecer\u00e1 informaci\u00f3n este jueves &#8212; Coalici\u00f3n Americana de Inmigraci\u00f3n Empresarial","robots":{"index":"index","follow":"follow","max-snippet":"max-snippet:-1","max-image-preview":"max-image-preview:large","max-video-preview":"max-video-preview:-1"},"canonical":"https:\/\/abic.us\/es\/seminario-web-el-senador-bob-menendez-patrocinador-principal-del-senado-del-proyecto-de-ley-de-inmigracion-de-biden-ofrecera-informacion-este-jueves\/","og_locale":"es_ES","og_type":"article","og_title":"SEMINARIO WEB: El senador Bob Men\u00e9ndez, patrocinador principal del senado del proyecto de ley de inmigraci\u00f3n de Biden, ofrecer\u00e1 informaci\u00f3n este jueves &#8212; Coalici\u00f3n Americana de Inmigraci\u00f3n Empresarial","og_description":"SEMINARIO WEB: El senador Bob Men\u00e9ndez, patrocinador principal del senado del proyecto de ley de inmigraci\u00f3n de Biden, ofrecer\u00e1 informaci\u00f3n este jueves WASHINGTON, D.C. \u2014 El senador Bob Men\u00e9ndez (D-NJ),...","og_url":"https:\/\/abic.us\/es\/seminario-web-el-senador-bob-menendez-patrocinador-principal-del-senado-del-proyecto-de-ley-de-inmigracion-de-biden-ofrecera-informacion-este-jueves\/","og_site_name":"Coalici\u00f3n Americana de Inmigraci\u00f3n Empresarial","article_publisher":"https:\/\/www.facebook.com\/AmericanBIC","article_published_time":"2021-01-19T17:20:16+00:00","article_modified_time":"2021-12-06T14:32:27+00:00","og_image":[{"url":"https:\/\/abic.imgix.net\/assets\/TWTentBidenWebinarImmigrationfinal-1-1.png","type":"","width":"","height":""}],"author":"abic","twitter_card":"summary_large_image","twitter_creator":"@AmericanBIC","twitter_site":"@AmericanBIC","twitter_misc":{"Escrito por":"abic","Tiempo de lectura":"2 minutos"},"schema":{"@context":"https:\/\/schema.org","@graph":[{"@type":"Article","@id":"https:\/\/abic.us\/es\/seminario-web-el-senador-bob-menendez-patrocinador-principal-del-senado-del-proyecto-de-ley-de-inmigracion-de-biden-ofrecera-informacion-este-jueves\/#article","isPartOf":{"@id":"https:\/\/abic.us\/es\/seminario-web-el-senador-bob-menendez-patrocinador-principal-del-senado-del-proyecto-de-ley-de-inmigracion-de-biden-ofrecera-informacion-este-jueves\/"},"author":{"name":"abic","@id":"https:\/\/abic.us\/es\/#\/schema\/person\/58547098a0d3b973c110fd8a36f0e0bb"},"headline":"SEMINARIO WEB: El senador Bob Men\u00e9ndez, patrocinador principal del senado del proyecto de ley de inmigraci\u00f3n de Biden, ofrecer\u00e1 informaci\u00f3n este jueves","datePublished":"2021-01-19T17:20:16+00:00","dateModified":"2021-12-06T14:32:27+00:00","mainEntityOfPage":{"@id":"https:\/\/abic.us\/es\/seminario-web-el-senador-bob-menendez-patrocinador-principal-del-senado-del-proyecto-de-ley-de-inmigracion-de-biden-ofrecera-informacion-este-jueves\/"},"wordCount":348,"publisher":{"@id":"https:\/\/abic.us\/es\/#organization"},"image":{"@id":"https:\/\/abic.us\/es\/seminario-web-el-senador-bob-menendez-patrocinador-principal-del-senado-del-proyecto-de-ley-de-inmigracion-de-biden-ofrecera-informacion-este-jueves\/#primaryimage"},"thumbnailUrl":"https:\/\/abic.imgix.net\/assets\/TWTentBidenWebinarImmigrationfinal-1-1.png","articleSection":["Actualizaciones"],"inLanguage":"es"},{"@type":"WebPage","@id":"https:\/\/abic.us\/es\/seminario-web-el-senador-bob-menendez-patrocinador-principal-del-senado-del-proyecto-de-ley-de-inmigracion-de-biden-ofrecera-informacion-este-jueves\/","url":"https:\/\/abic.us\/es\/seminario-web-el-senador-bob-menendez-patrocinador-principal-del-senado-del-proyecto-de-ley-de-inmigracion-de-biden-ofrecera-informacion-este-jueves\/","name":"SEMINARIO WEB: El senador Bob Men\u00e9ndez, patrocinador principal del senado del proyecto de ley de inmigraci\u00f3n de Biden, ofrecer\u00e1 informaci\u00f3n este jueves &#8212; Coalici\u00f3n Americana de Inmigraci\u00f3n Empresarial","isPartOf":{"@id":"https:\/\/abic.us\/es\/#website"},"primaryImageOfPage":{"@id":"https:\/\/abic.us\/es\/seminario-web-el-senador-bob-menendez-patrocinador-principal-del-senado-del-proyecto-de-ley-de-inmigracion-de-biden-ofrecera-informacion-este-jueves\/#primaryimage"},"image":{"@id":"https:\/\/abic.us\/es\/seminario-web-el-senador-bob-menendez-patrocinador-principal-del-senado-del-proyecto-de-ley-de-inmigracion-de-biden-ofrecera-informacion-este-jueves\/#primaryimage"},"thumbnailUrl":"https:\/\/abic.imgix.net\/assets\/TWTentBidenWebinarImmigrationfinal-1-1.png","datePublished":"2021-01-19T17:20:16+00:00","dateModified":"2021-12-06T14:32:27+00:00","breadcrumb":{"@id":"https:\/\/abic.us\/es\/seminario-web-el-senador-bob-menendez-patrocinador-principal-del-senado-del-proyecto-de-ley-de-inmigracion-de-biden-ofrecera-informacion-este-jueves\/#breadcrumb"},"inLanguage":"es","potentialAction":[{"@type":"ReadAction","target":["https:\/\/abic.us\/es\/seminario-web-el-senador-bob-menendez-patrocinador-principal-del-senado-del-proyecto-de-ley-de-inmigracion-de-biden-ofrecera-informacion-este-jueves\/"]}]},{"@type":"ImageObject","inLanguage":"es","@id":"https:\/\/abic.us\/es\/seminario-web-el-senador-bob-menendez-patrocinador-principal-del-senado-del-proyecto-de-ley-de-inmigracion-de-biden-ofrecera-informacion-este-jueves\/#primaryimage","url":"https:\/\/abic.imgix.net\/assets\/TWTentBidenWebinarImmigrationfinal-1-1.png","contentUrl":"https:\/\/abic.imgix.net\/assets\/TWTentBidenWebinarImmigrationfinal-1-1.png"},{"@type":"BreadcrumbList","@id":"https:\/\/abic.us\/es\/seminario-web-el-senador-bob-menendez-patrocinador-principal-del-senado-del-proyecto-de-ley-de-inmigracion-de-biden-ofrecera-informacion-este-jueves\/#breadcrumb","itemListElement":[{"@type":"ListItem","position":1,"name":"Hogar","item":"https:\/\/abic.us\/es\/"},{"@type":"ListItem","position":2,"name":"SEMINARIO WEB: El senador Bob Men\u00e9ndez, patrocinador principal del senado del proyecto de ley de inmigraci\u00f3n de Biden, ofrecer\u00e1 informaci\u00f3n este jueves"}]},{"@type":"WebSite","@id":"https:\/\/abic.us\/es\/#website","url":"https:\/\/abic.us\/es\/","name":"Coalici\u00f3n Americana de Inmigraci\u00f3n Empresarial","description":"Juntos, promoveremos una reforma migratoria sensata que crezca empleos, fortalezca nuestra econom\u00eda y beneficie a todas las familias estadounidenses.","publisher":{"@id":"https:\/\/abic.us\/es\/#organization"},"potentialAction":[{"@type":"SearchAction","target":{"@type":"EntryPoint","urlTemplate":"https:\/\/abic.us\/es\/?s={search_term_string}"},"query-input":{"@type":"PropertyValueSpecification","valueRequired":true,"valueName":"search_term_string"}}],"inLanguage":"es"},{"@type":"Organization","@id":"https:\/\/abic.us\/es\/#organization","name":"American Business Immigration Coalition","url":"https:\/\/abic.us\/es\/","logo":{"@type":"ImageObject","inLanguage":"es","@id":"https:\/\/abic.us\/es\/#\/schema\/logo\/image\/","url":"https:\/\/abic.us\/wp-content\/uploads\/2021\/11\/ABIC-Logo.png","contentUrl":"https:\/\/abic.us\/wp-content\/uploads\/2021\/11\/ABIC-Logo.png","width":1000,"height":260,"caption":"American Business Immigration Coalition"},"image":{"@id":"https:\/\/abic.us\/es\/#\/schema\/logo\/image\/"},"sameAs":["https:\/\/www.facebook.com\/AmericanBIC","https:\/\/x.com\/AmericanBIC"]},{"@type":"Person","@id":"https:\/\/abic.us\/es\/#\/schema\/person\/58547098a0d3b973c110fd8a36f0e0bb","name":"abic","image":{"@type":"ImageObject","inLanguage":"es","@id":"https:\/\/abic.us\/es\/#\/schema\/person\/image\/","url":"https:\/\/secure.gravatar.com\/avatar\/4a2893b0ce0ce34781c1e0a9251ffe4322e67c4e95cdf48463d10701c3bd4c8e?s=96&d=mm&r=g","contentUrl":"https:\/\/secure.gravatar.com\/avatar\/4a2893b0ce0ce34781c1e0a9251ffe4322e67c4e95cdf48463d10701c3bd4c8e?s=96&d=mm&r=g","caption":"abic"},"sameAs":["https:\/\/abic.wpengine.com"]}]}},"_links":{"self":[{"href":"https:\/\/abic.us\/es\/wp-json\/wp\/v2\/posts\/34992","targetHints":{"allow":["GET"]}}],"collection":[{"href":"https:\/\/abic.us\/es\/wp-json\/wp\/v2\/posts"}],"about":[{"href":"https:\/\/abic.us\/es\/wp-json\/wp\/v2\/types\/post"}],"author":[{"embeddable":true,"href":"https:\/\/abic.us\/es\/wp-json\/wp\/v2\/users\/1"}],"replies":[{"embeddable":true,"href":"https:\/\/abic.us\/es\/wp-json\/wp\/v2\/comments?post=34992"}],"version-history":[{"count":0,"href":"https:\/\/abic.us\/es\/wp-json\/wp\/v2\/posts\/34992\/revisions"}],"wp:attachment":[{"href":"https:\/\/abic.us\/es\/wp-json\/wp\/v2\/media?parent=34992"}],"wp:term":[{"taxonomy":"category","embeddable":true,"href":"https:\/\/abic.us\/es\/wp-json\/wp\/v2\/categories?post=34992"},{"taxonomy":"post_tag","embeddable":true,"href":"https:\/\/abic.us\/es\/wp-json\/wp\/v2\/tags?post=34992"}],"curies":[{"name":"wp","href":"https:\/\/api.w.org\/{rel}","templated":true}]}}