{"id":34969,"date":"2021-03-17T10:11:57","date_gmt":"2021-03-17T10:11:57","guid":{"rendered":"https:\/\/abic.wpengine.com\/cumbre-bipartidista-de-inmigracion-contara-con-los-senadores-romney-bennet-sinema-y-kelly-junto-con-el-gobernador-ducey-de-arizona\/"},"modified":"2021-12-06T14:31:59","modified_gmt":"2021-12-06T14:31:59","slug":"cumbre-bipartidista-de-inmigracion-contara-con-los-senadores-romney-bennet-sinema-y-kelly-junto-con-el-gobernador-ducey-de-arizona","status":"publish","type":"post","link":"https:\/\/abic.us\/es\/cumbre-bipartidista-de-inmigracion-contara-con-los-senadores-romney-bennet-sinema-y-kelly-junto-con-el-gobernador-ducey-de-arizona\/","title":{"rendered":"Cumbre bipartidista de inmigraci\u00f3n contar\u00e1 con los senadores Romney, Bennet, Sinema y Kelly, junto con el gobernador Ducey de Arizona"},"content":{"rendered":"\n<figure class=\"wp-block-image size-large\"><img loading=\"lazy\" decoding=\"async\" width=\"1450\" height=\"850\" src=\"https:\/\/abic.imgix.net\/assets\/IMRSummitFin-1-1.png\" alt=\"\" class=\"wp-image-31283\"\/><\/figure>\n<h2 class=\"wp-block-heading\"><strong>Cumbre bipartidista de inmigraci\u00f3n contar\u00e1 con los senadores Romney, Bennet, Sinema y Kelly, junto con el gobernador Ducey de Arizona<\/strong><\/h2>\n\n<p class=\"has-text-align-center\"><em>Funcionarios electos de la regi\u00f3n de Intermountain se unir\u00e1n a l\u00edderes empresariales, presidentes universitarios y defensores para impulsar soluciones de inmigraci\u00f3n de sentido com\u00fan<\/em><\/p>\n\n<p><strong>PHOENIX, ARIZONA<\/strong> \u2014 Con el Congreso listo para votar sobre proyectos de ley de inmigraci\u00f3n esta semana, la American Business Immigration Coalition &#8211; Intermountain Chapter, organizar\u00e1 una cumbre de inmigraci\u00f3n esta semana.  <strong>Viernes, 19 de marzo a las 11:30 MST \/ 2:30 EST<\/strong> con funcionarios electos bipartidistas, l\u00edderes empresariales, directores ejecutivos y presidentes de universidades en el  <a href=\"https:\/\/zoom.us\/webinar\/register\/WN_PhnAz0DwRB2zaa9tkY0IAA\">Intermountain Rising: Desbloqueando el potencial econ\u00f3mico de nuestras regiones a trav\u00e9s de una reforma migratoria bipartidista.<\/a><\/p>\n\n<p>La regi\u00f3n Intermountain de los Estados Unidos, que incluye Arizona, Utah, Nevada y Colorado, es el hogar de aproximadamente <a href=\"https:\/\/docs.google.com\/spreadsheets\/d\/1GmgcylNuf2I4YaLv9ZQzXxUeAX-1c4DGO7JNy48jozg\/edit?ts=6047bfb8#gid=0\">2.5 millones de inmigrantes<\/a> que pagan $ 18 mil millones en impuestos federales y estatales cada a\u00f1o. En conjunto, su impacto econ\u00f3mico en la regi\u00f3n es cercano a los 80.000 millones de d\u00f3lares al a\u00f1o. Un camino hacia el estatus legal y la ciudadan\u00eda para los Dreamers, los trabajadores agr\u00edcolas y los trabajadores esenciales es apoyado por m\u00e1s del 70% de los votantes estadounidenses. Las soluciones de inmigraci\u00f3n de sentido com\u00fan ayudar\u00e1n a los estados intermonta\u00f1osos a reconstruirse y recuperarse de la pandemia, al tiempo que impulsan las industrias m\u00e1s grandes de la regi\u00f3n, incluidas la construcci\u00f3n, la agricultura, la hospitalidad y el turismo.<\/p>\n\n<p><strong>Se invita a los medios de comunicaci\u00f3n a escuchar el evento. Para programar entrevistas con defensores o l\u00edderes empresariales, comun\u00edquese con hsoto@americanbic.biz. Una grabaci\u00f3n del seminario web estar\u00e1 disponible despu\u00e9s del evento.<\/strong><\/p>\n\n<p>La cumbre contar\u00e1 con la funci\u00f3n del senador.  <strong>Mitt Romney<\/strong> (R-UT); Gobernador de Arizona  <strong>Doug Ducey<\/strong> (R-AZ); Senador de los Estados Unidos  <strong>Michael Bennet<\/strong> (D-CO), Senador de los Estados Unidos  <strong>Kyrsten Sinema<\/strong> (D-AZ); Senador de los Estados Unidos  <strong>Mark Kelly<\/strong> (D-AZ);  <strong>Bob Worsley,<\/strong>ex senador estatal de AZ y fundador de Skymall;  <strong>Sol Trujillo,<\/strong>fundadora de Latino Donor Collaborative;  <strong>Mike Kaplan,<\/strong>CEO de Aspen Snowmass;  <strong>Bill Kunkler,<\/strong>vicepresidente ejecutivo de CC Industries;  <strong>Phil Francis,<\/strong>CEO em\u00e9rito de Petsmart;  <strong>Garrick Taylor,<\/strong>CEO de la C\u00e1mara de Comercio de AZ;  <strong>Neil Guiliano,<\/strong>CEO de Greater Phoenix Leadership; Presidente de la Universidad Estatal de Arizona  <strong>Michael Cuervo;<\/strong> <strong>Derek Miller,<\/strong>Presidente y CEO de la C\u00e1mara de Comercio de Salt Lake; Canciller del Sistema de Educaci\u00f3n Superior de Nevada  <strong>Melody Rose<\/strong>; Presidente de la Universidad Estatal de Colorado  <strong>Joyce McConnell<\/strong>;  <strong>Reyna Montoya,<\/strong>fundadora y CEO de ALIENTO; Rev.  <strong>Katie Sexton,<\/strong>Directora Ejecutiva de Arizona Faith Network; Rabino  <strong>John Linder,<\/strong>Temple Solel;  <strong>Wilford Andersen,<\/strong>autoridad general em\u00e9rita de la Iglesia de Jesucristo de los Santos de los \u00daltimos D\u00edas; junto con  <strong>Trabajadores esenciales<\/strong> y  <strong>So\u00f1adores.<\/strong> <\/p>\n\n<p><strong>DETALLES<\/strong>:<\/p>\n\n<p><strong>QU\u00c9:<\/strong>Intermountain Rising: Desbloqueando el potencial econ\u00f3mico de nuestras regiones a trav\u00e9s de una reforma migratoria bipartidista<\/p>\n\n<p><strong>CU\u00c1NDO<\/strong>: Viernes, 19 de marzo a las 11:30 AM MST \/ 2:30 EST  <\/p>\n\n<p><strong>Inscripci\u00f3n<\/strong>: <a href=\"http:\/\/bit.ly\/IMBICSummit\">http:\/\/bit.ly\/IMBICSummit<\/a> <\/p>\n\n<p><strong>Copatrocinadores: Aspen Snowmass,<\/strong> <strong>Arizona Chamber of Commerce,<\/strong> <strong>Greater Phoenix Leadership,<\/strong> <strong>The Presidents&#8217; Alliance on Higher Education &amp; Immigration,<\/strong> <strong>UnidosUS,<\/strong> <strong>Aliento,<\/strong> <strong>Jewish Community Relations Council,<\/strong> <strong>Valley Interfaith Project,<\/strong> <strong>Local First Arizona,<\/strong> <strong>Arizona Faith Network,<\/strong> <strong>Chicanos por la Causa,<\/strong> <strong>US Conference of Catholic Bishops.<\/strong> <\/p>\n\n<p><strong>ACERCA DE<\/strong><\/p>\n\n<p>La <a href=\"https:\/\/abic.us\/\">American Business Immigration Coalition<\/a> (ABIC) promueve una reforma migratoria de sentido com\u00fan que promueve la competitividad econ\u00f3mica, proporciona a las empresas el talento altamente calificado y poco calificado que necesitan, y permite la integraci\u00f3n de los inmigrantes en nuestra econom\u00eda como consumidores, trabajadores, empresarios y ciudadanos.<\/p>\n\n<p>Un cap\u00edtulo de la <a href=\"https:\/\/abic.us\/\">American Business Immigration Coalition,<\/a>la American Business Immigration Coalition \u2014 Intermountain Chapter promueve una reforma migratoria de sentido com\u00fan que promueve la competitividad econ\u00f3mica, proporciona a las empresas el talento altamente calificado y poco calificado que necesitan, y permite la integraci\u00f3n de los inmigrantes en nuestra econom\u00eda como consumidores, trabajadores, empresarios y ciudadanos.<\/p>\n","protected":false},"excerpt":{"rendered":"<p>Cumbre bipartidista de inmigraci\u00f3n contar\u00e1 con los senadores Romney, Bennet, Sinema y Kelly, junto con el gobernador Ducey de Arizona Funcionarios electos de la regi\u00f3n de Intermountain se unir\u00e1n a&#8230;<\/p>\n","protected":false},"author":1,"featured_media":0,"comment_status":"closed","ping_status":"closed","sticky":false,"template":"","format":"standard","meta":{"footnotes":""},"categories":[63],"tags":[],"class_list":{"0":"post-34969","1":"post","2":"type-post","3":"status-publish","4":"format-standard","6":"category-actualizaciones"},"yoast_head":"<!-- This site is optimized with the Yoast SEO plugin v26.9 - https:\/\/yoast.com\/product\/yoast-seo-wordpress\/ -->\n<title>Cumbre bipartidista de inmigraci\u00f3n contar\u00e1 con los senadores Romney, Bennet, Sinema y Kelly, junto con el gobernador Ducey de Arizona &#8212; Coalici\u00f3n Americana de Inmigraci\u00f3n Empresarial<\/title>\n<meta name=\"robots\" content=\"index, follow, max-snippet:-1, max-image-preview:large, max-video-preview:-1\" \/>\n<link rel=\"canonical\" href=\"https:\/\/abic.us\/es\/cumbre-bipartidista-de-inmigracion-contara-con-los-senadores-romney-bennet-sinema-y-kelly-junto-con-el-gobernador-ducey-de-arizona\/\" \/>\n<meta property=\"og:locale\" content=\"es_ES\" \/>\n<meta property=\"og:type\" content=\"article\" \/>\n<meta property=\"og:title\" content=\"Cumbre bipartidista de inmigraci\u00f3n contar\u00e1 con los senadores Romney, Bennet, Sinema y Kelly, junto con el gobernador Ducey de Arizona &#8212; Coalici\u00f3n Americana de Inmigraci\u00f3n Empresarial\" \/>\n<meta property=\"og:description\" content=\"Cumbre bipartidista de inmigraci\u00f3n contar\u00e1 con los senadores Romney, Bennet, Sinema y Kelly, junto con el gobernador Ducey de Arizona Funcionarios electos de la regi\u00f3n de Intermountain se unir\u00e1n a...\" \/>\n<meta property=\"og:url\" content=\"https:\/\/abic.us\/es\/cumbre-bipartidista-de-inmigracion-contara-con-los-senadores-romney-bennet-sinema-y-kelly-junto-con-el-gobernador-ducey-de-arizona\/\" \/>\n<meta property=\"og:site_name\" content=\"Coalici\u00f3n Americana de Inmigraci\u00f3n Empresarial\" \/>\n<meta property=\"article:publisher\" content=\"https:\/\/www.facebook.com\/AmericanBIC\" \/>\n<meta property=\"article:published_time\" content=\"2021-03-17T10:11:57+00:00\" \/>\n<meta property=\"article:modified_time\" content=\"2021-12-06T14:31:59+00:00\" \/>\n<meta property=\"og:image\" content=\"https:\/\/abic.imgix.net\/assets\/IMRSummitFin-1-1.png\" \/>\n<meta name=\"author\" content=\"abic\" \/>\n<meta name=\"twitter:card\" content=\"summary_large_image\" \/>\n<meta name=\"twitter:creator\" content=\"@AmericanBIC\" \/>\n<meta name=\"twitter:site\" content=\"@AmericanBIC\" \/>\n<meta name=\"twitter:label1\" content=\"Escrito por\" \/>\n\t<meta name=\"twitter:data1\" content=\"abic\" \/>\n\t<meta name=\"twitter:label2\" content=\"Tiempo de lectura\" \/>\n\t<meta name=\"twitter:data2\" content=\"3 minutos\" \/>\n<script type=\"application\/ld+json\" class=\"yoast-schema-graph\">{\"@context\":\"https:\/\/schema.org\",\"@graph\":[{\"@type\":\"Article\",\"@id\":\"https:\/\/abic.us\/es\/cumbre-bipartidista-de-inmigracion-contara-con-los-senadores-romney-bennet-sinema-y-kelly-junto-con-el-gobernador-ducey-de-arizona\/#article\",\"isPartOf\":{\"@id\":\"https:\/\/abic.us\/es\/cumbre-bipartidista-de-inmigracion-contara-con-los-senadores-romney-bennet-sinema-y-kelly-junto-con-el-gobernador-ducey-de-arizona\/\"},\"author\":{\"name\":\"abic\",\"@id\":\"https:\/\/abic.us\/es\/#\/schema\/person\/58547098a0d3b973c110fd8a36f0e0bb\"},\"headline\":\"Cumbre bipartidista de inmigraci\u00f3n contar\u00e1 con los senadores Romney, Bennet, Sinema y Kelly, junto con el gobernador Ducey de Arizona\",\"datePublished\":\"2021-03-17T10:11:57+00:00\",\"dateModified\":\"2021-12-06T14:31:59+00:00\",\"mainEntityOfPage\":{\"@id\":\"https:\/\/abic.us\/es\/cumbre-bipartidista-de-inmigracion-contara-con-los-senadores-romney-bennet-sinema-y-kelly-junto-con-el-gobernador-ducey-de-arizona\/\"},\"wordCount\":697,\"publisher\":{\"@id\":\"https:\/\/abic.us\/es\/#organization\"},\"image\":{\"@id\":\"https:\/\/abic.us\/es\/cumbre-bipartidista-de-inmigracion-contara-con-los-senadores-romney-bennet-sinema-y-kelly-junto-con-el-gobernador-ducey-de-arizona\/#primaryimage\"},\"thumbnailUrl\":\"https:\/\/abic.imgix.net\/assets\/IMRSummitFin-1-1.png\",\"articleSection\":[\"Actualizaciones\"],\"inLanguage\":\"es\"},{\"@type\":\"WebPage\",\"@id\":\"https:\/\/abic.us\/es\/cumbre-bipartidista-de-inmigracion-contara-con-los-senadores-romney-bennet-sinema-y-kelly-junto-con-el-gobernador-ducey-de-arizona\/\",\"url\":\"https:\/\/abic.us\/es\/cumbre-bipartidista-de-inmigracion-contara-con-los-senadores-romney-bennet-sinema-y-kelly-junto-con-el-gobernador-ducey-de-arizona\/\",\"name\":\"Cumbre bipartidista de inmigraci\u00f3n contar\u00e1 con los senadores Romney, Bennet, Sinema y Kelly, junto con el gobernador Ducey de Arizona &#8212; Coalici\u00f3n Americana de Inmigraci\u00f3n Empresarial\",\"isPartOf\":{\"@id\":\"https:\/\/abic.us\/es\/#website\"},\"primaryImageOfPage\":{\"@id\":\"https:\/\/abic.us\/es\/cumbre-bipartidista-de-inmigracion-contara-con-los-senadores-romney-bennet-sinema-y-kelly-junto-con-el-gobernador-ducey-de-arizona\/#primaryimage\"},\"image\":{\"@id\":\"https:\/\/abic.us\/es\/cumbre-bipartidista-de-inmigracion-contara-con-los-senadores-romney-bennet-sinema-y-kelly-junto-con-el-gobernador-ducey-de-arizona\/#primaryimage\"},\"thumbnailUrl\":\"https:\/\/abic.imgix.net\/assets\/IMRSummitFin-1-1.png\",\"datePublished\":\"2021-03-17T10:11:57+00:00\",\"dateModified\":\"2021-12-06T14:31:59+00:00\",\"breadcrumb\":{\"@id\":\"https:\/\/abic.us\/es\/cumbre-bipartidista-de-inmigracion-contara-con-los-senadores-romney-bennet-sinema-y-kelly-junto-con-el-gobernador-ducey-de-arizona\/#breadcrumb\"},\"inLanguage\":\"es\",\"potentialAction\":[{\"@type\":\"ReadAction\",\"target\":[\"https:\/\/abic.us\/es\/cumbre-bipartidista-de-inmigracion-contara-con-los-senadores-romney-bennet-sinema-y-kelly-junto-con-el-gobernador-ducey-de-arizona\/\"]}]},{\"@type\":\"ImageObject\",\"inLanguage\":\"es\",\"@id\":\"https:\/\/abic.us\/es\/cumbre-bipartidista-de-inmigracion-contara-con-los-senadores-romney-bennet-sinema-y-kelly-junto-con-el-gobernador-ducey-de-arizona\/#primaryimage\",\"url\":\"https:\/\/abic.imgix.net\/assets\/IMRSummitFin-1-1.png\",\"contentUrl\":\"https:\/\/abic.imgix.net\/assets\/IMRSummitFin-1-1.png\"},{\"@type\":\"BreadcrumbList\",\"@id\":\"https:\/\/abic.us\/es\/cumbre-bipartidista-de-inmigracion-contara-con-los-senadores-romney-bennet-sinema-y-kelly-junto-con-el-gobernador-ducey-de-arizona\/#breadcrumb\",\"itemListElement\":[{\"@type\":\"ListItem\",\"position\":1,\"name\":\"Hogar\",\"item\":\"https:\/\/abic.us\/es\/\"},{\"@type\":\"ListItem\",\"position\":2,\"name\":\"Cumbre bipartidista de inmigraci\u00f3n contar\u00e1 con los senadores Romney, Bennet, Sinema y Kelly, junto con el gobernador Ducey de Arizona\"}]},{\"@type\":\"WebSite\",\"@id\":\"https:\/\/abic.us\/es\/#website\",\"url\":\"https:\/\/abic.us\/es\/\",\"name\":\"Coalici\u00f3n Americana de Inmigraci\u00f3n Empresarial\",\"description\":\"Juntos, promoveremos una reforma migratoria sensata que crezca empleos, fortalezca nuestra econom\u00eda y beneficie a todas las familias estadounidenses.\",\"publisher\":{\"@id\":\"https:\/\/abic.us\/es\/#organization\"},\"potentialAction\":[{\"@type\":\"SearchAction\",\"target\":{\"@type\":\"EntryPoint\",\"urlTemplate\":\"https:\/\/abic.us\/es\/?s={search_term_string}\"},\"query-input\":{\"@type\":\"PropertyValueSpecification\",\"valueRequired\":true,\"valueName\":\"search_term_string\"}}],\"inLanguage\":\"es\"},{\"@type\":\"Organization\",\"@id\":\"https:\/\/abic.us\/es\/#organization\",\"name\":\"American Business Immigration Coalition\",\"url\":\"https:\/\/abic.us\/es\/\",\"logo\":{\"@type\":\"ImageObject\",\"inLanguage\":\"es\",\"@id\":\"https:\/\/abic.us\/es\/#\/schema\/logo\/image\/\",\"url\":\"https:\/\/abic.us\/wp-content\/uploads\/2021\/11\/ABIC-Logo.png\",\"contentUrl\":\"https:\/\/abic.us\/wp-content\/uploads\/2021\/11\/ABIC-Logo.png\",\"width\":1000,\"height\":260,\"caption\":\"American Business Immigration Coalition\"},\"image\":{\"@id\":\"https:\/\/abic.us\/es\/#\/schema\/logo\/image\/\"},\"sameAs\":[\"https:\/\/www.facebook.com\/AmericanBIC\",\"https:\/\/x.com\/AmericanBIC\"]},{\"@type\":\"Person\",\"@id\":\"https:\/\/abic.us\/es\/#\/schema\/person\/58547098a0d3b973c110fd8a36f0e0bb\",\"name\":\"abic\",\"image\":{\"@type\":\"ImageObject\",\"inLanguage\":\"es\",\"@id\":\"https:\/\/abic.us\/es\/#\/schema\/person\/image\/\",\"url\":\"https:\/\/secure.gravatar.com\/avatar\/4a2893b0ce0ce34781c1e0a9251ffe4322e67c4e95cdf48463d10701c3bd4c8e?s=96&d=mm&r=g\",\"contentUrl\":\"https:\/\/secure.gravatar.com\/avatar\/4a2893b0ce0ce34781c1e0a9251ffe4322e67c4e95cdf48463d10701c3bd4c8e?s=96&d=mm&r=g\",\"caption\":\"abic\"},\"sameAs\":[\"https:\/\/abic.wpengine.com\"]}]}<\/script>\n<!-- \/ Yoast SEO plugin. -->","yoast_head_json":{"title":"Cumbre bipartidista de inmigraci\u00f3n contar\u00e1 con los senadores Romney, Bennet, Sinema y Kelly, junto con el gobernador Ducey de Arizona &#8212; Coalici\u00f3n Americana de Inmigraci\u00f3n Empresarial","robots":{"index":"index","follow":"follow","max-snippet":"max-snippet:-1","max-image-preview":"max-image-preview:large","max-video-preview":"max-video-preview:-1"},"canonical":"https:\/\/abic.us\/es\/cumbre-bipartidista-de-inmigracion-contara-con-los-senadores-romney-bennet-sinema-y-kelly-junto-con-el-gobernador-ducey-de-arizona\/","og_locale":"es_ES","og_type":"article","og_title":"Cumbre bipartidista de inmigraci\u00f3n contar\u00e1 con los senadores Romney, Bennet, Sinema y Kelly, junto con el gobernador Ducey de Arizona &#8212; Coalici\u00f3n Americana de Inmigraci\u00f3n Empresarial","og_description":"Cumbre bipartidista de inmigraci\u00f3n contar\u00e1 con los senadores Romney, Bennet, Sinema y Kelly, junto con el gobernador Ducey de Arizona Funcionarios electos de la regi\u00f3n de Intermountain se unir\u00e1n a...","og_url":"https:\/\/abic.us\/es\/cumbre-bipartidista-de-inmigracion-contara-con-los-senadores-romney-bennet-sinema-y-kelly-junto-con-el-gobernador-ducey-de-arizona\/","og_site_name":"Coalici\u00f3n Americana de Inmigraci\u00f3n Empresarial","article_publisher":"https:\/\/www.facebook.com\/AmericanBIC","article_published_time":"2021-03-17T10:11:57+00:00","article_modified_time":"2021-12-06T14:31:59+00:00","og_image":[{"url":"https:\/\/abic.imgix.net\/assets\/IMRSummitFin-1-1.png","type":"","width":"","height":""}],"author":"abic","twitter_card":"summary_large_image","twitter_creator":"@AmericanBIC","twitter_site":"@AmericanBIC","twitter_misc":{"Escrito por":"abic","Tiempo de lectura":"3 minutos"},"schema":{"@context":"https:\/\/schema.org","@graph":[{"@type":"Article","@id":"https:\/\/abic.us\/es\/cumbre-bipartidista-de-inmigracion-contara-con-los-senadores-romney-bennet-sinema-y-kelly-junto-con-el-gobernador-ducey-de-arizona\/#article","isPartOf":{"@id":"https:\/\/abic.us\/es\/cumbre-bipartidista-de-inmigracion-contara-con-los-senadores-romney-bennet-sinema-y-kelly-junto-con-el-gobernador-ducey-de-arizona\/"},"author":{"name":"abic","@id":"https:\/\/abic.us\/es\/#\/schema\/person\/58547098a0d3b973c110fd8a36f0e0bb"},"headline":"Cumbre bipartidista de inmigraci\u00f3n contar\u00e1 con los senadores Romney, Bennet, Sinema y Kelly, junto con el gobernador Ducey de Arizona","datePublished":"2021-03-17T10:11:57+00:00","dateModified":"2021-12-06T14:31:59+00:00","mainEntityOfPage":{"@id":"https:\/\/abic.us\/es\/cumbre-bipartidista-de-inmigracion-contara-con-los-senadores-romney-bennet-sinema-y-kelly-junto-con-el-gobernador-ducey-de-arizona\/"},"wordCount":697,"publisher":{"@id":"https:\/\/abic.us\/es\/#organization"},"image":{"@id":"https:\/\/abic.us\/es\/cumbre-bipartidista-de-inmigracion-contara-con-los-senadores-romney-bennet-sinema-y-kelly-junto-con-el-gobernador-ducey-de-arizona\/#primaryimage"},"thumbnailUrl":"https:\/\/abic.imgix.net\/assets\/IMRSummitFin-1-1.png","articleSection":["Actualizaciones"],"inLanguage":"es"},{"@type":"WebPage","@id":"https:\/\/abic.us\/es\/cumbre-bipartidista-de-inmigracion-contara-con-los-senadores-romney-bennet-sinema-y-kelly-junto-con-el-gobernador-ducey-de-arizona\/","url":"https:\/\/abic.us\/es\/cumbre-bipartidista-de-inmigracion-contara-con-los-senadores-romney-bennet-sinema-y-kelly-junto-con-el-gobernador-ducey-de-arizona\/","name":"Cumbre bipartidista de inmigraci\u00f3n contar\u00e1 con los senadores Romney, Bennet, Sinema y Kelly, junto con el gobernador Ducey de Arizona &#8212; Coalici\u00f3n Americana de Inmigraci\u00f3n Empresarial","isPartOf":{"@id":"https:\/\/abic.us\/es\/#website"},"primaryImageOfPage":{"@id":"https:\/\/abic.us\/es\/cumbre-bipartidista-de-inmigracion-contara-con-los-senadores-romney-bennet-sinema-y-kelly-junto-con-el-gobernador-ducey-de-arizona\/#primaryimage"},"image":{"@id":"https:\/\/abic.us\/es\/cumbre-bipartidista-de-inmigracion-contara-con-los-senadores-romney-bennet-sinema-y-kelly-junto-con-el-gobernador-ducey-de-arizona\/#primaryimage"},"thumbnailUrl":"https:\/\/abic.imgix.net\/assets\/IMRSummitFin-1-1.png","datePublished":"2021-03-17T10:11:57+00:00","dateModified":"2021-12-06T14:31:59+00:00","breadcrumb":{"@id":"https:\/\/abic.us\/es\/cumbre-bipartidista-de-inmigracion-contara-con-los-senadores-romney-bennet-sinema-y-kelly-junto-con-el-gobernador-ducey-de-arizona\/#breadcrumb"},"inLanguage":"es","potentialAction":[{"@type":"ReadAction","target":["https:\/\/abic.us\/es\/cumbre-bipartidista-de-inmigracion-contara-con-los-senadores-romney-bennet-sinema-y-kelly-junto-con-el-gobernador-ducey-de-arizona\/"]}]},{"@type":"ImageObject","inLanguage":"es","@id":"https:\/\/abic.us\/es\/cumbre-bipartidista-de-inmigracion-contara-con-los-senadores-romney-bennet-sinema-y-kelly-junto-con-el-gobernador-ducey-de-arizona\/#primaryimage","url":"https:\/\/abic.imgix.net\/assets\/IMRSummitFin-1-1.png","contentUrl":"https:\/\/abic.imgix.net\/assets\/IMRSummitFin-1-1.png"},{"@type":"BreadcrumbList","@id":"https:\/\/abic.us\/es\/cumbre-bipartidista-de-inmigracion-contara-con-los-senadores-romney-bennet-sinema-y-kelly-junto-con-el-gobernador-ducey-de-arizona\/#breadcrumb","itemListElement":[{"@type":"ListItem","position":1,"name":"Hogar","item":"https:\/\/abic.us\/es\/"},{"@type":"ListItem","position":2,"name":"Cumbre bipartidista de inmigraci\u00f3n contar\u00e1 con los senadores Romney, Bennet, Sinema y Kelly, junto con el gobernador Ducey de Arizona"}]},{"@type":"WebSite","@id":"https:\/\/abic.us\/es\/#website","url":"https:\/\/abic.us\/es\/","name":"Coalici\u00f3n Americana de Inmigraci\u00f3n Empresarial","description":"Juntos, promoveremos una reforma migratoria sensata que crezca empleos, fortalezca nuestra econom\u00eda y beneficie a todas las familias estadounidenses.","publisher":{"@id":"https:\/\/abic.us\/es\/#organization"},"potentialAction":[{"@type":"SearchAction","target":{"@type":"EntryPoint","urlTemplate":"https:\/\/abic.us\/es\/?s={search_term_string}"},"query-input":{"@type":"PropertyValueSpecification","valueRequired":true,"valueName":"search_term_string"}}],"inLanguage":"es"},{"@type":"Organization","@id":"https:\/\/abic.us\/es\/#organization","name":"American Business Immigration Coalition","url":"https:\/\/abic.us\/es\/","logo":{"@type":"ImageObject","inLanguage":"es","@id":"https:\/\/abic.us\/es\/#\/schema\/logo\/image\/","url":"https:\/\/abic.us\/wp-content\/uploads\/2021\/11\/ABIC-Logo.png","contentUrl":"https:\/\/abic.us\/wp-content\/uploads\/2021\/11\/ABIC-Logo.png","width":1000,"height":260,"caption":"American Business Immigration Coalition"},"image":{"@id":"https:\/\/abic.us\/es\/#\/schema\/logo\/image\/"},"sameAs":["https:\/\/www.facebook.com\/AmericanBIC","https:\/\/x.com\/AmericanBIC"]},{"@type":"Person","@id":"https:\/\/abic.us\/es\/#\/schema\/person\/58547098a0d3b973c110fd8a36f0e0bb","name":"abic","image":{"@type":"ImageObject","inLanguage":"es","@id":"https:\/\/abic.us\/es\/#\/schema\/person\/image\/","url":"https:\/\/secure.gravatar.com\/avatar\/4a2893b0ce0ce34781c1e0a9251ffe4322e67c4e95cdf48463d10701c3bd4c8e?s=96&d=mm&r=g","contentUrl":"https:\/\/secure.gravatar.com\/avatar\/4a2893b0ce0ce34781c1e0a9251ffe4322e67c4e95cdf48463d10701c3bd4c8e?s=96&d=mm&r=g","caption":"abic"},"sameAs":["https:\/\/abic.wpengine.com"]}]}},"_links":{"self":[{"href":"https:\/\/abic.us\/es\/wp-json\/wp\/v2\/posts\/34969","targetHints":{"allow":["GET"]}}],"collection":[{"href":"https:\/\/abic.us\/es\/wp-json\/wp\/v2\/posts"}],"about":[{"href":"https:\/\/abic.us\/es\/wp-json\/wp\/v2\/types\/post"}],"author":[{"embeddable":true,"href":"https:\/\/abic.us\/es\/wp-json\/wp\/v2\/users\/1"}],"replies":[{"embeddable":true,"href":"https:\/\/abic.us\/es\/wp-json\/wp\/v2\/comments?post=34969"}],"version-history":[{"count":0,"href":"https:\/\/abic.us\/es\/wp-json\/wp\/v2\/posts\/34969\/revisions"}],"wp:attachment":[{"href":"https:\/\/abic.us\/es\/wp-json\/wp\/v2\/media?parent=34969"}],"wp:term":[{"taxonomy":"category","embeddable":true,"href":"https:\/\/abic.us\/es\/wp-json\/wp\/v2\/categories?post=34969"},{"taxonomy":"post_tag","embeddable":true,"href":"https:\/\/abic.us\/es\/wp-json\/wp\/v2\/tags?post=34969"}],"curies":[{"name":"wp","href":"https:\/\/api.w.org\/{rel}","templated":true}]}}