{"id":34964,"date":"2021-04-11T21:10:05","date_gmt":"2021-04-11T21:10:05","guid":{"rendered":"https:\/\/abic.wpengine.com\/venezolanos-anuncian-cumbre-nacional-que-pide-a-senadores-republicanos-y-democratas-que-apoyen-un-camino-hacia-la-ciudadania-para-todos-los-tps\/"},"modified":"2021-12-06T14:32:05","modified_gmt":"2021-12-06T14:32:05","slug":"venezolanos-anuncian-cumbre-nacional-que-pide-a-senadores-republicanos-y-democratas-que-apoyen-un-camino-hacia-la-ciudadania-para-todos-los-tps","status":"publish","type":"post","link":"https:\/\/abic.us\/es\/venezolanos-anuncian-cumbre-nacional-que-pide-a-senadores-republicanos-y-democratas-que-apoyen-un-camino-hacia-la-ciudadania-para-todos-los-tps\/","title":{"rendered":"Venezolanos anuncian cumbre nacional que pide a senadores republicanos y dem\u00f3cratas que apoyen un camino hacia la ciudadan\u00eda para todos los TPS"},"content":{"rendered":"\n<figure class=\"wp-block-image size-large\"><img loading=\"lazy\" decoding=\"async\" width=\"648\" height=\"235\" src=\"https:\/\/abic.imgix.net\/assets\/logos-for-release.png\" alt=\"\" class=\"wp-image-31302\"\/><\/figure>\n<h2 class=\"wp-block-heading\"><strong>Venezolanos anuncian cumbre nacional que pide a senadores republicanos y dem\u00f3cratas que apoyen un camino hacia la ciudadan\u00eda para todos los TPS<\/strong><\/h2>\n\n<p><em>La Ley SECURE proporcionar\u00eda un camino hacia la permanencia a un estimado de 650,000 titulares de TPS, incluidos m\u00e1s de 320,000 venezolanos, la mayor\u00eda de los cuales viven en Florida.<\/em><\/p>\n\n<p><strong>MIAMI, FL <\/strong>\u2014 Miembros de la di\u00e1spora venezolana celebrar\u00e1n un  <strong>Conferencia de prensa virtual el martes 13 de abril a las 10 AM EST<\/strong> para pedir a los senadores dem\u00f3cratas y republicanos que aprueben la Ley SECURE, que proporcionar\u00eda protecciones permanentes a los titulares de TPS de 12 pa\u00edses, incluidos Venezuela, Hait\u00ed, Honduras, Nicaragua y El Salvador. Durante el evento, los organizadores anunciar\u00e1n una cumbre nacional de TPS para elaborar el camino a seguir en la Ley SECURE, que necesita un patrocinador republicano en el Senado, y 10 republicanos para evitar un obstruccionismo.  <\/p>\n\n<p>Se estima que hay 200,000 venezolanos elegibles para TPS solo en Florida. El titular promedio de TPS ha estado en el pa\u00eds por m\u00e1s de 20 a\u00f1os, contribuyendo a nuestra econom\u00eda y ayud\u00e1ndonos a reconstruir y recuperarnos de la pandemia. Muchos de ellos son familias mixtas de ciudadanos \/ inmigrantes que han comprado casas y abierto negocios, pagado impuestos, asistido a escuelas y lugares de culto. A pesar de ser una parte integral de nuestras comunidades, los titulares de TPS viven en un estado constante de incertidumbre, necesitan volver a solicitar el programa cada 6 a 18 meses y pagar tarifas sustanciales. Es hora de poner fin a la incertidumbre y hacer que estas protecciones sean permanentes para que las familias en estados como Florida puedan seguir adelante.<\/p>\n\n<p>Los oradores de la conferencia de prensa incluyen:<\/p>\n\n<ul class=\"wp-block-list\"><li><strong>Kathy Bird Carvajal<\/strong>, Fondo IMPAC<\/li><li><strong>Mar\u00eda Antonieta D\u00edaz<\/strong>, Alianza Venezolano Americana  <\/li><li><strong>Denise Rincon<\/strong>, Directora, Asociaci\u00f3n Venezolana de Massachusetts, Inc<\/li><li><strong>Leopoldo Mart\u00ednez, <\/strong> Centro para la Democracia y el Desarrollo en las Am\u00e9ricas (CDDA)<\/li><li><strong>Al C\u00e1rdenas<\/strong>, Ex Presidente del Partido Republicano de Florida y Copresidente de la Coalici\u00f3n Americana de Inmigraci\u00f3n Empresarial y el Fondo IMPAC  <\/li><li><strong>Evelyn Perez Verdia<\/strong>, Somos M\u00e1s<\/li><\/ul>\n<p><strong>DETALLES<\/strong><\/p>\n\n<p><strong>Qu\u00e9<\/strong>: Conferencia de prensa virtual para anunciar la cumbre tps tps<\/p>\n\n<p><strong>Cu\u00e1ndo:<\/strong>Martes, 13 de abril a las 10 AM EST<\/p>\n\n<p><strong>Enlace de registro<\/strong>: <a href=\"https:\/\/zoom.us\/webinar\/register\/WN_NqwLZDJqQU23jybNKMK4Fg\">https:\/\/zoom.us\/webinar\/register\/WN_NqwLZDJqQU23jybNKMK4Fg<\/a><\/p>\n\n<p><strong>Anfitriones<\/strong>de la conferencia de prensa: IMPAC Fund (cap\u00edtulo de Florida de la American Business Immigration Coalition), Venezuelan American Alliance, Casa de Venezuela Orlando, Proyecto Pulso, Center for Democracy and Development in the Americas (CDDA), We Are M\u00e1s, Florida Immigration Coalition (FLIC) y Mujeres Latinas.  <\/p>\n\n<p><strong>Copatrocinadores del evento<\/strong>: Casa Venezolana &#8211; Americana, Illinois Venezuelan Alliance, Venezolanos en Sanford, Asociaci\u00f3n de Venezolanos Puerto Rico, Casa de Venezuela Jacksonville, Venezuela USA Foundation, Casa de Venezuela Atlanta, Casa de Venezuela en SW Florida, Asociaci\u00f3n Venezolana de Massachusetts, Venezuela Para Ti, Casa de Venezuela Greater Philadelphia, Casa de Venezuela Delaware y Avenext.  <\/p>\n\n<p class=\"has-text-align-center\">###<\/p>\n","protected":false},"excerpt":{"rendered":"<p>Venezolanos anuncian cumbre nacional que pide a senadores republicanos y dem\u00f3cratas que apoyen un camino hacia la ciudadan\u00eda para todos los TPS La Ley SECURE proporcionar\u00eda un camino hacia la&#8230;<\/p>\n","protected":false},"author":1,"featured_media":0,"comment_status":"closed","ping_status":"closed","sticky":false,"template":"","format":"standard","meta":{"footnotes":""},"categories":[63],"tags":[],"class_list":{"0":"post-34964","1":"post","2":"type-post","3":"status-publish","4":"format-standard","6":"category-actualizaciones"},"yoast_head":"<!-- This site is optimized with the Yoast SEO plugin v26.9 - https:\/\/yoast.com\/product\/yoast-seo-wordpress\/ -->\n<title>Venezolanos anuncian cumbre nacional que pide a senadores republicanos y dem\u00f3cratas que apoyen un camino hacia la ciudadan\u00eda para todos los TPS &#8212; Coalici\u00f3n Americana de Inmigraci\u00f3n Empresarial<\/title>\n<meta name=\"robots\" content=\"index, follow, max-snippet:-1, max-image-preview:large, max-video-preview:-1\" \/>\n<link rel=\"canonical\" href=\"https:\/\/abic.us\/es\/venezolanos-anuncian-cumbre-nacional-que-pide-a-senadores-republicanos-y-democratas-que-apoyen-un-camino-hacia-la-ciudadania-para-todos-los-tps\/\" \/>\n<meta property=\"og:locale\" content=\"es_ES\" \/>\n<meta property=\"og:type\" content=\"article\" \/>\n<meta property=\"og:title\" content=\"Venezolanos anuncian cumbre nacional que pide a senadores republicanos y dem\u00f3cratas que apoyen un camino hacia la ciudadan\u00eda para todos los TPS &#8212; Coalici\u00f3n Americana de Inmigraci\u00f3n Empresarial\" \/>\n<meta property=\"og:description\" content=\"Venezolanos anuncian cumbre nacional que pide a senadores republicanos y dem\u00f3cratas que apoyen un camino hacia la ciudadan\u00eda para todos los TPS La Ley SECURE proporcionar\u00eda un camino hacia la...\" \/>\n<meta property=\"og:url\" content=\"https:\/\/abic.us\/es\/venezolanos-anuncian-cumbre-nacional-que-pide-a-senadores-republicanos-y-democratas-que-apoyen-un-camino-hacia-la-ciudadania-para-todos-los-tps\/\" \/>\n<meta property=\"og:site_name\" content=\"Coalici\u00f3n Americana de Inmigraci\u00f3n Empresarial\" \/>\n<meta property=\"article:publisher\" content=\"https:\/\/www.facebook.com\/AmericanBIC\" \/>\n<meta property=\"article:published_time\" content=\"2021-04-11T21:10:05+00:00\" \/>\n<meta property=\"article:modified_time\" content=\"2021-12-06T14:32:05+00:00\" \/>\n<meta property=\"og:image\" content=\"https:\/\/abic.imgix.net\/assets\/logos-for-release.png\" \/>\n<meta name=\"author\" content=\"abic\" \/>\n<meta name=\"twitter:card\" content=\"summary_large_image\" \/>\n<meta name=\"twitter:creator\" content=\"@AmericanBIC\" \/>\n<meta name=\"twitter:site\" content=\"@AmericanBIC\" \/>\n<meta name=\"twitter:label1\" content=\"Escrito por\" \/>\n\t<meta name=\"twitter:data1\" content=\"abic\" \/>\n\t<meta name=\"twitter:label2\" content=\"Tiempo de lectura\" \/>\n\t<meta name=\"twitter:data2\" content=\"2 minutos\" \/>\n<script type=\"application\/ld+json\" class=\"yoast-schema-graph\">{\"@context\":\"https:\/\/schema.org\",\"@graph\":[{\"@type\":\"Article\",\"@id\":\"https:\/\/abic.us\/es\/venezolanos-anuncian-cumbre-nacional-que-pide-a-senadores-republicanos-y-democratas-que-apoyen-un-camino-hacia-la-ciudadania-para-todos-los-tps\/#article\",\"isPartOf\":{\"@id\":\"https:\/\/abic.us\/es\/venezolanos-anuncian-cumbre-nacional-que-pide-a-senadores-republicanos-y-democratas-que-apoyen-un-camino-hacia-la-ciudadania-para-todos-los-tps\/\"},\"author\":{\"name\":\"abic\",\"@id\":\"https:\/\/abic.us\/es\/#\/schema\/person\/58547098a0d3b973c110fd8a36f0e0bb\"},\"headline\":\"Venezolanos anuncian cumbre nacional que pide a senadores republicanos y dem\u00f3cratas que apoyen un camino hacia la ciudadan\u00eda para todos los TPS\",\"datePublished\":\"2021-04-11T21:10:05+00:00\",\"dateModified\":\"2021-12-06T14:32:05+00:00\",\"mainEntityOfPage\":{\"@id\":\"https:\/\/abic.us\/es\/venezolanos-anuncian-cumbre-nacional-que-pide-a-senadores-republicanos-y-democratas-que-apoyen-un-camino-hacia-la-ciudadania-para-todos-los-tps\/\"},\"wordCount\":511,\"publisher\":{\"@id\":\"https:\/\/abic.us\/es\/#organization\"},\"image\":{\"@id\":\"https:\/\/abic.us\/es\/venezolanos-anuncian-cumbre-nacional-que-pide-a-senadores-republicanos-y-democratas-que-apoyen-un-camino-hacia-la-ciudadania-para-todos-los-tps\/#primaryimage\"},\"thumbnailUrl\":\"https:\/\/abic.imgix.net\/assets\/logos-for-release.png\",\"articleSection\":[\"Actualizaciones\"],\"inLanguage\":\"es\"},{\"@type\":\"WebPage\",\"@id\":\"https:\/\/abic.us\/es\/venezolanos-anuncian-cumbre-nacional-que-pide-a-senadores-republicanos-y-democratas-que-apoyen-un-camino-hacia-la-ciudadania-para-todos-los-tps\/\",\"url\":\"https:\/\/abic.us\/es\/venezolanos-anuncian-cumbre-nacional-que-pide-a-senadores-republicanos-y-democratas-que-apoyen-un-camino-hacia-la-ciudadania-para-todos-los-tps\/\",\"name\":\"Venezolanos anuncian cumbre nacional que pide a senadores republicanos y dem\u00f3cratas que apoyen un camino hacia la ciudadan\u00eda para todos los TPS &#8212; Coalici\u00f3n Americana de Inmigraci\u00f3n Empresarial\",\"isPartOf\":{\"@id\":\"https:\/\/abic.us\/es\/#website\"},\"primaryImageOfPage\":{\"@id\":\"https:\/\/abic.us\/es\/venezolanos-anuncian-cumbre-nacional-que-pide-a-senadores-republicanos-y-democratas-que-apoyen-un-camino-hacia-la-ciudadania-para-todos-los-tps\/#primaryimage\"},\"image\":{\"@id\":\"https:\/\/abic.us\/es\/venezolanos-anuncian-cumbre-nacional-que-pide-a-senadores-republicanos-y-democratas-que-apoyen-un-camino-hacia-la-ciudadania-para-todos-los-tps\/#primaryimage\"},\"thumbnailUrl\":\"https:\/\/abic.imgix.net\/assets\/logos-for-release.png\",\"datePublished\":\"2021-04-11T21:10:05+00:00\",\"dateModified\":\"2021-12-06T14:32:05+00:00\",\"breadcrumb\":{\"@id\":\"https:\/\/abic.us\/es\/venezolanos-anuncian-cumbre-nacional-que-pide-a-senadores-republicanos-y-democratas-que-apoyen-un-camino-hacia-la-ciudadania-para-todos-los-tps\/#breadcrumb\"},\"inLanguage\":\"es\",\"potentialAction\":[{\"@type\":\"ReadAction\",\"target\":[\"https:\/\/abic.us\/es\/venezolanos-anuncian-cumbre-nacional-que-pide-a-senadores-republicanos-y-democratas-que-apoyen-un-camino-hacia-la-ciudadania-para-todos-los-tps\/\"]}]},{\"@type\":\"ImageObject\",\"inLanguage\":\"es\",\"@id\":\"https:\/\/abic.us\/es\/venezolanos-anuncian-cumbre-nacional-que-pide-a-senadores-republicanos-y-democratas-que-apoyen-un-camino-hacia-la-ciudadania-para-todos-los-tps\/#primaryimage\",\"url\":\"https:\/\/abic.imgix.net\/assets\/logos-for-release.png\",\"contentUrl\":\"https:\/\/abic.imgix.net\/assets\/logos-for-release.png\"},{\"@type\":\"BreadcrumbList\",\"@id\":\"https:\/\/abic.us\/es\/venezolanos-anuncian-cumbre-nacional-que-pide-a-senadores-republicanos-y-democratas-que-apoyen-un-camino-hacia-la-ciudadania-para-todos-los-tps\/#breadcrumb\",\"itemListElement\":[{\"@type\":\"ListItem\",\"position\":1,\"name\":\"Hogar\",\"item\":\"https:\/\/abic.us\/es\/\"},{\"@type\":\"ListItem\",\"position\":2,\"name\":\"Venezolanos anuncian cumbre nacional que pide a senadores republicanos y dem\u00f3cratas que apoyen un camino hacia la ciudadan\u00eda para todos los TPS\"}]},{\"@type\":\"WebSite\",\"@id\":\"https:\/\/abic.us\/es\/#website\",\"url\":\"https:\/\/abic.us\/es\/\",\"name\":\"Coalici\u00f3n Americana de Inmigraci\u00f3n Empresarial\",\"description\":\"Juntos, promoveremos una reforma migratoria sensata que crezca empleos, fortalezca nuestra econom\u00eda y beneficie a todas las familias estadounidenses.\",\"publisher\":{\"@id\":\"https:\/\/abic.us\/es\/#organization\"},\"potentialAction\":[{\"@type\":\"SearchAction\",\"target\":{\"@type\":\"EntryPoint\",\"urlTemplate\":\"https:\/\/abic.us\/es\/?s={search_term_string}\"},\"query-input\":{\"@type\":\"PropertyValueSpecification\",\"valueRequired\":true,\"valueName\":\"search_term_string\"}}],\"inLanguage\":\"es\"},{\"@type\":\"Organization\",\"@id\":\"https:\/\/abic.us\/es\/#organization\",\"name\":\"American Business Immigration Coalition\",\"url\":\"https:\/\/abic.us\/es\/\",\"logo\":{\"@type\":\"ImageObject\",\"inLanguage\":\"es\",\"@id\":\"https:\/\/abic.us\/es\/#\/schema\/logo\/image\/\",\"url\":\"https:\/\/abic.us\/wp-content\/uploads\/2021\/11\/ABIC-Logo.png\",\"contentUrl\":\"https:\/\/abic.us\/wp-content\/uploads\/2021\/11\/ABIC-Logo.png\",\"width\":1000,\"height\":260,\"caption\":\"American Business Immigration Coalition\"},\"image\":{\"@id\":\"https:\/\/abic.us\/es\/#\/schema\/logo\/image\/\"},\"sameAs\":[\"https:\/\/www.facebook.com\/AmericanBIC\",\"https:\/\/x.com\/AmericanBIC\"]},{\"@type\":\"Person\",\"@id\":\"https:\/\/abic.us\/es\/#\/schema\/person\/58547098a0d3b973c110fd8a36f0e0bb\",\"name\":\"abic\",\"image\":{\"@type\":\"ImageObject\",\"inLanguage\":\"es\",\"@id\":\"https:\/\/abic.us\/es\/#\/schema\/person\/image\/\",\"url\":\"https:\/\/secure.gravatar.com\/avatar\/4a2893b0ce0ce34781c1e0a9251ffe4322e67c4e95cdf48463d10701c3bd4c8e?s=96&d=mm&r=g\",\"contentUrl\":\"https:\/\/secure.gravatar.com\/avatar\/4a2893b0ce0ce34781c1e0a9251ffe4322e67c4e95cdf48463d10701c3bd4c8e?s=96&d=mm&r=g\",\"caption\":\"abic\"},\"sameAs\":[\"https:\/\/abic.wpengine.com\"]}]}<\/script>\n<!-- \/ Yoast SEO plugin. -->","yoast_head_json":{"title":"Venezolanos anuncian cumbre nacional que pide a senadores republicanos y dem\u00f3cratas que apoyen un camino hacia la ciudadan\u00eda para todos los TPS &#8212; Coalici\u00f3n Americana de Inmigraci\u00f3n Empresarial","robots":{"index":"index","follow":"follow","max-snippet":"max-snippet:-1","max-image-preview":"max-image-preview:large","max-video-preview":"max-video-preview:-1"},"canonical":"https:\/\/abic.us\/es\/venezolanos-anuncian-cumbre-nacional-que-pide-a-senadores-republicanos-y-democratas-que-apoyen-un-camino-hacia-la-ciudadania-para-todos-los-tps\/","og_locale":"es_ES","og_type":"article","og_title":"Venezolanos anuncian cumbre nacional que pide a senadores republicanos y dem\u00f3cratas que apoyen un camino hacia la ciudadan\u00eda para todos los TPS &#8212; Coalici\u00f3n Americana de Inmigraci\u00f3n Empresarial","og_description":"Venezolanos anuncian cumbre nacional que pide a senadores republicanos y dem\u00f3cratas que apoyen un camino hacia la ciudadan\u00eda para todos los TPS La Ley SECURE proporcionar\u00eda un camino hacia la...","og_url":"https:\/\/abic.us\/es\/venezolanos-anuncian-cumbre-nacional-que-pide-a-senadores-republicanos-y-democratas-que-apoyen-un-camino-hacia-la-ciudadania-para-todos-los-tps\/","og_site_name":"Coalici\u00f3n Americana de Inmigraci\u00f3n Empresarial","article_publisher":"https:\/\/www.facebook.com\/AmericanBIC","article_published_time":"2021-04-11T21:10:05+00:00","article_modified_time":"2021-12-06T14:32:05+00:00","og_image":[{"url":"https:\/\/abic.imgix.net\/assets\/logos-for-release.png","type":"","width":"","height":""}],"author":"abic","twitter_card":"summary_large_image","twitter_creator":"@AmericanBIC","twitter_site":"@AmericanBIC","twitter_misc":{"Escrito por":"abic","Tiempo de lectura":"2 minutos"},"schema":{"@context":"https:\/\/schema.org","@graph":[{"@type":"Article","@id":"https:\/\/abic.us\/es\/venezolanos-anuncian-cumbre-nacional-que-pide-a-senadores-republicanos-y-democratas-que-apoyen-un-camino-hacia-la-ciudadania-para-todos-los-tps\/#article","isPartOf":{"@id":"https:\/\/abic.us\/es\/venezolanos-anuncian-cumbre-nacional-que-pide-a-senadores-republicanos-y-democratas-que-apoyen-un-camino-hacia-la-ciudadania-para-todos-los-tps\/"},"author":{"name":"abic","@id":"https:\/\/abic.us\/es\/#\/schema\/person\/58547098a0d3b973c110fd8a36f0e0bb"},"headline":"Venezolanos anuncian cumbre nacional que pide a senadores republicanos y dem\u00f3cratas que apoyen un camino hacia la ciudadan\u00eda para todos los TPS","datePublished":"2021-04-11T21:10:05+00:00","dateModified":"2021-12-06T14:32:05+00:00","mainEntityOfPage":{"@id":"https:\/\/abic.us\/es\/venezolanos-anuncian-cumbre-nacional-que-pide-a-senadores-republicanos-y-democratas-que-apoyen-un-camino-hacia-la-ciudadania-para-todos-los-tps\/"},"wordCount":511,"publisher":{"@id":"https:\/\/abic.us\/es\/#organization"},"image":{"@id":"https:\/\/abic.us\/es\/venezolanos-anuncian-cumbre-nacional-que-pide-a-senadores-republicanos-y-democratas-que-apoyen-un-camino-hacia-la-ciudadania-para-todos-los-tps\/#primaryimage"},"thumbnailUrl":"https:\/\/abic.imgix.net\/assets\/logos-for-release.png","articleSection":["Actualizaciones"],"inLanguage":"es"},{"@type":"WebPage","@id":"https:\/\/abic.us\/es\/venezolanos-anuncian-cumbre-nacional-que-pide-a-senadores-republicanos-y-democratas-que-apoyen-un-camino-hacia-la-ciudadania-para-todos-los-tps\/","url":"https:\/\/abic.us\/es\/venezolanos-anuncian-cumbre-nacional-que-pide-a-senadores-republicanos-y-democratas-que-apoyen-un-camino-hacia-la-ciudadania-para-todos-los-tps\/","name":"Venezolanos anuncian cumbre nacional que pide a senadores republicanos y dem\u00f3cratas que apoyen un camino hacia la ciudadan\u00eda para todos los TPS &#8212; Coalici\u00f3n Americana de Inmigraci\u00f3n Empresarial","isPartOf":{"@id":"https:\/\/abic.us\/es\/#website"},"primaryImageOfPage":{"@id":"https:\/\/abic.us\/es\/venezolanos-anuncian-cumbre-nacional-que-pide-a-senadores-republicanos-y-democratas-que-apoyen-un-camino-hacia-la-ciudadania-para-todos-los-tps\/#primaryimage"},"image":{"@id":"https:\/\/abic.us\/es\/venezolanos-anuncian-cumbre-nacional-que-pide-a-senadores-republicanos-y-democratas-que-apoyen-un-camino-hacia-la-ciudadania-para-todos-los-tps\/#primaryimage"},"thumbnailUrl":"https:\/\/abic.imgix.net\/assets\/logos-for-release.png","datePublished":"2021-04-11T21:10:05+00:00","dateModified":"2021-12-06T14:32:05+00:00","breadcrumb":{"@id":"https:\/\/abic.us\/es\/venezolanos-anuncian-cumbre-nacional-que-pide-a-senadores-republicanos-y-democratas-que-apoyen-un-camino-hacia-la-ciudadania-para-todos-los-tps\/#breadcrumb"},"inLanguage":"es","potentialAction":[{"@type":"ReadAction","target":["https:\/\/abic.us\/es\/venezolanos-anuncian-cumbre-nacional-que-pide-a-senadores-republicanos-y-democratas-que-apoyen-un-camino-hacia-la-ciudadania-para-todos-los-tps\/"]}]},{"@type":"ImageObject","inLanguage":"es","@id":"https:\/\/abic.us\/es\/venezolanos-anuncian-cumbre-nacional-que-pide-a-senadores-republicanos-y-democratas-que-apoyen-un-camino-hacia-la-ciudadania-para-todos-los-tps\/#primaryimage","url":"https:\/\/abic.imgix.net\/assets\/logos-for-release.png","contentUrl":"https:\/\/abic.imgix.net\/assets\/logos-for-release.png"},{"@type":"BreadcrumbList","@id":"https:\/\/abic.us\/es\/venezolanos-anuncian-cumbre-nacional-que-pide-a-senadores-republicanos-y-democratas-que-apoyen-un-camino-hacia-la-ciudadania-para-todos-los-tps\/#breadcrumb","itemListElement":[{"@type":"ListItem","position":1,"name":"Hogar","item":"https:\/\/abic.us\/es\/"},{"@type":"ListItem","position":2,"name":"Venezolanos anuncian cumbre nacional que pide a senadores republicanos y dem\u00f3cratas que apoyen un camino hacia la ciudadan\u00eda para todos los TPS"}]},{"@type":"WebSite","@id":"https:\/\/abic.us\/es\/#website","url":"https:\/\/abic.us\/es\/","name":"Coalici\u00f3n Americana de Inmigraci\u00f3n Empresarial","description":"Juntos, promoveremos una reforma migratoria sensata que crezca empleos, fortalezca nuestra econom\u00eda y beneficie a todas las familias estadounidenses.","publisher":{"@id":"https:\/\/abic.us\/es\/#organization"},"potentialAction":[{"@type":"SearchAction","target":{"@type":"EntryPoint","urlTemplate":"https:\/\/abic.us\/es\/?s={search_term_string}"},"query-input":{"@type":"PropertyValueSpecification","valueRequired":true,"valueName":"search_term_string"}}],"inLanguage":"es"},{"@type":"Organization","@id":"https:\/\/abic.us\/es\/#organization","name":"American Business Immigration Coalition","url":"https:\/\/abic.us\/es\/","logo":{"@type":"ImageObject","inLanguage":"es","@id":"https:\/\/abic.us\/es\/#\/schema\/logo\/image\/","url":"https:\/\/abic.us\/wp-content\/uploads\/2021\/11\/ABIC-Logo.png","contentUrl":"https:\/\/abic.us\/wp-content\/uploads\/2021\/11\/ABIC-Logo.png","width":1000,"height":260,"caption":"American Business Immigration Coalition"},"image":{"@id":"https:\/\/abic.us\/es\/#\/schema\/logo\/image\/"},"sameAs":["https:\/\/www.facebook.com\/AmericanBIC","https:\/\/x.com\/AmericanBIC"]},{"@type":"Person","@id":"https:\/\/abic.us\/es\/#\/schema\/person\/58547098a0d3b973c110fd8a36f0e0bb","name":"abic","image":{"@type":"ImageObject","inLanguage":"es","@id":"https:\/\/abic.us\/es\/#\/schema\/person\/image\/","url":"https:\/\/secure.gravatar.com\/avatar\/4a2893b0ce0ce34781c1e0a9251ffe4322e67c4e95cdf48463d10701c3bd4c8e?s=96&d=mm&r=g","contentUrl":"https:\/\/secure.gravatar.com\/avatar\/4a2893b0ce0ce34781c1e0a9251ffe4322e67c4e95cdf48463d10701c3bd4c8e?s=96&d=mm&r=g","caption":"abic"},"sameAs":["https:\/\/abic.wpengine.com"]}]}},"_links":{"self":[{"href":"https:\/\/abic.us\/es\/wp-json\/wp\/v2\/posts\/34964","targetHints":{"allow":["GET"]}}],"collection":[{"href":"https:\/\/abic.us\/es\/wp-json\/wp\/v2\/posts"}],"about":[{"href":"https:\/\/abic.us\/es\/wp-json\/wp\/v2\/types\/post"}],"author":[{"embeddable":true,"href":"https:\/\/abic.us\/es\/wp-json\/wp\/v2\/users\/1"}],"replies":[{"embeddable":true,"href":"https:\/\/abic.us\/es\/wp-json\/wp\/v2\/comments?post=34964"}],"version-history":[{"count":0,"href":"https:\/\/abic.us\/es\/wp-json\/wp\/v2\/posts\/34964\/revisions"}],"wp:attachment":[{"href":"https:\/\/abic.us\/es\/wp-json\/wp\/v2\/media?parent=34964"}],"wp:term":[{"taxonomy":"category","embeddable":true,"href":"https:\/\/abic.us\/es\/wp-json\/wp\/v2\/categories?post=34964"},{"taxonomy":"post_tag","embeddable":true,"href":"https:\/\/abic.us\/es\/wp-json\/wp\/v2\/tags?post=34964"}],"curies":[{"name":"wp","href":"https:\/\/api.w.org\/{rel}","templated":true}]}}