{"id":34958,"date":"2021-03-19T16:44:51","date_gmt":"2021-03-19T16:44:51","guid":{"rendered":"https:\/\/abic.wpengine.com\/recording-cumbre-bipartidista-de-inmigracion-con-los-senadores-romney-bennet-sinema-y-kelly-junto-con-los-gobernadores-ducey-y-polis\/"},"modified":"2021-12-06T14:31:55","modified_gmt":"2021-12-06T14:31:55","slug":"recording-cumbre-bipartidista-de-inmigracion-con-los-senadores-romney-bennet-sinema-y-kelly-junto-con-los-gobernadores-ducey-y-polis","status":"publish","type":"post","link":"https:\/\/abic.us\/es\/recording-cumbre-bipartidista-de-inmigracion-con-los-senadores-romney-bennet-sinema-y-kelly-junto-con-los-gobernadores-ducey-y-polis\/","title":{"rendered":"[RECORDING]  Cumbre bipartidista de inmigraci\u00f3n con los senadores Romney, Bennet, Sinema y Kelly, junto con los gobernadores Ducey y Polis"},"content":{"rendered":"\n<figure class=\"wp-block-image size-large\"><img loading=\"lazy\" decoding=\"async\" width=\"1900\" height=\"1058\" src=\"https:\/\/abic.imgix.net\/assets\/Screen-Shot-2021-03-19-at-2.01.12-PM.png\" alt=\"\" class=\"wp-image-31288\"\/><\/figure>\n<h2 class=\"wp-block-heading\"><strong>[RECORDING]  Cumbre bipartidista de inmigraci\u00f3n con los senadores Romney, Bennet, Sinema y Kelly, junto con los gobernadores Ducey y Polis<\/strong><\/h2>\n\n<p><em>Enlace a la grabaci\u00f3n: <\/em> <a href=\"https:\/\/bit.ly\/3tAX13g\" target=\"_blank\" rel=\"noreferrer noopener\"> <em>https:\/\/bit.ly\/3tAX13g<\/em>\n  \n<\/a><em> <\/em><\/p>\n\n<p><strong>PHOENIX, ARIZONA<\/strong> \u2014 Con la votaci\u00f3n del Congreso sobre los proyectos de ley de inmigraci\u00f3n esta semana, la American Business Immigration Coalition &#8211; Intermountain Chapter, organiz\u00f3 un  <a href=\"https:\/\/abic.us\/events\/intermountain-rising-unlocking-our-regions-economic-potential-through-bipartisan-immigration-reform\/\">Cumbre de inmigraci\u00f3n intermonta\u00f1osa<\/a> con l\u00edderes empresariales, directores ejecutivos, presidentes de universidades y funcionarios electos bipartidistas, incluido el senador.  <strong>Mitt Romney<\/strong> (R-UT); Gobernador de Arizona  <strong>Doug Ducey<\/strong> (R-AZ); Senador de los Estados Unidos  <strong>Michael Bennet<\/strong> (D-CO), Gobernador de Colorado.  <strong>Jared Polis<\/strong>; Senador de los Estados Unidos  <strong>Kyrsten Sinema<\/strong> (D-AZ); Senador de los Estados Unidos  <strong>Mark Kelly<\/strong> (D-AZ).  <\/p>\n\n<p>La regi\u00f3n Intermountain de los Estados Unidos, que incluye Arizona, Utah, Nevada y Colorado, es el hogar de aproximadamente <a href=\"https:\/\/docs.google.com\/spreadsheets\/d\/1GmgcylNuf2I4YaLv9ZQzXxUeAX-1c4DGO7JNy48jozg\/edit?ts=6047bfb8#gid=0\" target=\"_blank\" rel=\"noreferrer noopener\">2.5 millones de inmigrantes<\/a> que pagan $ 18 mil millones en impuestos federales y estatales cada a\u00f1o. En conjunto, su impacto econ\u00f3mico en la regi\u00f3n es cercano a los 80.000 millones de d\u00f3lares al a\u00f1o. Un camino hacia el estatus legal y la ciudadan\u00eda para los Dreamers, los trabajadores agr\u00edcolas y los trabajadores esenciales es apoyado por m\u00e1s del 70% de los votantes estadounidenses. Las soluciones de inmigraci\u00f3n de sentido com\u00fan ayudar\u00e1n a los estados intermonta\u00f1osos a reconstruirse y recuperarse de la pandemia, al tiempo que impulsan las industrias m\u00e1s grandes de la regi\u00f3n, incluidas la construcci\u00f3n, la agricultura, la hospitalidad y el turismo.<\/p>\n\n<p><strong>Para entrevistas de seguimiento con l\u00edderes empresariales o defensores, comun\u00edquese con hsoto@americanbic.biz.  <\/strong><\/p>\n\n<p><strong>Bob Worsley, ex senador estatal de AZ y fundador de Skymall y copresidente de la American Business Immigration Coalition (ABIC):<\/strong><\/p>\n\n<p>\u00abEs hora de comenzar a construir un sistema de inmigraci\u00f3n bipartidista, productivo y moderno. Hay un gran apoyo por parte de los votantes estadounidenses para los Dreamers, los trabajadores agr\u00edcolas y los trabajadores esenciales. Hay una responsabilidad para que los funcionarios electos avancen. Estamos encantados de que la C\u00e1mara de Representantes aprobara ayer los proyectos de ley de trabajadores de Dream y Ag con un fuerte bipartidismo. Estamos aqu\u00ed hoy, junto con senadores y gobernadores bipartidistas de los Estados Unidos, para discutir c\u00f3mo lograr que esto llegue a la l\u00ednea de meta en el Senado\u00bb.<\/p>\n\n<p><strong>Mike Kaplan, CEO de Aspen Snowmass, dijo:  <\/strong><\/p>\n\n<p>\u00abHoy, estamos a dos empleados de tener que cerrar un restaurante durante las vacaciones de primavera. El pr\u00f3ximo a\u00f1o, a medida que los negocios retroceda, \u00bfc\u00f3mo vamos a llenar esos puestos de trabajo? \u00bfDe d\u00f3nde vamos a conseguir el personal que necesitamos para ayudarnos a funcionar? Realmente no lo s\u00e9. Estamos preocupados por eso y creo que va a impactar nuestro negocio de manera negativa y ralentizar nuestra recuperaci\u00f3n. Este problema debe abordarse ahora\u00bb.<\/p>\n\n<p><strong>La canciller Melody Rose del Sistema de Educaci\u00f3n Superior de Nevada dijo:  <\/strong>\u00abLa reforma migratoria es fundamental para nuestros campus para garantizar una fuerza laboral altamente calificada en Nevada y mejorar la desigualdad de ingresos de larga data en las \u00e1reas rurales y urbanas de nuestro estado. Los estudiantes de primera y segunda generaci\u00f3n comprenden el 28% del cuerpo estudiantil de educaci\u00f3n superior de Nevada, un n\u00famero creciente que subraya la importancia de la inmigraci\u00f3n en el aula y nuestra fuerza laboral. Como naci\u00f3n, nuestro destino colectivo est\u00e1 ligado al \u00e9xito de los inmigrantes, y es por eso que el Sistema de Educaci\u00f3n Superior de Nevada apoya firmemente las soluciones de inmigraci\u00f3n de sentido com\u00fan\u00bb.<\/p>\n\n<p><strong>Derek Miller, Presidente y CEO de la C\u00e1mara de Comercio de Salt Lake, dijo:<\/strong><\/p>\n\n<p>\u00abA menudo se dice que el sistema de inmigraci\u00f3n de nuestro pa\u00eds est\u00e1 roto. Eso es probablemente subestimar el problema. Es m\u00e1s que simplemente roto, est\u00e1 al rev\u00e9s y al rev\u00e9s. No tenemos fronteras seguras y, por lo tanto, no podemos mantener a los malos actores fuera. Y no tenemos un sistema de inmigraci\u00f3n que funcione y que permita la entrada de suficientes personas que quieran estar en este pa\u00eds para contribuir y beneficiar a nuestra econom\u00eda y comunidades. Estos inmigrantes son parte del rico tejido de nuestra sociedad multicultural. Al salir de esta pandemia donde muchos en nuestra comunidad sufrieron, uno de los mantras que defendimos en la C\u00e1mara de Salt Lake fue que debemos \u00abliderar juntos\u00bb. Creo que al hacer eso, al desarrollar pol\u00edticas inclusivas y reflexivas que se piden en el Pacto de Utah, \u00a1ganaremos JUNTOS!\u00bb<\/p>\n\n<p><strong>Wilford Anderson, Autoridad General Em\u00e9rita de la Iglesia de Jesucristo de los Santos de los \u00daltimos D\u00edas:<\/strong> <\/p>\n\n<p>\u00abEn mi iglesia, servicio en todo el mundo, aprend\u00ed que la gente puede prescindir de muchas cosas&#8230; pero hay una cosa que no pueden vivir sin esperanza. No debemos privar a nuestro pueblo de esperanza\u00bb.<\/p>\n\n<p><strong>LO M\u00c1S DESTACADO DE LA CUMBRE (haga clic en el enlace para ver el video completo):<\/strong><\/p>\n\n<p><a href=\"https:\/\/drive.google.com\/file\/d\/1ClQO02FiVXD1DGvj516RJ0K_Egwkh-IO\/view\" target=\"_blank\" rel=\"noreferrer noopener\"><strong>Senadora de los Estados Unidos Kyrsten Sinema (D-AZ)<\/strong><\/a>\u00abDebemos encontrar una soluci\u00f3n bipartidista para proteger permanentemente a nuestros Dreamers. Los Dreamers de Arizona se grad\u00faan de nuestras escuelas, contribuyen a nuestra econom\u00eda y se alistan en nuestras fuerzas armadas para servir a nuestra naci\u00f3n. Estos j\u00f3venes son miembros contribuyentes de nuestras comunidades y merecen la oportunidad de ser reconocidos como estadounidenses\u00bb.<\/p>\n\n<p><a href=\"https:\/\/drive.google.com\/file\/d\/1Svm4Bw4i_XIOBQGMuBJ-kLBTZ2jexJxi\/view\" target=\"_blank\" rel=\"noreferrer noopener\">\n  <strong>El senador estadounidense Mark Kelly (D-AZ)<\/strong>\n<\/a>dijo: \u00abAbordar este desaf\u00edo [immigration reform] requerir\u00e1 soluciones bipartidistas integrales&#8230; esto significar\u00e1 que las familias pueden permanecer juntas y continuar siendo parte de nuestras comunidades sin temor a la deportaci\u00f3n\u00bb.<\/p>\n\n<p><a href=\"https:\/\/www.facebook.com\/AmericanBIC\/videos\/235072401700592\" target=\"_blank\" rel=\"noreferrer noopener\">\n  <strong>El senador estadounidense Michael Bennet (D-CO)<\/strong>\n<\/a>dijo: \u00abLa reforma migratoria no debe ser un tema partidista, nuestro compromiso con la inmigraci\u00f3n es un compromiso de mantenerse competitivos&#8230; Hay medio mill\u00f3n de inmigrantes en Colorado, son fundamentales para nuestra econom\u00eda\u00bb.<\/p>\n\n<p><a href=\"https:\/\/drive.google.com\/file\/d\/1cTFRxcsmbvn1mWh-ZDoWnhEqPxUSFM90\/view\" target=\"_blank\" rel=\"noreferrer noopener\">\n  <strong>El senador estadounidense Mitt Romney (R-UT):<\/strong>\n<\/a>\u00abEstados Unidos es un pa\u00eds de inmigrantes&#8230; nuestro sistema de inmigraci\u00f3n necesita una reforma seria&#8230; Tenemos que proporcionar a los beneficiarios de DACA un asunto legal para permanecer en el pa\u00eds\u00bb.<\/p>\n\n<p><a href=\"https:\/\/drive.google.com\/file\/d\/150c6yGv7y_fFRPES1CRYpUFiTSxHWzYj\/view?usp=sharing\" target=\"_blank\" rel=\"noreferrer noopener\">\n  <strong>El gobernador de Arizona, Doug Ducey,<\/strong>\n<\/a>dijo: \u00abNuestro pa\u00eds es una tierra de oportunidades construida por inmigrantes, y Arizona es un brillante ejemplo de eso. Necesitamos que Washington DC d\u00e9 un paso adelante&#8230; y encontrar pol\u00edticas que creen oportunidades para los inmigrantes mientras mantienen seguros a los arizonianos\u00bb<\/p>\n\n<p><a href=\"https:\/\/drive.google.com\/file\/d\/1wQyc7oUkO1jFvHOn5pIIOsoUS3klP4pS\/view\" target=\"_blank\" rel=\"noreferrer noopener\">\n  <strong>El gobernador de Colorado, Jared Polis,<\/strong>\n<\/a>dijo: \u00abNuestro sistema de inmigraci\u00f3n necesita una reforma, est\u00e1 roto&#8230; Nosotros en Colorado somos fuertes debido a su poblaci\u00f3n inmigrante. Una reforma migratoria sensata es tan importante que arreglar nuestro sistema roto ayudar\u00eda a todos\u00bb.<\/p>\n\n<p><br\/><strong>Copatrocinadores del evento: Aspen Snowmass,<\/strong> <strong>Arizona Chamber of Commerce,<\/strong> <strong>Greater Phoenix Leadership,<\/strong> <strong>The Presidents&#8217; Alliance on Higher Education &amp; Immigration,<\/strong> <strong>UnidosUS,<\/strong> <strong>Aliento,<\/strong> <strong>Jewish Community Relations Council,<\/strong> <strong>Valley Interfaith Project,<\/strong> <strong>Local First Arizona,<\/strong> <strong>Arizona Faith Network,<\/strong> <strong>Chicanos por la Causa,<\/strong> <strong>US Conference of Catholic Bishops.<\/strong><\/p>\n","protected":false},"excerpt":{"rendered":"<p>[RECORDING] Cumbre bipartidista de inmigraci\u00f3n con los senadores Romney, Bennet, Sinema y Kelly, junto con los gobernadores Ducey y Polis Enlace a la grabaci\u00f3n: https:\/\/bit.ly\/3tAX13g PHOENIX, ARIZONA \u2014 Con la&#8230;<\/p>\n","protected":false},"author":1,"featured_media":0,"comment_status":"closed","ping_status":"closed","sticky":false,"template":"","format":"standard","meta":{"footnotes":""},"categories":[56],"tags":[],"class_list":{"0":"post-34958","1":"post","2":"type-post","3":"status-publish","4":"format-standard","6":"category-sin-categorizar"},"yoast_head":"<!-- This site is optimized with the Yoast SEO plugin v26.9 - https:\/\/yoast.com\/product\/yoast-seo-wordpress\/ -->\n<title>[RECORDING] Cumbre bipartidista de inmigraci\u00f3n con los senadores Romney, Bennet, Sinema y Kelly, junto con los gobernadores Ducey y Polis &#8212; Coalici\u00f3n Americana de Inmigraci\u00f3n Empresarial<\/title>\n<meta name=\"robots\" content=\"index, follow, max-snippet:-1, max-image-preview:large, max-video-preview:-1\" \/>\n<link rel=\"canonical\" href=\"https:\/\/abic.us\/es\/recording-cumbre-bipartidista-de-inmigracion-con-los-senadores-romney-bennet-sinema-y-kelly-junto-con-los-gobernadores-ducey-y-polis\/\" \/>\n<meta property=\"og:locale\" content=\"es_ES\" \/>\n<meta property=\"og:type\" content=\"article\" \/>\n<meta property=\"og:title\" content=\"[RECORDING] Cumbre bipartidista de inmigraci\u00f3n con los senadores Romney, Bennet, Sinema y Kelly, junto con los gobernadores Ducey y Polis &#8212; Coalici\u00f3n Americana de Inmigraci\u00f3n Empresarial\" \/>\n<meta property=\"og:description\" content=\"[RECORDING] Cumbre bipartidista de inmigraci\u00f3n con los senadores Romney, Bennet, Sinema y Kelly, junto con los gobernadores Ducey y Polis Enlace a la grabaci\u00f3n: https:\/\/bit.ly\/3tAX13g PHOENIX, ARIZONA \u2014 Con la...\" \/>\n<meta property=\"og:url\" content=\"https:\/\/abic.us\/es\/recording-cumbre-bipartidista-de-inmigracion-con-los-senadores-romney-bennet-sinema-y-kelly-junto-con-los-gobernadores-ducey-y-polis\/\" \/>\n<meta property=\"og:site_name\" content=\"Coalici\u00f3n Americana de Inmigraci\u00f3n Empresarial\" \/>\n<meta property=\"article:publisher\" content=\"https:\/\/www.facebook.com\/AmericanBIC\" \/>\n<meta property=\"article:published_time\" content=\"2021-03-19T16:44:51+00:00\" \/>\n<meta property=\"article:modified_time\" content=\"2021-12-06T14:31:55+00:00\" \/>\n<meta property=\"og:image\" content=\"https:\/\/abic.imgix.net\/assets\/Screen-Shot-2021-03-19-at-2.01.12-PM.png\" \/>\n<meta name=\"author\" content=\"abic\" \/>\n<meta name=\"twitter:card\" content=\"summary_large_image\" \/>\n<meta name=\"twitter:creator\" content=\"@AmericanBIC\" \/>\n<meta name=\"twitter:site\" content=\"@AmericanBIC\" \/>\n<meta name=\"twitter:label1\" content=\"Escrito por\" \/>\n\t<meta name=\"twitter:data1\" content=\"abic\" \/>\n\t<meta name=\"twitter:label2\" content=\"Tiempo de lectura\" \/>\n\t<meta name=\"twitter:data2\" content=\"6 minutos\" \/>\n<script type=\"application\/ld+json\" class=\"yoast-schema-graph\">{\"@context\":\"https:\/\/schema.org\",\"@graph\":[{\"@type\":\"Article\",\"@id\":\"https:\/\/abic.us\/es\/recording-cumbre-bipartidista-de-inmigracion-con-los-senadores-romney-bennet-sinema-y-kelly-junto-con-los-gobernadores-ducey-y-polis\/#article\",\"isPartOf\":{\"@id\":\"https:\/\/abic.us\/es\/recording-cumbre-bipartidista-de-inmigracion-con-los-senadores-romney-bennet-sinema-y-kelly-junto-con-los-gobernadores-ducey-y-polis\/\"},\"author\":{\"name\":\"abic\",\"@id\":\"https:\/\/abic.us\/es\/#\/schema\/person\/58547098a0d3b973c110fd8a36f0e0bb\"},\"headline\":\"[RECORDING] Cumbre bipartidista de inmigraci\u00f3n con los senadores Romney, Bennet, Sinema y Kelly, junto con los gobernadores Ducey y Polis\",\"datePublished\":\"2021-03-19T16:44:51+00:00\",\"dateModified\":\"2021-12-06T14:31:55+00:00\",\"mainEntityOfPage\":{\"@id\":\"https:\/\/abic.us\/es\/recording-cumbre-bipartidista-de-inmigracion-con-los-senadores-romney-bennet-sinema-y-kelly-junto-con-los-gobernadores-ducey-y-polis\/\"},\"wordCount\":1178,\"publisher\":{\"@id\":\"https:\/\/abic.us\/es\/#organization\"},\"image\":{\"@id\":\"https:\/\/abic.us\/es\/recording-cumbre-bipartidista-de-inmigracion-con-los-senadores-romney-bennet-sinema-y-kelly-junto-con-los-gobernadores-ducey-y-polis\/#primaryimage\"},\"thumbnailUrl\":\"https:\/\/abic.imgix.net\/assets\/Screen-Shot-2021-03-19-at-2.01.12-PM.png\",\"articleSection\":[\"Sin categorizar\"],\"inLanguage\":\"es\"},{\"@type\":\"WebPage\",\"@id\":\"https:\/\/abic.us\/es\/recording-cumbre-bipartidista-de-inmigracion-con-los-senadores-romney-bennet-sinema-y-kelly-junto-con-los-gobernadores-ducey-y-polis\/\",\"url\":\"https:\/\/abic.us\/es\/recording-cumbre-bipartidista-de-inmigracion-con-los-senadores-romney-bennet-sinema-y-kelly-junto-con-los-gobernadores-ducey-y-polis\/\",\"name\":\"[RECORDING] Cumbre bipartidista de inmigraci\u00f3n con los senadores Romney, Bennet, Sinema y Kelly, junto con los gobernadores Ducey y Polis &#8212; Coalici\u00f3n Americana de Inmigraci\u00f3n Empresarial\",\"isPartOf\":{\"@id\":\"https:\/\/abic.us\/es\/#website\"},\"primaryImageOfPage\":{\"@id\":\"https:\/\/abic.us\/es\/recording-cumbre-bipartidista-de-inmigracion-con-los-senadores-romney-bennet-sinema-y-kelly-junto-con-los-gobernadores-ducey-y-polis\/#primaryimage\"},\"image\":{\"@id\":\"https:\/\/abic.us\/es\/recording-cumbre-bipartidista-de-inmigracion-con-los-senadores-romney-bennet-sinema-y-kelly-junto-con-los-gobernadores-ducey-y-polis\/#primaryimage\"},\"thumbnailUrl\":\"https:\/\/abic.imgix.net\/assets\/Screen-Shot-2021-03-19-at-2.01.12-PM.png\",\"datePublished\":\"2021-03-19T16:44:51+00:00\",\"dateModified\":\"2021-12-06T14:31:55+00:00\",\"breadcrumb\":{\"@id\":\"https:\/\/abic.us\/es\/recording-cumbre-bipartidista-de-inmigracion-con-los-senadores-romney-bennet-sinema-y-kelly-junto-con-los-gobernadores-ducey-y-polis\/#breadcrumb\"},\"inLanguage\":\"es\",\"potentialAction\":[{\"@type\":\"ReadAction\",\"target\":[\"https:\/\/abic.us\/es\/recording-cumbre-bipartidista-de-inmigracion-con-los-senadores-romney-bennet-sinema-y-kelly-junto-con-los-gobernadores-ducey-y-polis\/\"]}]},{\"@type\":\"ImageObject\",\"inLanguage\":\"es\",\"@id\":\"https:\/\/abic.us\/es\/recording-cumbre-bipartidista-de-inmigracion-con-los-senadores-romney-bennet-sinema-y-kelly-junto-con-los-gobernadores-ducey-y-polis\/#primaryimage\",\"url\":\"https:\/\/abic.imgix.net\/assets\/Screen-Shot-2021-03-19-at-2.01.12-PM.png\",\"contentUrl\":\"https:\/\/abic.imgix.net\/assets\/Screen-Shot-2021-03-19-at-2.01.12-PM.png\"},{\"@type\":\"BreadcrumbList\",\"@id\":\"https:\/\/abic.us\/es\/recording-cumbre-bipartidista-de-inmigracion-con-los-senadores-romney-bennet-sinema-y-kelly-junto-con-los-gobernadores-ducey-y-polis\/#breadcrumb\",\"itemListElement\":[{\"@type\":\"ListItem\",\"position\":1,\"name\":\"Hogar\",\"item\":\"https:\/\/abic.us\/es\/\"},{\"@type\":\"ListItem\",\"position\":2,\"name\":\"[RECORDING] Cumbre bipartidista de inmigraci\u00f3n con los senadores Romney, Bennet, Sinema y Kelly, junto con los gobernadores Ducey y Polis\"}]},{\"@type\":\"WebSite\",\"@id\":\"https:\/\/abic.us\/es\/#website\",\"url\":\"https:\/\/abic.us\/es\/\",\"name\":\"Coalici\u00f3n Americana de Inmigraci\u00f3n Empresarial\",\"description\":\"Juntos, promoveremos una reforma migratoria sensata que crezca empleos, fortalezca nuestra econom\u00eda y beneficie a todas las familias estadounidenses.\",\"publisher\":{\"@id\":\"https:\/\/abic.us\/es\/#organization\"},\"potentialAction\":[{\"@type\":\"SearchAction\",\"target\":{\"@type\":\"EntryPoint\",\"urlTemplate\":\"https:\/\/abic.us\/es\/?s={search_term_string}\"},\"query-input\":{\"@type\":\"PropertyValueSpecification\",\"valueRequired\":true,\"valueName\":\"search_term_string\"}}],\"inLanguage\":\"es\"},{\"@type\":\"Organization\",\"@id\":\"https:\/\/abic.us\/es\/#organization\",\"name\":\"American Business Immigration Coalition\",\"url\":\"https:\/\/abic.us\/es\/\",\"logo\":{\"@type\":\"ImageObject\",\"inLanguage\":\"es\",\"@id\":\"https:\/\/abic.us\/es\/#\/schema\/logo\/image\/\",\"url\":\"https:\/\/abic.us\/wp-content\/uploads\/2021\/11\/ABIC-Logo.png\",\"contentUrl\":\"https:\/\/abic.us\/wp-content\/uploads\/2021\/11\/ABIC-Logo.png\",\"width\":1000,\"height\":260,\"caption\":\"American Business Immigration Coalition\"},\"image\":{\"@id\":\"https:\/\/abic.us\/es\/#\/schema\/logo\/image\/\"},\"sameAs\":[\"https:\/\/www.facebook.com\/AmericanBIC\",\"https:\/\/x.com\/AmericanBIC\"]},{\"@type\":\"Person\",\"@id\":\"https:\/\/abic.us\/es\/#\/schema\/person\/58547098a0d3b973c110fd8a36f0e0bb\",\"name\":\"abic\",\"image\":{\"@type\":\"ImageObject\",\"inLanguage\":\"es\",\"@id\":\"https:\/\/abic.us\/es\/#\/schema\/person\/image\/\",\"url\":\"https:\/\/secure.gravatar.com\/avatar\/4a2893b0ce0ce34781c1e0a9251ffe4322e67c4e95cdf48463d10701c3bd4c8e?s=96&d=mm&r=g\",\"contentUrl\":\"https:\/\/secure.gravatar.com\/avatar\/4a2893b0ce0ce34781c1e0a9251ffe4322e67c4e95cdf48463d10701c3bd4c8e?s=96&d=mm&r=g\",\"caption\":\"abic\"},\"sameAs\":[\"https:\/\/abic.wpengine.com\"]}]}<\/script>\n<!-- \/ Yoast SEO plugin. -->","yoast_head_json":{"title":"[RECORDING] Cumbre bipartidista de inmigraci\u00f3n con los senadores Romney, Bennet, Sinema y Kelly, junto con los gobernadores Ducey y Polis &#8212; Coalici\u00f3n Americana de Inmigraci\u00f3n Empresarial","robots":{"index":"index","follow":"follow","max-snippet":"max-snippet:-1","max-image-preview":"max-image-preview:large","max-video-preview":"max-video-preview:-1"},"canonical":"https:\/\/abic.us\/es\/recording-cumbre-bipartidista-de-inmigracion-con-los-senadores-romney-bennet-sinema-y-kelly-junto-con-los-gobernadores-ducey-y-polis\/","og_locale":"es_ES","og_type":"article","og_title":"[RECORDING] Cumbre bipartidista de inmigraci\u00f3n con los senadores Romney, Bennet, Sinema y Kelly, junto con los gobernadores Ducey y Polis &#8212; Coalici\u00f3n Americana de Inmigraci\u00f3n Empresarial","og_description":"[RECORDING] Cumbre bipartidista de inmigraci\u00f3n con los senadores Romney, Bennet, Sinema y Kelly, junto con los gobernadores Ducey y Polis Enlace a la grabaci\u00f3n: https:\/\/bit.ly\/3tAX13g PHOENIX, ARIZONA \u2014 Con la...","og_url":"https:\/\/abic.us\/es\/recording-cumbre-bipartidista-de-inmigracion-con-los-senadores-romney-bennet-sinema-y-kelly-junto-con-los-gobernadores-ducey-y-polis\/","og_site_name":"Coalici\u00f3n Americana de Inmigraci\u00f3n Empresarial","article_publisher":"https:\/\/www.facebook.com\/AmericanBIC","article_published_time":"2021-03-19T16:44:51+00:00","article_modified_time":"2021-12-06T14:31:55+00:00","og_image":[{"url":"https:\/\/abic.imgix.net\/assets\/Screen-Shot-2021-03-19-at-2.01.12-PM.png","type":"","width":"","height":""}],"author":"abic","twitter_card":"summary_large_image","twitter_creator":"@AmericanBIC","twitter_site":"@AmericanBIC","twitter_misc":{"Escrito por":"abic","Tiempo de lectura":"6 minutos"},"schema":{"@context":"https:\/\/schema.org","@graph":[{"@type":"Article","@id":"https:\/\/abic.us\/es\/recording-cumbre-bipartidista-de-inmigracion-con-los-senadores-romney-bennet-sinema-y-kelly-junto-con-los-gobernadores-ducey-y-polis\/#article","isPartOf":{"@id":"https:\/\/abic.us\/es\/recording-cumbre-bipartidista-de-inmigracion-con-los-senadores-romney-bennet-sinema-y-kelly-junto-con-los-gobernadores-ducey-y-polis\/"},"author":{"name":"abic","@id":"https:\/\/abic.us\/es\/#\/schema\/person\/58547098a0d3b973c110fd8a36f0e0bb"},"headline":"[RECORDING] Cumbre bipartidista de inmigraci\u00f3n con los senadores Romney, Bennet, Sinema y Kelly, junto con los gobernadores Ducey y Polis","datePublished":"2021-03-19T16:44:51+00:00","dateModified":"2021-12-06T14:31:55+00:00","mainEntityOfPage":{"@id":"https:\/\/abic.us\/es\/recording-cumbre-bipartidista-de-inmigracion-con-los-senadores-romney-bennet-sinema-y-kelly-junto-con-los-gobernadores-ducey-y-polis\/"},"wordCount":1178,"publisher":{"@id":"https:\/\/abic.us\/es\/#organization"},"image":{"@id":"https:\/\/abic.us\/es\/recording-cumbre-bipartidista-de-inmigracion-con-los-senadores-romney-bennet-sinema-y-kelly-junto-con-los-gobernadores-ducey-y-polis\/#primaryimage"},"thumbnailUrl":"https:\/\/abic.imgix.net\/assets\/Screen-Shot-2021-03-19-at-2.01.12-PM.png","articleSection":["Sin categorizar"],"inLanguage":"es"},{"@type":"WebPage","@id":"https:\/\/abic.us\/es\/recording-cumbre-bipartidista-de-inmigracion-con-los-senadores-romney-bennet-sinema-y-kelly-junto-con-los-gobernadores-ducey-y-polis\/","url":"https:\/\/abic.us\/es\/recording-cumbre-bipartidista-de-inmigracion-con-los-senadores-romney-bennet-sinema-y-kelly-junto-con-los-gobernadores-ducey-y-polis\/","name":"[RECORDING] Cumbre bipartidista de inmigraci\u00f3n con los senadores Romney, Bennet, Sinema y Kelly, junto con los gobernadores Ducey y Polis &#8212; Coalici\u00f3n Americana de Inmigraci\u00f3n Empresarial","isPartOf":{"@id":"https:\/\/abic.us\/es\/#website"},"primaryImageOfPage":{"@id":"https:\/\/abic.us\/es\/recording-cumbre-bipartidista-de-inmigracion-con-los-senadores-romney-bennet-sinema-y-kelly-junto-con-los-gobernadores-ducey-y-polis\/#primaryimage"},"image":{"@id":"https:\/\/abic.us\/es\/recording-cumbre-bipartidista-de-inmigracion-con-los-senadores-romney-bennet-sinema-y-kelly-junto-con-los-gobernadores-ducey-y-polis\/#primaryimage"},"thumbnailUrl":"https:\/\/abic.imgix.net\/assets\/Screen-Shot-2021-03-19-at-2.01.12-PM.png","datePublished":"2021-03-19T16:44:51+00:00","dateModified":"2021-12-06T14:31:55+00:00","breadcrumb":{"@id":"https:\/\/abic.us\/es\/recording-cumbre-bipartidista-de-inmigracion-con-los-senadores-romney-bennet-sinema-y-kelly-junto-con-los-gobernadores-ducey-y-polis\/#breadcrumb"},"inLanguage":"es","potentialAction":[{"@type":"ReadAction","target":["https:\/\/abic.us\/es\/recording-cumbre-bipartidista-de-inmigracion-con-los-senadores-romney-bennet-sinema-y-kelly-junto-con-los-gobernadores-ducey-y-polis\/"]}]},{"@type":"ImageObject","inLanguage":"es","@id":"https:\/\/abic.us\/es\/recording-cumbre-bipartidista-de-inmigracion-con-los-senadores-romney-bennet-sinema-y-kelly-junto-con-los-gobernadores-ducey-y-polis\/#primaryimage","url":"https:\/\/abic.imgix.net\/assets\/Screen-Shot-2021-03-19-at-2.01.12-PM.png","contentUrl":"https:\/\/abic.imgix.net\/assets\/Screen-Shot-2021-03-19-at-2.01.12-PM.png"},{"@type":"BreadcrumbList","@id":"https:\/\/abic.us\/es\/recording-cumbre-bipartidista-de-inmigracion-con-los-senadores-romney-bennet-sinema-y-kelly-junto-con-los-gobernadores-ducey-y-polis\/#breadcrumb","itemListElement":[{"@type":"ListItem","position":1,"name":"Hogar","item":"https:\/\/abic.us\/es\/"},{"@type":"ListItem","position":2,"name":"[RECORDING] Cumbre bipartidista de inmigraci\u00f3n con los senadores Romney, Bennet, Sinema y Kelly, junto con los gobernadores Ducey y Polis"}]},{"@type":"WebSite","@id":"https:\/\/abic.us\/es\/#website","url":"https:\/\/abic.us\/es\/","name":"Coalici\u00f3n Americana de Inmigraci\u00f3n Empresarial","description":"Juntos, promoveremos una reforma migratoria sensata que crezca empleos, fortalezca nuestra econom\u00eda y beneficie a todas las familias estadounidenses.","publisher":{"@id":"https:\/\/abic.us\/es\/#organization"},"potentialAction":[{"@type":"SearchAction","target":{"@type":"EntryPoint","urlTemplate":"https:\/\/abic.us\/es\/?s={search_term_string}"},"query-input":{"@type":"PropertyValueSpecification","valueRequired":true,"valueName":"search_term_string"}}],"inLanguage":"es"},{"@type":"Organization","@id":"https:\/\/abic.us\/es\/#organization","name":"American Business Immigration Coalition","url":"https:\/\/abic.us\/es\/","logo":{"@type":"ImageObject","inLanguage":"es","@id":"https:\/\/abic.us\/es\/#\/schema\/logo\/image\/","url":"https:\/\/abic.us\/wp-content\/uploads\/2021\/11\/ABIC-Logo.png","contentUrl":"https:\/\/abic.us\/wp-content\/uploads\/2021\/11\/ABIC-Logo.png","width":1000,"height":260,"caption":"American Business Immigration Coalition"},"image":{"@id":"https:\/\/abic.us\/es\/#\/schema\/logo\/image\/"},"sameAs":["https:\/\/www.facebook.com\/AmericanBIC","https:\/\/x.com\/AmericanBIC"]},{"@type":"Person","@id":"https:\/\/abic.us\/es\/#\/schema\/person\/58547098a0d3b973c110fd8a36f0e0bb","name":"abic","image":{"@type":"ImageObject","inLanguage":"es","@id":"https:\/\/abic.us\/es\/#\/schema\/person\/image\/","url":"https:\/\/secure.gravatar.com\/avatar\/4a2893b0ce0ce34781c1e0a9251ffe4322e67c4e95cdf48463d10701c3bd4c8e?s=96&d=mm&r=g","contentUrl":"https:\/\/secure.gravatar.com\/avatar\/4a2893b0ce0ce34781c1e0a9251ffe4322e67c4e95cdf48463d10701c3bd4c8e?s=96&d=mm&r=g","caption":"abic"},"sameAs":["https:\/\/abic.wpengine.com"]}]}},"_links":{"self":[{"href":"https:\/\/abic.us\/es\/wp-json\/wp\/v2\/posts\/34958","targetHints":{"allow":["GET"]}}],"collection":[{"href":"https:\/\/abic.us\/es\/wp-json\/wp\/v2\/posts"}],"about":[{"href":"https:\/\/abic.us\/es\/wp-json\/wp\/v2\/types\/post"}],"author":[{"embeddable":true,"href":"https:\/\/abic.us\/es\/wp-json\/wp\/v2\/users\/1"}],"replies":[{"embeddable":true,"href":"https:\/\/abic.us\/es\/wp-json\/wp\/v2\/comments?post=34958"}],"version-history":[{"count":0,"href":"https:\/\/abic.us\/es\/wp-json\/wp\/v2\/posts\/34958\/revisions"}],"wp:attachment":[{"href":"https:\/\/abic.us\/es\/wp-json\/wp\/v2\/media?parent=34958"}],"wp:term":[{"taxonomy":"category","embeddable":true,"href":"https:\/\/abic.us\/es\/wp-json\/wp\/v2\/categories?post=34958"},{"taxonomy":"post_tag","embeddable":true,"href":"https:\/\/abic.us\/es\/wp-json\/wp\/v2\/tags?post=34958"}],"curies":[{"name":"wp","href":"https:\/\/api.w.org\/{rel}","templated":true}]}}