{"id":34911,"date":"2021-07-13T15:08:37","date_gmt":"2021-07-13T15:08:37","guid":{"rendered":"https:\/\/abic.wpengine.com\/press-conferencemientras-utah-lucha-contra-la-escasez-de-mano-de-obra-los-lideres-empresariales-y-comunitarios-se-unen-a-los-dreamers-para-instar-a-los-senadores-romney-y-lee-a-respaldar-los-proyec\/"},"modified":"2021-12-03T20:36:09","modified_gmt":"2021-12-03T20:36:09","slug":"press-conferencemientras-utah-lucha-contra-la-escasez-de-mano-de-obra-los-lideres-empresariales-y-comunitarios-se-unen-a-los-dreamers-para-instar-a-los-senadores-romney-y-lee-a-respaldar-los-proyec","status":"publish","type":"post","link":"https:\/\/abic.us\/es\/press-conferencemientras-utah-lucha-contra-la-escasez-de-mano-de-obra-los-lideres-empresariales-y-comunitarios-se-unen-a-los-dreamers-para-instar-a-los-senadores-romney-y-lee-a-respaldar-los-proyec\/","title":{"rendered":"[PRESS CONFERENCE]Mientras Utah lucha contra la escasez de mano de obra, los l\u00edderes empresariales y comunitarios se unen a los dreamers para instar a los senadores Romney y Lee a respaldar los proyectos de ley de inmigraci\u00f3n bipartidistas"},"content":{"rendered":"\n<figure class=\"wp-block-image size-large\"><img loading=\"lazy\" decoding=\"async\" width=\"779\" height=\"514\" src=\"https:\/\/abic.imgix.net\/assets\/Untitled-design-33-1.png\" alt=\"\" class=\"wp-image-31427\"\/><\/figure>\n<h2 class=\"has-text-align-center wp-block-heading\"><strong>[PRESS CONFERENCE]<br\/>Mientras Utah lucha contra la escasez de mano de obra, los l\u00edderes empresariales y comunitarios se unen a los dreamers para instar a los senadores Romney y Lee a respaldar los proyectos de ley de inmigraci\u00f3n bipartidistas<\/strong><\/h2>\n\n<p><strong>SALT LAKE CITY, UT <\/strong>\u2014 Con Utah duramente afectado por la escasez de mano de obra a largo plazo que se ha vuelto m\u00e1s severa durante la pandemia, los l\u00edderes empresariales y comunitarios se unir\u00e1n a los Dreamers para instar a los senadores republicanos de Utah.  <strong>Mitt Romney<\/strong> y  <strong>Mike Lee<\/strong> que los trabajadores inmigrantes son vitales para la fuerza laboral del estado y clave para nuestra recuperaci\u00f3n econ\u00f3mica.<\/p>\n\n<p>La American Business Immigration Coalition Intermountain Chapter, Salt Lake City Chamber, New American Economy, Salt Lake Area Restaurant Association, Utah World Trade Center, Nightingale College y Mormon Women for Ethical Government celebrar\u00e1n la conferencia de prensa  <strong>Mi\u00e9rcoles, 14 de julio, en el World Trade Center (60 East South Temple, Suite 300<\/strong><strong>) <\/strong>en Salt <strong>Lake City, a las 3:30 pm MT.<\/strong><\/p>\n\n<p>Los grupos est\u00e1n pidiendo a los senadores de Utah que apoyen la reforma migratoria bipartidista, incluido el proyecto de ley complementario del Senado Bennett-Crapo a la Ley de Modernizaci\u00f3n de la Fuerza Laboral Agr\u00edcola de la C\u00e1mara de Representantes; la Ley DREAM bipartidista patrocinada por el presidente del Comit\u00e9 Judicial del <strong>Senado, Dick Durbin<\/strong> (D-IL) y el senador <strong>Lindsay Graham<\/strong> (R-SC), y la Ley SECURE.<\/p>\n\n<p>La escasez de mano de obra en Utah es cr\u00edtica y los Dreamers son vitales para la fuerza laboral y la econom\u00eda del estado. Casi el 95% de la poblaci\u00f3n elegible para DACA en Utah est\u00e1 empleada.<\/p>\n\n<p>Los participantes incluyen:<\/p>\n\n<ul class=\"wp-block-list\"><li>Bob Worsley, ex senador republicano del estado de Arizona, copresidente de ABIC y fundador de SkyMall<\/li><li>Miles Hansen, Presidente y DIRECTOR EJECUTIVO, World Trade Center Utah<\/li><li>Enrique S\u00e1nchez, So\u00f1ador y empleado civil del Departamento de Polic\u00eda de Park City  <\/li><li>Derek Miller, Presidente y CEO, C\u00e1mara de Comercio de SLC<\/li><li>Michele Corigliano, Directora Ejecutiva, Asociaci\u00f3n de Restaurantes del \u00c1rea de Salt Lake<\/li><li>Mikhail Shneyder, Presidente y CEO, Nightingale College<\/li><li>Representante Robert Spendlove, Representante del Estado de Utah (R)<\/li><\/ul>\n<p><strong>Acerca de<\/strong><\/p>\n\n<p>El Cap\u00edtulo Intermonta\u00f1oso de la American Business Immigration Coalition (ABIC) representa a un grupo creciente de defensores de negocios, fe e inmigrantes de Arizona, Utah, Colorado y Nevada. Hogar de m\u00e1s de 2 millones de inmigrantes, nuestra regi\u00f3n Intermountain se beneficia en casi $ 100 mil millones anuales de las contribuciones econ\u00f3micas y talentos de estas personas, y creemos que con las soluciones legislativas adecuadas, continuar\u00e1n desempe\u00f1ando un papel clave en nuestra econom\u00eda y el futuro de nuestra regi\u00f3n.  <\/p>\n\n<p>La <a href=\"https:\/\/abic.us\/\">American Business Immigration Coalition<\/a> (ABIC) promueve una reforma migratoria de sentido com\u00fan que promueve la competitividad econ\u00f3mica, proporciona a las empresas tanto el talento altamente calificado como el poco calificado que necesitan, y permite la integraci\u00f3n de los inmigrantes en nuestra econom\u00eda como consumidores, trabajadores, empresarios y ciudadanos.<\/p>\n\n<p>###<\/p>\n","protected":false},"excerpt":{"rendered":"<p>[PRESS CONFERENCE]Mientras Utah lucha contra la escasez de mano de obra, los l\u00edderes empresariales y comunitarios se unen a los dreamers para instar a los senadores Romney y Lee a&#8230;<\/p>\n","protected":false},"author":1,"featured_media":0,"comment_status":"closed","ping_status":"closed","sticky":false,"template":"","format":"standard","meta":{"footnotes":""},"categories":[63],"tags":[],"class_list":{"0":"post-34911","1":"post","2":"type-post","3":"status-publish","4":"format-standard","6":"category-actualizaciones"},"yoast_head":"<!-- This site is optimized with the Yoast SEO plugin v26.9 - https:\/\/yoast.com\/product\/yoast-seo-wordpress\/ -->\n<title>[PRESS CONFERENCE]Mientras Utah lucha contra la escasez de mano de obra, los l\u00edderes empresariales y comunitarios se unen a los dreamers para instar a los senadores Romney y Lee a respaldar los proyectos de ley de inmigraci\u00f3n bipartidistas &#8212; Coalici\u00f3n Americana de Inmigraci\u00f3n Empresarial<\/title>\n<meta name=\"robots\" content=\"index, follow, max-snippet:-1, max-image-preview:large, max-video-preview:-1\" \/>\n<link rel=\"canonical\" href=\"https:\/\/abic.us\/es\/press-conferencemientras-utah-lucha-contra-la-escasez-de-mano-de-obra-los-lideres-empresariales-y-comunitarios-se-unen-a-los-dreamers-para-instar-a-los-senadores-romney-y-lee-a-respaldar-los-proyec\/\" \/>\n<meta property=\"og:locale\" content=\"es_ES\" \/>\n<meta property=\"og:type\" content=\"article\" \/>\n<meta property=\"og:title\" content=\"[PRESS CONFERENCE]Mientras Utah lucha contra la escasez de mano de obra, los l\u00edderes empresariales y comunitarios se unen a los dreamers para instar a los senadores Romney y Lee a respaldar los proyectos de ley de inmigraci\u00f3n bipartidistas &#8212; Coalici\u00f3n Americana de Inmigraci\u00f3n Empresarial\" \/>\n<meta property=\"og:description\" content=\"[PRESS CONFERENCE]Mientras Utah lucha contra la escasez de mano de obra, los l\u00edderes empresariales y comunitarios se unen a los dreamers para instar a los senadores Romney y Lee a...\" \/>\n<meta property=\"og:url\" content=\"https:\/\/abic.us\/es\/press-conferencemientras-utah-lucha-contra-la-escasez-de-mano-de-obra-los-lideres-empresariales-y-comunitarios-se-unen-a-los-dreamers-para-instar-a-los-senadores-romney-y-lee-a-respaldar-los-proyec\/\" \/>\n<meta property=\"og:site_name\" content=\"Coalici\u00f3n Americana de Inmigraci\u00f3n Empresarial\" \/>\n<meta property=\"article:publisher\" content=\"https:\/\/www.facebook.com\/AmericanBIC\" \/>\n<meta property=\"article:published_time\" content=\"2021-07-13T15:08:37+00:00\" \/>\n<meta property=\"article:modified_time\" content=\"2021-12-03T20:36:09+00:00\" \/>\n<meta property=\"og:image\" content=\"https:\/\/abic.imgix.net\/assets\/Untitled-design-33-1.png\" \/>\n<meta name=\"author\" content=\"abic\" \/>\n<meta name=\"twitter:card\" content=\"summary_large_image\" \/>\n<meta name=\"twitter:creator\" content=\"@AmericanBIC\" \/>\n<meta name=\"twitter:site\" content=\"@AmericanBIC\" \/>\n<meta name=\"twitter:label1\" content=\"Escrito por\" \/>\n\t<meta name=\"twitter:data1\" content=\"abic\" \/>\n\t<meta name=\"twitter:label2\" content=\"Tiempo de lectura\" \/>\n\t<meta name=\"twitter:data2\" content=\"3 minutos\" \/>\n<script type=\"application\/ld+json\" class=\"yoast-schema-graph\">{\"@context\":\"https:\/\/schema.org\",\"@graph\":[{\"@type\":\"Article\",\"@id\":\"https:\/\/abic.us\/es\/press-conferencemientras-utah-lucha-contra-la-escasez-de-mano-de-obra-los-lideres-empresariales-y-comunitarios-se-unen-a-los-dreamers-para-instar-a-los-senadores-romney-y-lee-a-respaldar-los-proyec\/#article\",\"isPartOf\":{\"@id\":\"https:\/\/abic.us\/es\/press-conferencemientras-utah-lucha-contra-la-escasez-de-mano-de-obra-los-lideres-empresariales-y-comunitarios-se-unen-a-los-dreamers-para-instar-a-los-senadores-romney-y-lee-a-respaldar-los-proyec\/\"},\"author\":{\"name\":\"abic\",\"@id\":\"https:\/\/abic.us\/es\/#\/schema\/person\/58547098a0d3b973c110fd8a36f0e0bb\"},\"headline\":\"[PRESS CONFERENCE]Mientras Utah lucha contra la escasez de mano de obra, los l\u00edderes empresariales y comunitarios se unen a los dreamers para instar a los senadores Romney y Lee a respaldar los proyectos de ley de inmigraci\u00f3n bipartidistas\",\"datePublished\":\"2021-07-13T15:08:37+00:00\",\"dateModified\":\"2021-12-03T20:36:09+00:00\",\"mainEntityOfPage\":{\"@id\":\"https:\/\/abic.us\/es\/press-conferencemientras-utah-lucha-contra-la-escasez-de-mano-de-obra-los-lideres-empresariales-y-comunitarios-se-unen-a-los-dreamers-para-instar-a-los-senadores-romney-y-lee-a-respaldar-los-proyec\/\"},\"wordCount\":546,\"publisher\":{\"@id\":\"https:\/\/abic.us\/es\/#organization\"},\"image\":{\"@id\":\"https:\/\/abic.us\/es\/press-conferencemientras-utah-lucha-contra-la-escasez-de-mano-de-obra-los-lideres-empresariales-y-comunitarios-se-unen-a-los-dreamers-para-instar-a-los-senadores-romney-y-lee-a-respaldar-los-proyec\/#primaryimage\"},\"thumbnailUrl\":\"https:\/\/abic.imgix.net\/assets\/Untitled-design-33-1.png\",\"articleSection\":[\"Actualizaciones\"],\"inLanguage\":\"es\"},{\"@type\":\"WebPage\",\"@id\":\"https:\/\/abic.us\/es\/press-conferencemientras-utah-lucha-contra-la-escasez-de-mano-de-obra-los-lideres-empresariales-y-comunitarios-se-unen-a-los-dreamers-para-instar-a-los-senadores-romney-y-lee-a-respaldar-los-proyec\/\",\"url\":\"https:\/\/abic.us\/es\/press-conferencemientras-utah-lucha-contra-la-escasez-de-mano-de-obra-los-lideres-empresariales-y-comunitarios-se-unen-a-los-dreamers-para-instar-a-los-senadores-romney-y-lee-a-respaldar-los-proyec\/\",\"name\":\"[PRESS CONFERENCE]Mientras Utah lucha contra la escasez de mano de obra, los l\u00edderes empresariales y comunitarios se unen a los dreamers para instar a los senadores Romney y Lee a respaldar los proyectos de ley de inmigraci\u00f3n bipartidistas &#8212; Coalici\u00f3n Americana de Inmigraci\u00f3n Empresarial\",\"isPartOf\":{\"@id\":\"https:\/\/abic.us\/es\/#website\"},\"primaryImageOfPage\":{\"@id\":\"https:\/\/abic.us\/es\/press-conferencemientras-utah-lucha-contra-la-escasez-de-mano-de-obra-los-lideres-empresariales-y-comunitarios-se-unen-a-los-dreamers-para-instar-a-los-senadores-romney-y-lee-a-respaldar-los-proyec\/#primaryimage\"},\"image\":{\"@id\":\"https:\/\/abic.us\/es\/press-conferencemientras-utah-lucha-contra-la-escasez-de-mano-de-obra-los-lideres-empresariales-y-comunitarios-se-unen-a-los-dreamers-para-instar-a-los-senadores-romney-y-lee-a-respaldar-los-proyec\/#primaryimage\"},\"thumbnailUrl\":\"https:\/\/abic.imgix.net\/assets\/Untitled-design-33-1.png\",\"datePublished\":\"2021-07-13T15:08:37+00:00\",\"dateModified\":\"2021-12-03T20:36:09+00:00\",\"breadcrumb\":{\"@id\":\"https:\/\/abic.us\/es\/press-conferencemientras-utah-lucha-contra-la-escasez-de-mano-de-obra-los-lideres-empresariales-y-comunitarios-se-unen-a-los-dreamers-para-instar-a-los-senadores-romney-y-lee-a-respaldar-los-proyec\/#breadcrumb\"},\"inLanguage\":\"es\",\"potentialAction\":[{\"@type\":\"ReadAction\",\"target\":[\"https:\/\/abic.us\/es\/press-conferencemientras-utah-lucha-contra-la-escasez-de-mano-de-obra-los-lideres-empresariales-y-comunitarios-se-unen-a-los-dreamers-para-instar-a-los-senadores-romney-y-lee-a-respaldar-los-proyec\/\"]}]},{\"@type\":\"ImageObject\",\"inLanguage\":\"es\",\"@id\":\"https:\/\/abic.us\/es\/press-conferencemientras-utah-lucha-contra-la-escasez-de-mano-de-obra-los-lideres-empresariales-y-comunitarios-se-unen-a-los-dreamers-para-instar-a-los-senadores-romney-y-lee-a-respaldar-los-proyec\/#primaryimage\",\"url\":\"https:\/\/abic.imgix.net\/assets\/Untitled-design-33-1.png\",\"contentUrl\":\"https:\/\/abic.imgix.net\/assets\/Untitled-design-33-1.png\"},{\"@type\":\"BreadcrumbList\",\"@id\":\"https:\/\/abic.us\/es\/press-conferencemientras-utah-lucha-contra-la-escasez-de-mano-de-obra-los-lideres-empresariales-y-comunitarios-se-unen-a-los-dreamers-para-instar-a-los-senadores-romney-y-lee-a-respaldar-los-proyec\/#breadcrumb\",\"itemListElement\":[{\"@type\":\"ListItem\",\"position\":1,\"name\":\"Hogar\",\"item\":\"https:\/\/abic.us\/es\/\"},{\"@type\":\"ListItem\",\"position\":2,\"name\":\"[PRESS CONFERENCE]Mientras Utah lucha contra la escasez de mano de obra, los l\u00edderes empresariales y comunitarios se unen a los dreamers para instar a los senadores Romney y Lee a respaldar los proyectos de ley de inmigraci\u00f3n bipartidistas\"}]},{\"@type\":\"WebSite\",\"@id\":\"https:\/\/abic.us\/es\/#website\",\"url\":\"https:\/\/abic.us\/es\/\",\"name\":\"Coalici\u00f3n Americana de Inmigraci\u00f3n Empresarial\",\"description\":\"Juntos, promoveremos una reforma migratoria sensata que crezca empleos, fortalezca nuestra econom\u00eda y beneficie a todas las familias estadounidenses.\",\"publisher\":{\"@id\":\"https:\/\/abic.us\/es\/#organization\"},\"potentialAction\":[{\"@type\":\"SearchAction\",\"target\":{\"@type\":\"EntryPoint\",\"urlTemplate\":\"https:\/\/abic.us\/es\/?s={search_term_string}\"},\"query-input\":{\"@type\":\"PropertyValueSpecification\",\"valueRequired\":true,\"valueName\":\"search_term_string\"}}],\"inLanguage\":\"es\"},{\"@type\":\"Organization\",\"@id\":\"https:\/\/abic.us\/es\/#organization\",\"name\":\"American Business Immigration Coalition\",\"url\":\"https:\/\/abic.us\/es\/\",\"logo\":{\"@type\":\"ImageObject\",\"inLanguage\":\"es\",\"@id\":\"https:\/\/abic.us\/es\/#\/schema\/logo\/image\/\",\"url\":\"https:\/\/abic.us\/wp-content\/uploads\/2021\/11\/ABIC-Logo.png\",\"contentUrl\":\"https:\/\/abic.us\/wp-content\/uploads\/2021\/11\/ABIC-Logo.png\",\"width\":1000,\"height\":260,\"caption\":\"American Business Immigration Coalition\"},\"image\":{\"@id\":\"https:\/\/abic.us\/es\/#\/schema\/logo\/image\/\"},\"sameAs\":[\"https:\/\/www.facebook.com\/AmericanBIC\",\"https:\/\/x.com\/AmericanBIC\"]},{\"@type\":\"Person\",\"@id\":\"https:\/\/abic.us\/es\/#\/schema\/person\/58547098a0d3b973c110fd8a36f0e0bb\",\"name\":\"abic\",\"image\":{\"@type\":\"ImageObject\",\"inLanguage\":\"es\",\"@id\":\"https:\/\/abic.us\/es\/#\/schema\/person\/image\/\",\"url\":\"https:\/\/secure.gravatar.com\/avatar\/4a2893b0ce0ce34781c1e0a9251ffe4322e67c4e95cdf48463d10701c3bd4c8e?s=96&d=mm&r=g\",\"contentUrl\":\"https:\/\/secure.gravatar.com\/avatar\/4a2893b0ce0ce34781c1e0a9251ffe4322e67c4e95cdf48463d10701c3bd4c8e?s=96&d=mm&r=g\",\"caption\":\"abic\"},\"sameAs\":[\"https:\/\/abic.wpengine.com\"]}]}<\/script>\n<!-- \/ Yoast SEO plugin. -->","yoast_head_json":{"title":"[PRESS CONFERENCE]Mientras Utah lucha contra la escasez de mano de obra, los l\u00edderes empresariales y comunitarios se unen a los dreamers para instar a los senadores Romney y Lee a respaldar los proyectos de ley de inmigraci\u00f3n bipartidistas &#8212; Coalici\u00f3n Americana de Inmigraci\u00f3n Empresarial","robots":{"index":"index","follow":"follow","max-snippet":"max-snippet:-1","max-image-preview":"max-image-preview:large","max-video-preview":"max-video-preview:-1"},"canonical":"https:\/\/abic.us\/es\/press-conferencemientras-utah-lucha-contra-la-escasez-de-mano-de-obra-los-lideres-empresariales-y-comunitarios-se-unen-a-los-dreamers-para-instar-a-los-senadores-romney-y-lee-a-respaldar-los-proyec\/","og_locale":"es_ES","og_type":"article","og_title":"[PRESS CONFERENCE]Mientras Utah lucha contra la escasez de mano de obra, los l\u00edderes empresariales y comunitarios se unen a los dreamers para instar a los senadores Romney y Lee a respaldar los proyectos de ley de inmigraci\u00f3n bipartidistas &#8212; Coalici\u00f3n Americana de Inmigraci\u00f3n Empresarial","og_description":"[PRESS CONFERENCE]Mientras Utah lucha contra la escasez de mano de obra, los l\u00edderes empresariales y comunitarios se unen a los dreamers para instar a los senadores Romney y Lee a...","og_url":"https:\/\/abic.us\/es\/press-conferencemientras-utah-lucha-contra-la-escasez-de-mano-de-obra-los-lideres-empresariales-y-comunitarios-se-unen-a-los-dreamers-para-instar-a-los-senadores-romney-y-lee-a-respaldar-los-proyec\/","og_site_name":"Coalici\u00f3n Americana de Inmigraci\u00f3n Empresarial","article_publisher":"https:\/\/www.facebook.com\/AmericanBIC","article_published_time":"2021-07-13T15:08:37+00:00","article_modified_time":"2021-12-03T20:36:09+00:00","og_image":[{"url":"https:\/\/abic.imgix.net\/assets\/Untitled-design-33-1.png","type":"","width":"","height":""}],"author":"abic","twitter_card":"summary_large_image","twitter_creator":"@AmericanBIC","twitter_site":"@AmericanBIC","twitter_misc":{"Escrito por":"abic","Tiempo de lectura":"3 minutos"},"schema":{"@context":"https:\/\/schema.org","@graph":[{"@type":"Article","@id":"https:\/\/abic.us\/es\/press-conferencemientras-utah-lucha-contra-la-escasez-de-mano-de-obra-los-lideres-empresariales-y-comunitarios-se-unen-a-los-dreamers-para-instar-a-los-senadores-romney-y-lee-a-respaldar-los-proyec\/#article","isPartOf":{"@id":"https:\/\/abic.us\/es\/press-conferencemientras-utah-lucha-contra-la-escasez-de-mano-de-obra-los-lideres-empresariales-y-comunitarios-se-unen-a-los-dreamers-para-instar-a-los-senadores-romney-y-lee-a-respaldar-los-proyec\/"},"author":{"name":"abic","@id":"https:\/\/abic.us\/es\/#\/schema\/person\/58547098a0d3b973c110fd8a36f0e0bb"},"headline":"[PRESS CONFERENCE]Mientras Utah lucha contra la escasez de mano de obra, los l\u00edderes empresariales y comunitarios se unen a los dreamers para instar a los senadores Romney y Lee a respaldar los proyectos de ley de inmigraci\u00f3n bipartidistas","datePublished":"2021-07-13T15:08:37+00:00","dateModified":"2021-12-03T20:36:09+00:00","mainEntityOfPage":{"@id":"https:\/\/abic.us\/es\/press-conferencemientras-utah-lucha-contra-la-escasez-de-mano-de-obra-los-lideres-empresariales-y-comunitarios-se-unen-a-los-dreamers-para-instar-a-los-senadores-romney-y-lee-a-respaldar-los-proyec\/"},"wordCount":546,"publisher":{"@id":"https:\/\/abic.us\/es\/#organization"},"image":{"@id":"https:\/\/abic.us\/es\/press-conferencemientras-utah-lucha-contra-la-escasez-de-mano-de-obra-los-lideres-empresariales-y-comunitarios-se-unen-a-los-dreamers-para-instar-a-los-senadores-romney-y-lee-a-respaldar-los-proyec\/#primaryimage"},"thumbnailUrl":"https:\/\/abic.imgix.net\/assets\/Untitled-design-33-1.png","articleSection":["Actualizaciones"],"inLanguage":"es"},{"@type":"WebPage","@id":"https:\/\/abic.us\/es\/press-conferencemientras-utah-lucha-contra-la-escasez-de-mano-de-obra-los-lideres-empresariales-y-comunitarios-se-unen-a-los-dreamers-para-instar-a-los-senadores-romney-y-lee-a-respaldar-los-proyec\/","url":"https:\/\/abic.us\/es\/press-conferencemientras-utah-lucha-contra-la-escasez-de-mano-de-obra-los-lideres-empresariales-y-comunitarios-se-unen-a-los-dreamers-para-instar-a-los-senadores-romney-y-lee-a-respaldar-los-proyec\/","name":"[PRESS CONFERENCE]Mientras Utah lucha contra la escasez de mano de obra, los l\u00edderes empresariales y comunitarios se unen a los dreamers para instar a los senadores Romney y Lee a respaldar los proyectos de ley de inmigraci\u00f3n bipartidistas &#8212; Coalici\u00f3n Americana de Inmigraci\u00f3n Empresarial","isPartOf":{"@id":"https:\/\/abic.us\/es\/#website"},"primaryImageOfPage":{"@id":"https:\/\/abic.us\/es\/press-conferencemientras-utah-lucha-contra-la-escasez-de-mano-de-obra-los-lideres-empresariales-y-comunitarios-se-unen-a-los-dreamers-para-instar-a-los-senadores-romney-y-lee-a-respaldar-los-proyec\/#primaryimage"},"image":{"@id":"https:\/\/abic.us\/es\/press-conferencemientras-utah-lucha-contra-la-escasez-de-mano-de-obra-los-lideres-empresariales-y-comunitarios-se-unen-a-los-dreamers-para-instar-a-los-senadores-romney-y-lee-a-respaldar-los-proyec\/#primaryimage"},"thumbnailUrl":"https:\/\/abic.imgix.net\/assets\/Untitled-design-33-1.png","datePublished":"2021-07-13T15:08:37+00:00","dateModified":"2021-12-03T20:36:09+00:00","breadcrumb":{"@id":"https:\/\/abic.us\/es\/press-conferencemientras-utah-lucha-contra-la-escasez-de-mano-de-obra-los-lideres-empresariales-y-comunitarios-se-unen-a-los-dreamers-para-instar-a-los-senadores-romney-y-lee-a-respaldar-los-proyec\/#breadcrumb"},"inLanguage":"es","potentialAction":[{"@type":"ReadAction","target":["https:\/\/abic.us\/es\/press-conferencemientras-utah-lucha-contra-la-escasez-de-mano-de-obra-los-lideres-empresariales-y-comunitarios-se-unen-a-los-dreamers-para-instar-a-los-senadores-romney-y-lee-a-respaldar-los-proyec\/"]}]},{"@type":"ImageObject","inLanguage":"es","@id":"https:\/\/abic.us\/es\/press-conferencemientras-utah-lucha-contra-la-escasez-de-mano-de-obra-los-lideres-empresariales-y-comunitarios-se-unen-a-los-dreamers-para-instar-a-los-senadores-romney-y-lee-a-respaldar-los-proyec\/#primaryimage","url":"https:\/\/abic.imgix.net\/assets\/Untitled-design-33-1.png","contentUrl":"https:\/\/abic.imgix.net\/assets\/Untitled-design-33-1.png"},{"@type":"BreadcrumbList","@id":"https:\/\/abic.us\/es\/press-conferencemientras-utah-lucha-contra-la-escasez-de-mano-de-obra-los-lideres-empresariales-y-comunitarios-se-unen-a-los-dreamers-para-instar-a-los-senadores-romney-y-lee-a-respaldar-los-proyec\/#breadcrumb","itemListElement":[{"@type":"ListItem","position":1,"name":"Hogar","item":"https:\/\/abic.us\/es\/"},{"@type":"ListItem","position":2,"name":"[PRESS CONFERENCE]Mientras Utah lucha contra la escasez de mano de obra, los l\u00edderes empresariales y comunitarios se unen a los dreamers para instar a los senadores Romney y Lee a respaldar los proyectos de ley de inmigraci\u00f3n bipartidistas"}]},{"@type":"WebSite","@id":"https:\/\/abic.us\/es\/#website","url":"https:\/\/abic.us\/es\/","name":"Coalici\u00f3n Americana de Inmigraci\u00f3n Empresarial","description":"Juntos, promoveremos una reforma migratoria sensata que crezca empleos, fortalezca nuestra econom\u00eda y beneficie a todas las familias estadounidenses.","publisher":{"@id":"https:\/\/abic.us\/es\/#organization"},"potentialAction":[{"@type":"SearchAction","target":{"@type":"EntryPoint","urlTemplate":"https:\/\/abic.us\/es\/?s={search_term_string}"},"query-input":{"@type":"PropertyValueSpecification","valueRequired":true,"valueName":"search_term_string"}}],"inLanguage":"es"},{"@type":"Organization","@id":"https:\/\/abic.us\/es\/#organization","name":"American Business Immigration Coalition","url":"https:\/\/abic.us\/es\/","logo":{"@type":"ImageObject","inLanguage":"es","@id":"https:\/\/abic.us\/es\/#\/schema\/logo\/image\/","url":"https:\/\/abic.us\/wp-content\/uploads\/2021\/11\/ABIC-Logo.png","contentUrl":"https:\/\/abic.us\/wp-content\/uploads\/2021\/11\/ABIC-Logo.png","width":1000,"height":260,"caption":"American Business Immigration Coalition"},"image":{"@id":"https:\/\/abic.us\/es\/#\/schema\/logo\/image\/"},"sameAs":["https:\/\/www.facebook.com\/AmericanBIC","https:\/\/x.com\/AmericanBIC"]},{"@type":"Person","@id":"https:\/\/abic.us\/es\/#\/schema\/person\/58547098a0d3b973c110fd8a36f0e0bb","name":"abic","image":{"@type":"ImageObject","inLanguage":"es","@id":"https:\/\/abic.us\/es\/#\/schema\/person\/image\/","url":"https:\/\/secure.gravatar.com\/avatar\/4a2893b0ce0ce34781c1e0a9251ffe4322e67c4e95cdf48463d10701c3bd4c8e?s=96&d=mm&r=g","contentUrl":"https:\/\/secure.gravatar.com\/avatar\/4a2893b0ce0ce34781c1e0a9251ffe4322e67c4e95cdf48463d10701c3bd4c8e?s=96&d=mm&r=g","caption":"abic"},"sameAs":["https:\/\/abic.wpengine.com"]}]}},"_links":{"self":[{"href":"https:\/\/abic.us\/es\/wp-json\/wp\/v2\/posts\/34911","targetHints":{"allow":["GET"]}}],"collection":[{"href":"https:\/\/abic.us\/es\/wp-json\/wp\/v2\/posts"}],"about":[{"href":"https:\/\/abic.us\/es\/wp-json\/wp\/v2\/types\/post"}],"author":[{"embeddable":true,"href":"https:\/\/abic.us\/es\/wp-json\/wp\/v2\/users\/1"}],"replies":[{"embeddable":true,"href":"https:\/\/abic.us\/es\/wp-json\/wp\/v2\/comments?post=34911"}],"version-history":[{"count":0,"href":"https:\/\/abic.us\/es\/wp-json\/wp\/v2\/posts\/34911\/revisions"}],"wp:attachment":[{"href":"https:\/\/abic.us\/es\/wp-json\/wp\/v2\/media?parent=34911"}],"wp:term":[{"taxonomy":"category","embeddable":true,"href":"https:\/\/abic.us\/es\/wp-json\/wp\/v2\/categories?post=34911"},{"taxonomy":"post_tag","embeddable":true,"href":"https:\/\/abic.us\/es\/wp-json\/wp\/v2\/tags?post=34911"}],"curies":[{"name":"wp","href":"https:\/\/api.w.org\/{rel}","templated":true}]}}