{"id":34909,"date":"2021-06-15T21:00:48","date_gmt":"2021-06-15T21:00:48","guid":{"rendered":"https:\/\/abic.wpengine.com\/lideres-empresariales-de-abic-lanzan-la-semana-nacional-de-accion-en-apoyo-a-soluciones-bipartidistas-de-inmigracion\/"},"modified":"2021-12-03T20:29:57","modified_gmt":"2021-12-03T20:29:57","slug":"lideres-empresariales-de-abic-lanzan-la-semana-nacional-de-accion-en-apoyo-a-soluciones-bipartidistas-de-inmigracion","status":"publish","type":"post","link":"https:\/\/abic.us\/es\/lideres-empresariales-de-abic-lanzan-la-semana-nacional-de-accion-en-apoyo-a-soluciones-bipartidistas-de-inmigracion\/","title":{"rendered":"L\u00edderes empresariales de ABIC lanzan la Semana Nacional de Acci\u00f3n en Apoyo a Soluciones Bipartidistas de Inmigraci\u00f3n"},"content":{"rendered":"\n<figure class=\"wp-block-image size-large\"><img loading=\"lazy\" decoding=\"async\" width=\"1024\" height=\"683\" src=\"https:\/\/abic.imgix.net\/assets\/we-are-1.jpg\" alt=\"\" class=\"wp-image-31406\"\/><\/figure>\n<h2 class=\"wp-block-heading\">L\u00edderes empresariales de ABIC lanzan la Semana Nacional de Acci\u00f3n en Apoyo a Soluciones Bipartidistas de Inmigraci\u00f3n<\/h2>\n\n<p><strong>AUSTIN, TX <\/strong>\u2014 Con la ventana que se cierra r\u00e1pidamente para que el Congreso apruebe soluciones bipartidistas de inmigraci\u00f3n, la Coalici\u00f3n Estadounidense de <a href=\"https:\/\/abic.us\/\">Inmigraci\u00f3n Empresarial<\/a> est\u00e1 lanzando una semana de acci\u00f3n para apoyar las soluciones de inmigraci\u00f3n para reactivar la econom\u00eda de los Estados Unidos y fortalecer nuestra fuerza laboral a medida que nos recuperamos de la pandemia. Estas soluciones incluyen la Ley Durbin-Graham Dream, la legislaci\u00f3n complementaria Crapo-Bennet a la Ley de Modernizaci\u00f3n de la Fuerza Laboral Agr\u00edcola y la Ley SECURE.<\/p>\n\n<p>El martes, ABIC <a href=\"https:\/\/abic.wpengine.com\/wp-content\/uploads\/2021\/06\/ABIC-Testimony_HR6_Senate-Judiciary-Committee-Hearing_06_15_2021-1-2.pdf\">present\u00f3 un testimonio<\/a> ante el Comit\u00e9 Judicial del Senado, que <a href=\"https:\/\/www.judiciary.senate.gov\/meetings\/hr6-american-dream-and-promise-act-of-2021\">celebr\u00f3 una audiencia<\/a> sobre la Ley del Sue\u00f1o Americano y la Promesa (H.R. 6), que proporcionar\u00eda un camino hacia la ciudadan\u00eda para los Dreamers, los titulares de TPS y los hijos de los titulares de H-1B que est\u00e1n envejeciendo fuera de estatus.<\/p>\n\n<p>Despu\u00e9s de la audiencia, ABIC, que representa a m\u00e1s de 1,200 ceos y asociaciones empresariales en 15 estados, organizar\u00e1 varios eventos virtuales y en persona en todo el pa\u00eds esta semana para impulsar soluciones de inmigraci\u00f3n bipartidistas como la Ley del Sue\u00f1o Americano y la Promesa. Los eventos se <strong>llevar\u00e1n<\/strong> a cabo en Indiana, Texas, Florida y Maine, donde <strong>la<\/strong> senadora estadounidense Susan Collins (R-ME) est\u00e1 programada para hablar con l\u00edderes empresariales, religiosos, educativos y c\u00edvicos. <\/p>\n\n<p>\u00abEl momento del bipartidismo en materia de inmigraci\u00f3n es ahora. Aprobar soluciones de inmigraci\u00f3n bipartidistas que legalicen a los Dreamers, los trabajadores agr\u00edcolas y los trabajadores de TPS es econ\u00f3micamente importante, moralmente correcto y pol\u00edticamente inteligente\u00bb, dijo <strong>John Rowe, presidente em\u00e9rito de Exelon y copresidente de ABIC.<\/strong> \u00abEn este cruce cr\u00edtico en las negociaciones del Congreso, la comunidad empresarial de ABIC est\u00e1 pidiendo a al menos 10 senadores republicanos que se unan a todos los dem\u00f3cratas para avanzar en la reforma migratoria ahora. Hacerlo impulsar\u00eda nuestra econom\u00eda en $ 1.7 billones de d\u00f3lares durante la pr\u00f3xima d\u00e9cada, aumentar\u00eda los salarios de los trabajadores, crear\u00eda cientos de miles de nuevos empleos, fortalecer\u00eda a las familias y nos ayudar\u00eda a reconstruir de esta pandemia\u00bb.<\/p>\n\n<p><strong>Los miembros de los medios de comunicaci\u00f3n est\u00e1n invitados a cubrir los siguientes eventos:<\/strong><\/p>\n\n<p><strong>INDIANA (virtual)<\/strong><\/p>\n\n<p><a href=\"https:\/\/zoom.us\/webinar\/register\/WN_FreDtHXASpi0sTEDB9aq_A\">Expansi\u00f3n de la fuerza laboral de Indiana a trav\u00e9s de soluciones de inmigraci\u00f3n bipartidistas: de granjas a mesas y plantas de f\u00e1brica<\/a><\/p>\n\n<p><strong>Descripci\u00f3n<\/strong>: Escuche a los l\u00edderes empresariales de todo Indiana sobre la necesidad urgente de una acci\u00f3n del Senado sobre la legislaci\u00f3n complementaria de Crapo-Bennet a la Ley de Modernizaci\u00f3n de la Fuerza Laboral Agr\u00edcola, la Ley Durbin-Graham Dream y la Ley SECURE. Cada uno de estos proyectos de ley reconoce las contribuciones vitales y crecientes que los inmigrantes hacen a la econom\u00eda y las comunidades de Indiana.<\/p>\n\n<p><strong>Cuando: <\/strong> Mi\u00e9rcoles 16 de junio a las 10 am EST. De acuerdo<\/p>\n\n<p><strong>Reg\u00edstrese aqu\u00ed<\/strong>: <a href=\"http:\/\/bit.ly\/ABICIndiana\">http:\/\/bit.ly\/ABICIndiana<\/a><\/p>\n\n<p><strong>MAINE (virtual)<\/strong><\/p>\n\n<p><a href=\"http:\/\/bit.ly\/GrowingMaine\">Growing Maine &#8211; Soluciones de inmigraci\u00f3n bipartidistas 2021<\/a> <\/p>\n\n<p><strong>Descripci\u00f3n<\/strong>: \u00danase a la senadora Susan Collins (R-ME) y a los l\u00edderes locales de negocios, fe, educaci\u00f3n y c\u00edvicos de todo Maine para discutir soluciones de inmigraci\u00f3n bipartidistas que ampl\u00eden nuestra fuerza laboral, <strong>brinden<\/strong> certeza a las familias y los empleadores, y ayuden a que nuestra econom\u00eda crezca.<\/p>\n\n<p><strong>Cuando: <\/strong> Viernes, 18 de junio a las 12 PM EDT<\/p>\n\n<p><strong>Reg\u00edstrese aqu\u00ed<\/strong>: <a href=\"http:\/\/bit.ly\/GrowingMaine\">http:\/\/bit.ly\/GrowingMaine<\/a><\/p>\n\n<p><strong>TEXAS (en persona)<\/strong><\/p>\n\n<p><a href=\"https:\/\/docs.google.com\/forms\/d\/e\/1FAIpQLSemiVJRx6VU71aRIhG0obepsN0wdkneBPhoLJHnSRKllHRu6w\/viewform\">Mesa redonda y conferencia de prensa de la fuerza laboral de McAllen-Edinburg<\/a><\/p>\n\n<p><strong>Descripci\u00f3n<\/strong>: \u00danase al <strong>congresista Vicente Gonz\u00e1lez (D-TX),<\/strong> <strong>el Dr. Guy Bailey,<\/strong>IBC Bank y otros para una mesa redonda interactiva que aborda las soluciones federales de inmigraci\u00f3n para los Dreamers. Esta mesa redonda se centrar\u00e1 en lo que los l\u00edderes empresariales, de educaci\u00f3n superior y c\u00edvicos pueden hacer para apoyar soluciones de inmigraci\u00f3n sensatas para estos trabajadores.<\/p>\n\n<p><strong>Cu\u00e1ndo:<\/strong>Viernes, 18 de junio a partir de las 8 AM CST: Mesa redonda de 8 a.m. a 915 CST \/ Conferencia de prensa de 9:15 a.m. a 9:45 am CST<\/p>\n\n<p><strong>Ubicaci\u00f3n<\/strong>: UTRGV Performing Arts Center, 1201 W. University Dr., Edinburg, Texas<\/p>\n\n<p><strong>Reg\u00edstrese aqu\u00ed<\/strong>: <a href=\"https:\/\/bit.ly\/UTRGV-WORKFORCE\">https:\/\/bit.ly\/UTRGV-WORKFORCE<\/a> <\/p>\n\n<p><strong>FLORIDA (en persona)<\/strong><\/p>\n\n<p>\u00a1Florida pr\u00f3spera! Mesa Redonda de Inmigraci\u00f3n de Negocios de Orlando<\/p>\n\n<p><strong>Descripci\u00f3n: <\/strong> Discutiremos c\u00f3mo podemos unirnos para mover soluciones de inmigraci\u00f3n bipartidistas que son esenciales para nuestra econom\u00eda y fuerza laboral. Escucharemos sobre c\u00f3mo los Dreamers, los Titulares de TPS y los Trabajadores Agr\u00edcolas est\u00e1n contribuyendo a las industrias m\u00e1s importantes de la Florida y c\u00f3mo nuestros Senadores de los Estados Unidos Marco Rubio (R-FL) y Rick Scott (R-FL) pueden liderar la legislaci\u00f3n que puede ayudar a la Florida a prosperar.<\/p>\n\n<p><strong>Situaci\u00f3n<\/strong>: Hotel Meli\u00e1 Orlando Celebration situado en 225 Celebration PL, Celebration, FL 34747<\/p>\n\n<p><strong>Hora<\/strong>: S\u00e1bado, 19 de junio:<strong> <\/strong>11 a.m. a 1 p.m. EST<\/p>\n\n<p><strong>Reg\u00edstrese aqu\u00ed<\/strong>: Para reservar un lugar, env\u00ede un correo electr\u00f3nico a Arianny Eduardo a aramos@americanbic.biz<\/p>\n\n<p>ABIC ha estado celebrando varios  <a href=\"https:\/\/abic.us\/events2\/\">foros de inmigraci\u00f3n bipartidistas<\/a> de alto perfil desde diciembre de 2020, incluido uno la semana pasada titulado  <a href=\"https:\/\/abic.us\/events\/intermountain-rising-webinar\/\">Intermountain Rising: Fortaleciendo nuestra fuerza laboral a trav\u00e9s de soluciones de inmigraci\u00f3n bipartidistas<\/a> que presentaron a los dem\u00f3cratas de los Estados Unidos.  <strong>Senador Michael Bennet<\/strong> (CO) y republicano  <strong>El representante Mike Simpson<\/strong> (ID-02), junto con l\u00edderes agr\u00edcolas, empresariales, educativos y c\u00edvicos de Utah, Colorado, Idaho y Arizona.<\/p>\n\n<p><strong>Acerca de<\/strong><\/p>\n\n<p>La <a href=\"https:\/\/abic.us\/\">American Business Immigration Coalition<\/a> (ABIC) promueve una reforma migratoria de sentido com\u00fan que promueve la competitividad econ\u00f3mica, proporciona a las empresas el talento altamente calificado y poco calificado que necesitan, y permite la integraci\u00f3n de los inmigrantes en nuestra econom\u00eda como consumidores, trabajadores, empresarios y ciudadanos.<\/p>\n","protected":false},"excerpt":{"rendered":"<p>L\u00edderes empresariales de ABIC lanzan la Semana Nacional de Acci\u00f3n en Apoyo a Soluciones Bipartidistas de Inmigraci\u00f3n AUSTIN, TX \u2014 Con la ventana que se cierra r\u00e1pidamente para que el&#8230;<\/p>\n","protected":false},"author":1,"featured_media":0,"comment_status":"closed","ping_status":"closed","sticky":false,"template":"","format":"standard","meta":{"footnotes":""},"categories":[63],"tags":[],"class_list":{"0":"post-34909","1":"post","2":"type-post","3":"status-publish","4":"format-standard","6":"category-actualizaciones"},"yoast_head":"<!-- This site is optimized with the Yoast SEO plugin v26.9 - https:\/\/yoast.com\/product\/yoast-seo-wordpress\/ -->\n<title>L\u00edderes empresariales de ABIC lanzan la Semana Nacional de Acci\u00f3n en Apoyo a Soluciones Bipartidistas de Inmigraci\u00f3n &#8212; Coalici\u00f3n Americana de Inmigraci\u00f3n Empresarial<\/title>\n<meta name=\"robots\" content=\"index, follow, max-snippet:-1, max-image-preview:large, max-video-preview:-1\" \/>\n<link rel=\"canonical\" href=\"https:\/\/abic.us\/es\/lideres-empresariales-de-abic-lanzan-la-semana-nacional-de-accion-en-apoyo-a-soluciones-bipartidistas-de-inmigracion\/\" \/>\n<meta property=\"og:locale\" content=\"es_ES\" \/>\n<meta property=\"og:type\" content=\"article\" \/>\n<meta property=\"og:title\" content=\"L\u00edderes empresariales de ABIC lanzan la Semana Nacional de Acci\u00f3n en Apoyo a Soluciones Bipartidistas de Inmigraci\u00f3n &#8212; Coalici\u00f3n Americana de Inmigraci\u00f3n Empresarial\" \/>\n<meta property=\"og:description\" content=\"L\u00edderes empresariales de ABIC lanzan la Semana Nacional de Acci\u00f3n en Apoyo a Soluciones Bipartidistas de Inmigraci\u00f3n AUSTIN, TX \u2014 Con la ventana que se cierra r\u00e1pidamente para que el...\" \/>\n<meta property=\"og:url\" content=\"https:\/\/abic.us\/es\/lideres-empresariales-de-abic-lanzan-la-semana-nacional-de-accion-en-apoyo-a-soluciones-bipartidistas-de-inmigracion\/\" \/>\n<meta property=\"og:site_name\" content=\"Coalici\u00f3n Americana de Inmigraci\u00f3n Empresarial\" \/>\n<meta property=\"article:publisher\" content=\"https:\/\/www.facebook.com\/AmericanBIC\" \/>\n<meta property=\"article:published_time\" content=\"2021-06-15T21:00:48+00:00\" \/>\n<meta property=\"article:modified_time\" content=\"2021-12-03T20:29:57+00:00\" \/>\n<meta property=\"og:image\" content=\"https:\/\/abic.imgix.net\/assets\/we-are-1.jpg\" \/>\n<meta name=\"author\" content=\"abic\" \/>\n<meta name=\"twitter:card\" content=\"summary_large_image\" \/>\n<meta name=\"twitter:creator\" content=\"@AmericanBIC\" \/>\n<meta name=\"twitter:site\" content=\"@AmericanBIC\" \/>\n<meta name=\"twitter:label1\" content=\"Escrito por\" \/>\n\t<meta name=\"twitter:data1\" content=\"abic\" \/>\n\t<meta name=\"twitter:label2\" content=\"Tiempo de lectura\" \/>\n\t<meta name=\"twitter:data2\" content=\"5 minutos\" \/>\n<script type=\"application\/ld+json\" class=\"yoast-schema-graph\">{\"@context\":\"https:\/\/schema.org\",\"@graph\":[{\"@type\":\"Article\",\"@id\":\"https:\/\/abic.us\/es\/lideres-empresariales-de-abic-lanzan-la-semana-nacional-de-accion-en-apoyo-a-soluciones-bipartidistas-de-inmigracion\/#article\",\"isPartOf\":{\"@id\":\"https:\/\/abic.us\/es\/lideres-empresariales-de-abic-lanzan-la-semana-nacional-de-accion-en-apoyo-a-soluciones-bipartidistas-de-inmigracion\/\"},\"author\":{\"name\":\"abic\",\"@id\":\"https:\/\/abic.us\/es\/#\/schema\/person\/58547098a0d3b973c110fd8a36f0e0bb\"},\"headline\":\"L\u00edderes empresariales de ABIC lanzan la Semana Nacional de Acci\u00f3n en Apoyo a Soluciones Bipartidistas de Inmigraci\u00f3n\",\"datePublished\":\"2021-06-15T21:00:48+00:00\",\"dateModified\":\"2021-12-03T20:29:57+00:00\",\"mainEntityOfPage\":{\"@id\":\"https:\/\/abic.us\/es\/lideres-empresariales-de-abic-lanzan-la-semana-nacional-de-accion-en-apoyo-a-soluciones-bipartidistas-de-inmigracion\/\"},\"wordCount\":1016,\"publisher\":{\"@id\":\"https:\/\/abic.us\/es\/#organization\"},\"image\":{\"@id\":\"https:\/\/abic.us\/es\/lideres-empresariales-de-abic-lanzan-la-semana-nacional-de-accion-en-apoyo-a-soluciones-bipartidistas-de-inmigracion\/#primaryimage\"},\"thumbnailUrl\":\"https:\/\/abic.imgix.net\/assets\/we-are-1.jpg\",\"articleSection\":[\"Actualizaciones\"],\"inLanguage\":\"es\"},{\"@type\":\"WebPage\",\"@id\":\"https:\/\/abic.us\/es\/lideres-empresariales-de-abic-lanzan-la-semana-nacional-de-accion-en-apoyo-a-soluciones-bipartidistas-de-inmigracion\/\",\"url\":\"https:\/\/abic.us\/es\/lideres-empresariales-de-abic-lanzan-la-semana-nacional-de-accion-en-apoyo-a-soluciones-bipartidistas-de-inmigracion\/\",\"name\":\"L\u00edderes empresariales de ABIC lanzan la Semana Nacional de Acci\u00f3n en Apoyo a Soluciones Bipartidistas de Inmigraci\u00f3n &#8212; Coalici\u00f3n Americana de Inmigraci\u00f3n Empresarial\",\"isPartOf\":{\"@id\":\"https:\/\/abic.us\/es\/#website\"},\"primaryImageOfPage\":{\"@id\":\"https:\/\/abic.us\/es\/lideres-empresariales-de-abic-lanzan-la-semana-nacional-de-accion-en-apoyo-a-soluciones-bipartidistas-de-inmigracion\/#primaryimage\"},\"image\":{\"@id\":\"https:\/\/abic.us\/es\/lideres-empresariales-de-abic-lanzan-la-semana-nacional-de-accion-en-apoyo-a-soluciones-bipartidistas-de-inmigracion\/#primaryimage\"},\"thumbnailUrl\":\"https:\/\/abic.imgix.net\/assets\/we-are-1.jpg\",\"datePublished\":\"2021-06-15T21:00:48+00:00\",\"dateModified\":\"2021-12-03T20:29:57+00:00\",\"breadcrumb\":{\"@id\":\"https:\/\/abic.us\/es\/lideres-empresariales-de-abic-lanzan-la-semana-nacional-de-accion-en-apoyo-a-soluciones-bipartidistas-de-inmigracion\/#breadcrumb\"},\"inLanguage\":\"es\",\"potentialAction\":[{\"@type\":\"ReadAction\",\"target\":[\"https:\/\/abic.us\/es\/lideres-empresariales-de-abic-lanzan-la-semana-nacional-de-accion-en-apoyo-a-soluciones-bipartidistas-de-inmigracion\/\"]}]},{\"@type\":\"ImageObject\",\"inLanguage\":\"es\",\"@id\":\"https:\/\/abic.us\/es\/lideres-empresariales-de-abic-lanzan-la-semana-nacional-de-accion-en-apoyo-a-soluciones-bipartidistas-de-inmigracion\/#primaryimage\",\"url\":\"https:\/\/abic.imgix.net\/assets\/we-are-1.jpg\",\"contentUrl\":\"https:\/\/abic.imgix.net\/assets\/we-are-1.jpg\"},{\"@type\":\"BreadcrumbList\",\"@id\":\"https:\/\/abic.us\/es\/lideres-empresariales-de-abic-lanzan-la-semana-nacional-de-accion-en-apoyo-a-soluciones-bipartidistas-de-inmigracion\/#breadcrumb\",\"itemListElement\":[{\"@type\":\"ListItem\",\"position\":1,\"name\":\"Hogar\",\"item\":\"https:\/\/abic.us\/es\/\"},{\"@type\":\"ListItem\",\"position\":2,\"name\":\"L\u00edderes empresariales de ABIC lanzan la Semana Nacional de Acci\u00f3n en Apoyo a Soluciones Bipartidistas de Inmigraci\u00f3n\"}]},{\"@type\":\"WebSite\",\"@id\":\"https:\/\/abic.us\/es\/#website\",\"url\":\"https:\/\/abic.us\/es\/\",\"name\":\"Coalici\u00f3n Americana de Inmigraci\u00f3n Empresarial\",\"description\":\"Juntos, promoveremos una reforma migratoria sensata que crezca empleos, fortalezca nuestra econom\u00eda y beneficie a todas las familias estadounidenses.\",\"publisher\":{\"@id\":\"https:\/\/abic.us\/es\/#organization\"},\"potentialAction\":[{\"@type\":\"SearchAction\",\"target\":{\"@type\":\"EntryPoint\",\"urlTemplate\":\"https:\/\/abic.us\/es\/?s={search_term_string}\"},\"query-input\":{\"@type\":\"PropertyValueSpecification\",\"valueRequired\":true,\"valueName\":\"search_term_string\"}}],\"inLanguage\":\"es\"},{\"@type\":\"Organization\",\"@id\":\"https:\/\/abic.us\/es\/#organization\",\"name\":\"American Business Immigration Coalition\",\"url\":\"https:\/\/abic.us\/es\/\",\"logo\":{\"@type\":\"ImageObject\",\"inLanguage\":\"es\",\"@id\":\"https:\/\/abic.us\/es\/#\/schema\/logo\/image\/\",\"url\":\"https:\/\/abic.us\/wp-content\/uploads\/2021\/11\/ABIC-Logo.png\",\"contentUrl\":\"https:\/\/abic.us\/wp-content\/uploads\/2021\/11\/ABIC-Logo.png\",\"width\":1000,\"height\":260,\"caption\":\"American Business Immigration Coalition\"},\"image\":{\"@id\":\"https:\/\/abic.us\/es\/#\/schema\/logo\/image\/\"},\"sameAs\":[\"https:\/\/www.facebook.com\/AmericanBIC\",\"https:\/\/x.com\/AmericanBIC\"]},{\"@type\":\"Person\",\"@id\":\"https:\/\/abic.us\/es\/#\/schema\/person\/58547098a0d3b973c110fd8a36f0e0bb\",\"name\":\"abic\",\"image\":{\"@type\":\"ImageObject\",\"inLanguage\":\"es\",\"@id\":\"https:\/\/abic.us\/es\/#\/schema\/person\/image\/\",\"url\":\"https:\/\/secure.gravatar.com\/avatar\/4a2893b0ce0ce34781c1e0a9251ffe4322e67c4e95cdf48463d10701c3bd4c8e?s=96&d=mm&r=g\",\"contentUrl\":\"https:\/\/secure.gravatar.com\/avatar\/4a2893b0ce0ce34781c1e0a9251ffe4322e67c4e95cdf48463d10701c3bd4c8e?s=96&d=mm&r=g\",\"caption\":\"abic\"},\"sameAs\":[\"https:\/\/abic.wpengine.com\"]}]}<\/script>\n<!-- \/ Yoast SEO plugin. -->","yoast_head_json":{"title":"L\u00edderes empresariales de ABIC lanzan la Semana Nacional de Acci\u00f3n en Apoyo a Soluciones Bipartidistas de Inmigraci\u00f3n &#8212; Coalici\u00f3n Americana de Inmigraci\u00f3n Empresarial","robots":{"index":"index","follow":"follow","max-snippet":"max-snippet:-1","max-image-preview":"max-image-preview:large","max-video-preview":"max-video-preview:-1"},"canonical":"https:\/\/abic.us\/es\/lideres-empresariales-de-abic-lanzan-la-semana-nacional-de-accion-en-apoyo-a-soluciones-bipartidistas-de-inmigracion\/","og_locale":"es_ES","og_type":"article","og_title":"L\u00edderes empresariales de ABIC lanzan la Semana Nacional de Acci\u00f3n en Apoyo a Soluciones Bipartidistas de Inmigraci\u00f3n &#8212; Coalici\u00f3n Americana de Inmigraci\u00f3n Empresarial","og_description":"L\u00edderes empresariales de ABIC lanzan la Semana Nacional de Acci\u00f3n en Apoyo a Soluciones Bipartidistas de Inmigraci\u00f3n AUSTIN, TX \u2014 Con la ventana que se cierra r\u00e1pidamente para que el...","og_url":"https:\/\/abic.us\/es\/lideres-empresariales-de-abic-lanzan-la-semana-nacional-de-accion-en-apoyo-a-soluciones-bipartidistas-de-inmigracion\/","og_site_name":"Coalici\u00f3n Americana de Inmigraci\u00f3n Empresarial","article_publisher":"https:\/\/www.facebook.com\/AmericanBIC","article_published_time":"2021-06-15T21:00:48+00:00","article_modified_time":"2021-12-03T20:29:57+00:00","og_image":[{"url":"https:\/\/abic.imgix.net\/assets\/we-are-1.jpg","type":"","width":"","height":""}],"author":"abic","twitter_card":"summary_large_image","twitter_creator":"@AmericanBIC","twitter_site":"@AmericanBIC","twitter_misc":{"Escrito por":"abic","Tiempo de lectura":"5 minutos"},"schema":{"@context":"https:\/\/schema.org","@graph":[{"@type":"Article","@id":"https:\/\/abic.us\/es\/lideres-empresariales-de-abic-lanzan-la-semana-nacional-de-accion-en-apoyo-a-soluciones-bipartidistas-de-inmigracion\/#article","isPartOf":{"@id":"https:\/\/abic.us\/es\/lideres-empresariales-de-abic-lanzan-la-semana-nacional-de-accion-en-apoyo-a-soluciones-bipartidistas-de-inmigracion\/"},"author":{"name":"abic","@id":"https:\/\/abic.us\/es\/#\/schema\/person\/58547098a0d3b973c110fd8a36f0e0bb"},"headline":"L\u00edderes empresariales de ABIC lanzan la Semana Nacional de Acci\u00f3n en Apoyo a Soluciones Bipartidistas de Inmigraci\u00f3n","datePublished":"2021-06-15T21:00:48+00:00","dateModified":"2021-12-03T20:29:57+00:00","mainEntityOfPage":{"@id":"https:\/\/abic.us\/es\/lideres-empresariales-de-abic-lanzan-la-semana-nacional-de-accion-en-apoyo-a-soluciones-bipartidistas-de-inmigracion\/"},"wordCount":1016,"publisher":{"@id":"https:\/\/abic.us\/es\/#organization"},"image":{"@id":"https:\/\/abic.us\/es\/lideres-empresariales-de-abic-lanzan-la-semana-nacional-de-accion-en-apoyo-a-soluciones-bipartidistas-de-inmigracion\/#primaryimage"},"thumbnailUrl":"https:\/\/abic.imgix.net\/assets\/we-are-1.jpg","articleSection":["Actualizaciones"],"inLanguage":"es"},{"@type":"WebPage","@id":"https:\/\/abic.us\/es\/lideres-empresariales-de-abic-lanzan-la-semana-nacional-de-accion-en-apoyo-a-soluciones-bipartidistas-de-inmigracion\/","url":"https:\/\/abic.us\/es\/lideres-empresariales-de-abic-lanzan-la-semana-nacional-de-accion-en-apoyo-a-soluciones-bipartidistas-de-inmigracion\/","name":"L\u00edderes empresariales de ABIC lanzan la Semana Nacional de Acci\u00f3n en Apoyo a Soluciones Bipartidistas de Inmigraci\u00f3n &#8212; Coalici\u00f3n Americana de Inmigraci\u00f3n Empresarial","isPartOf":{"@id":"https:\/\/abic.us\/es\/#website"},"primaryImageOfPage":{"@id":"https:\/\/abic.us\/es\/lideres-empresariales-de-abic-lanzan-la-semana-nacional-de-accion-en-apoyo-a-soluciones-bipartidistas-de-inmigracion\/#primaryimage"},"image":{"@id":"https:\/\/abic.us\/es\/lideres-empresariales-de-abic-lanzan-la-semana-nacional-de-accion-en-apoyo-a-soluciones-bipartidistas-de-inmigracion\/#primaryimage"},"thumbnailUrl":"https:\/\/abic.imgix.net\/assets\/we-are-1.jpg","datePublished":"2021-06-15T21:00:48+00:00","dateModified":"2021-12-03T20:29:57+00:00","breadcrumb":{"@id":"https:\/\/abic.us\/es\/lideres-empresariales-de-abic-lanzan-la-semana-nacional-de-accion-en-apoyo-a-soluciones-bipartidistas-de-inmigracion\/#breadcrumb"},"inLanguage":"es","potentialAction":[{"@type":"ReadAction","target":["https:\/\/abic.us\/es\/lideres-empresariales-de-abic-lanzan-la-semana-nacional-de-accion-en-apoyo-a-soluciones-bipartidistas-de-inmigracion\/"]}]},{"@type":"ImageObject","inLanguage":"es","@id":"https:\/\/abic.us\/es\/lideres-empresariales-de-abic-lanzan-la-semana-nacional-de-accion-en-apoyo-a-soluciones-bipartidistas-de-inmigracion\/#primaryimage","url":"https:\/\/abic.imgix.net\/assets\/we-are-1.jpg","contentUrl":"https:\/\/abic.imgix.net\/assets\/we-are-1.jpg"},{"@type":"BreadcrumbList","@id":"https:\/\/abic.us\/es\/lideres-empresariales-de-abic-lanzan-la-semana-nacional-de-accion-en-apoyo-a-soluciones-bipartidistas-de-inmigracion\/#breadcrumb","itemListElement":[{"@type":"ListItem","position":1,"name":"Hogar","item":"https:\/\/abic.us\/es\/"},{"@type":"ListItem","position":2,"name":"L\u00edderes empresariales de ABIC lanzan la Semana Nacional de Acci\u00f3n en Apoyo a Soluciones Bipartidistas de Inmigraci\u00f3n"}]},{"@type":"WebSite","@id":"https:\/\/abic.us\/es\/#website","url":"https:\/\/abic.us\/es\/","name":"Coalici\u00f3n Americana de Inmigraci\u00f3n Empresarial","description":"Juntos, promoveremos una reforma migratoria sensata que crezca empleos, fortalezca nuestra econom\u00eda y beneficie a todas las familias estadounidenses.","publisher":{"@id":"https:\/\/abic.us\/es\/#organization"},"potentialAction":[{"@type":"SearchAction","target":{"@type":"EntryPoint","urlTemplate":"https:\/\/abic.us\/es\/?s={search_term_string}"},"query-input":{"@type":"PropertyValueSpecification","valueRequired":true,"valueName":"search_term_string"}}],"inLanguage":"es"},{"@type":"Organization","@id":"https:\/\/abic.us\/es\/#organization","name":"American Business Immigration Coalition","url":"https:\/\/abic.us\/es\/","logo":{"@type":"ImageObject","inLanguage":"es","@id":"https:\/\/abic.us\/es\/#\/schema\/logo\/image\/","url":"https:\/\/abic.us\/wp-content\/uploads\/2021\/11\/ABIC-Logo.png","contentUrl":"https:\/\/abic.us\/wp-content\/uploads\/2021\/11\/ABIC-Logo.png","width":1000,"height":260,"caption":"American Business Immigration Coalition"},"image":{"@id":"https:\/\/abic.us\/es\/#\/schema\/logo\/image\/"},"sameAs":["https:\/\/www.facebook.com\/AmericanBIC","https:\/\/x.com\/AmericanBIC"]},{"@type":"Person","@id":"https:\/\/abic.us\/es\/#\/schema\/person\/58547098a0d3b973c110fd8a36f0e0bb","name":"abic","image":{"@type":"ImageObject","inLanguage":"es","@id":"https:\/\/abic.us\/es\/#\/schema\/person\/image\/","url":"https:\/\/secure.gravatar.com\/avatar\/4a2893b0ce0ce34781c1e0a9251ffe4322e67c4e95cdf48463d10701c3bd4c8e?s=96&d=mm&r=g","contentUrl":"https:\/\/secure.gravatar.com\/avatar\/4a2893b0ce0ce34781c1e0a9251ffe4322e67c4e95cdf48463d10701c3bd4c8e?s=96&d=mm&r=g","caption":"abic"},"sameAs":["https:\/\/abic.wpengine.com"]}]}},"_links":{"self":[{"href":"https:\/\/abic.us\/es\/wp-json\/wp\/v2\/posts\/34909","targetHints":{"allow":["GET"]}}],"collection":[{"href":"https:\/\/abic.us\/es\/wp-json\/wp\/v2\/posts"}],"about":[{"href":"https:\/\/abic.us\/es\/wp-json\/wp\/v2\/types\/post"}],"author":[{"embeddable":true,"href":"https:\/\/abic.us\/es\/wp-json\/wp\/v2\/users\/1"}],"replies":[{"embeddable":true,"href":"https:\/\/abic.us\/es\/wp-json\/wp\/v2\/comments?post=34909"}],"version-history":[{"count":0,"href":"https:\/\/abic.us\/es\/wp-json\/wp\/v2\/posts\/34909\/revisions"}],"wp:attachment":[{"href":"https:\/\/abic.us\/es\/wp-json\/wp\/v2\/media?parent=34909"}],"wp:term":[{"taxonomy":"category","embeddable":true,"href":"https:\/\/abic.us\/es\/wp-json\/wp\/v2\/categories?post=34909"},{"taxonomy":"post_tag","embeddable":true,"href":"https:\/\/abic.us\/es\/wp-json\/wp\/v2\/tags?post=34909"}],"curies":[{"name":"wp","href":"https:\/\/api.w.org\/{rel}","templated":true}]}}