{"id":34902,"date":"2021-06-16T15:08:13","date_gmt":"2021-06-16T15:08:13","guid":{"rendered":"https:\/\/abic.wpengine.com\/recording-indiana-dreamer-se-une-a-los-lideres-civicos-de-ag-biz-y-para-instar-a-los-senadores-young-y-braun-a-apoyar-las-soluciones-bipartidistas-de-inmigracion-en-la-cumbre-virtual\/"},"modified":"2021-12-03T20:36:38","modified_gmt":"2021-12-03T20:36:38","slug":"recording-indiana-dreamer-se-une-a-los-lideres-civicos-de-ag-biz-y-para-instar-a-los-senadores-young-y-braun-a-apoyar-las-soluciones-bipartidistas-de-inmigracion-en-la-cumbre-virtual","status":"publish","type":"post","link":"https:\/\/abic.us\/es\/recording-indiana-dreamer-se-une-a-los-lideres-civicos-de-ag-biz-y-para-instar-a-los-senadores-young-y-braun-a-apoyar-las-soluciones-bipartidistas-de-inmigracion-en-la-cumbre-virtual\/","title":{"rendered":"[RECORDING]  Indiana Dreamer se une a los l\u00edderes c\u00edvicos de Ag, Biz y Para Instar a los Senadores Young y Braun a apoyar las soluciones bipartidistas de inmigraci\u00f3n en la Cumbre Virtual"},"content":{"rendered":"\n<p><\/p>\n\n<h2 class=\"wp-block-heading\">[RECORDING]  Indiana Dreamer se une a los l\u00edderes c\u00edvicos de Ag, Biz y Para Instar a los Senadores Young y Braun a apoyar las soluciones bipartidistas de inmigraci\u00f3n en la Cumbre Virtual<\/h2>\n\n<figure class=\"wp-block-image size-large\"><img loading=\"lazy\" decoding=\"async\" width=\"940\" height=\"788\" src=\"https:\/\/abic.imgix.net\/assets\/Untitled-design-1.png\" alt=\"\" class=\"wp-image-31409\"\/><\/figure>\n<p><em>Enlace a la grabaci\u00f3n aqu\u00ed: <\/em> <a href=\"https:\/\/bit.ly\/3pYaBgF\"> <em>https:\/\/bit.ly\/3pYaBgF<\/em>\n  \n<\/a><em> <\/em><\/p>\n\n<p><strong>INDIANAPOLIS, IN<\/strong> \u2014 L\u00edderes empresariales de Indiana de la industria l\u00e1ctea, agr\u00edcola, de restaurantes y manufacturera, as\u00ed como un So\u00f1ador de Indiana, celebraron un foro virtual titulado  <a href=\"https:\/\/zoom.us\/webinar\/register\/WN_FreDtHXASpi0sTEDB9aq_A\">Expandiendo la fuerza laboral de Indiana a trav\u00e9s de soluciones de inmigraci\u00f3n bipartidistas: de granjas a mesas y plantas de f\u00e1brica<\/a> para instar a los republicanos de Indiana  <strong>Los senadores<\/strong> <strong> Mike Braun<\/strong> y <strong>Todd Young<\/strong> apoyar\u00e1 soluciones de inmigraci\u00f3n bipartidistas que ampl\u00eden nuestra fuerza laboral, brinden certidumbre a las familias y los empleadores, y ayuden a nuestra econom\u00eda a recuperarse de la pandemia. Estas soluciones incluyen la Ley durbin-Graham Dream, el proyecto de ley complementario del Senado Bennett-Crapo a la Ley de Modernizaci\u00f3n de la Fuerza Laboral Agr\u00edcola de la C\u00e1mara de Representantes y la Ley SECURE.  <\/p>\n\n<p>Vea los aspectos m\u00e1s destacados de la grabaci\u00f3n a continuaci\u00f3n. Para obtener un enlace completo a la <a href=\"https:\/\/bit.ly\/3pYaBgF\">grabaci\u00f3n, haga clic aqu\u00ed.<\/a><\/p>\n\n<p>Con un n\u00famero r\u00e9cord de empleos sin cubrir, <a href=\"https:\/\/www.wane.com\/top-stories\/labor-shortage-could-stunt-ne-indianas-economic-recovery\/\">la escasez de mano de obra de Indiana est\u00e1 amenazando la prosperidad econ\u00f3mica del estado y retrasando los esfuerzos locales de recuperaci\u00f3n econ\u00f3mica de la pandemia.<\/a> En ciertos sectores de la agricultura, como los l\u00e1cteos, la mano de obra inmigrante representa casi el 50% de la fuerza laboral. La falta de una fuerza laboral calificada pone en riesgo la salud animal y la seguridad de los productos para los consumidores estadounidenses, y amenaza a las granjas familiares en todo el estado. En la industria de los restaurantes, mientras que la demanda est\u00e1 aumentando, <a href=\"https:\/\/indianapublicmedia.org\/news\/restaurants-are-struggling-to-find-workers,-but-is-there-really-a-shortage.php\">encontrar trabajadores ha seguido siendo una lucha.<\/a> La soluci\u00f3n radica en parte en el r\u00e1pido crecimiento de la poblaci\u00f3n de Hoosiers nacidos en el extranjero que desempe\u00f1an un papel crucial en la creaci\u00f3n de una fuerza laboral estable y confiable para que los empleadores puedan crecer y prosperar, elevando toda la econom\u00eda. Los inmigrantes en Indiana impulsan industrias clave como la agricultura (clasificada entre las cinco primeras a nivel nacional para la producci\u00f3n de cultivos) y la producci\u00f3n porcina y av\u00edcola (tambi\u00e9n entre las cinco primeras). Desempe\u00f1an un papel fundamental en otras industrias, incluidas la construcci\u00f3n, la fabricaci\u00f3n y la atenci\u00f3n m\u00e9dica. En total, <a href=\"https:\/\/www.americanimmigrationcouncil.org\/research\/immigrants-in-indiana\">constituyen una gran proporci\u00f3n educada<\/a> de la fuerza laboral de Indiana.  <\/p>\n\n<p>El evento est\u00e1 patrocinado por la American Business Immigration Coalition, Indiana Dairy Producers, AmericanHort y la Indiana Restaurant &amp; Lodging Association.<\/p>\n\n<p>CITAS DEL EVENTO A CONTINUACI\u00d3N. PARA VER EL VIDEO COMPLETO, <a href=\"https:\/\/drive.google.com\/file\/d\/1qMCFVvoBmMQIDxVQ--jpdGRPAbn11RLa\/view\">HAGA CLIC AQU\u00cd.<\/a><\/p>\n\n<p><strong>Steve Obert,<\/strong> <strong>Director Ejecutivo de Indiana Dairy Producers y productor l\u00e1cteo de Indiana de 5ta generaci\u00f3n, dijo durante el evento:<\/strong><strong> <\/strong>\u00abLa Ley de Modernizaci\u00f3n de la Fuerza Laboral Agr\u00edcola se trata de arreglar algo que estaba mal hace 35 a\u00f1os &#8230; Nos damos cuenta de que toda la legislaci\u00f3n probablemente nunca sea perfecta o completa. Pero solo hay una cosa peor que eso y es la falta de voluntad de nuestros representantes para hacer el esfuerzo de tratar de hacer mejoras para que realmente funcione para nuestras comunidades, estado y naci\u00f3n &#8230; El \u00e9xito de las granjas realmente depende del bienestar de sus empleados. Es por eso que los productores de l\u00e1cteos apoyan el Dream Act. Todo lo que necesitamos es que nuestros funcionarios electos representen los intereses y los deseos de nuestros ciudadanos\u00bb.<\/p>\n\n<p><strong>Sam Murillo, estudiante de Servicios de Salud y acad\u00e9mico de DREAMer y theDREAM.us, dijo durante el evento: <\/strong>\u00abSoy el primer graduado universitario de mi familia con un t\u00edtulo en servicios de salud y una certificaci\u00f3n como trabajador de salud comunitario. Quiero pedirles a los Senadores Braun y Young, a mis Senadores, a los Senadores del lugar al que llamo hogar, y a los Senadores del lugar donde reside mi hermano menor y ahora est\u00e1 pasando por las mismas dificultades que enfrent\u00e9 debido a su estatus como muchos otros estudiantes, que trabajen con sus compa\u00f1eros senadores para aprobar el Dream Act y darme a m\u00ed y a cientos de miles como yo la oportunidad de retribuir a la comunidad,  que es todo lo que hemos pedido.  <\/p>\n\n<p><strong>Alfonso Vidal, presidente de Vidal Plastics, LLC, quien se vio obligado a abandonar Venezuela en 1997 despu\u00e9s de ser secuestrado por guerrilleros colombianos de las FARC, establecido en Evansville a largo plazo a ra\u00edz del ascenso de Hugo Ch\u00e1vez al poder antes de establecer su empresa de fabricaci\u00f3n de pl\u00e1sticos, dijo durante el evento:  <\/strong>\u00abComo inmigrantes de Venezuela, {mi esposa y yo} hemos sido bendecidos con muchas oportunidades en este pa\u00eds. Es por eso que siempre hemos apoyado el Dream Act, tambi\u00e9n el SECURE Act. Es importante hacerlo realidad. La inmigraci\u00f3n ha impulsado el crecimiento de este pa\u00eds con innovaci\u00f3n, inversi\u00f3n y emprendimiento. Pero estamos en una encrucijada. Podemos optar por continuar agregando el combustible necesario a nuestra sociedad o cortar el suministro de combustible. Es hora de juntar nuestras cabezas para resolver nuestras diferencias. Es hora de unirnos para dar a otros el camino necesario hacia la grandeza, el camino para innovar, el camino para invertir, el camino para crecer, el camino hacia la ciudadan\u00eda estadounidense\u00bb.<\/p>\n\n<p><strong>Brady y Dennis Mouzin, propietarios de Mouzin Brothers Farms, dijeron durante el evento<\/strong>\u00abInstamos a los senadores Braun y Young a que apoyen cualquier esfuerzo bipartidista que asegure una fuerza laboral estable y confiable para nuestra industria. Tambi\u00e9n le instaremos a que si quiere venir y ver el impacto econ\u00f3mico que la industria de productos agr\u00edcolas tiene en nuestro estado, y si desea ver la confiabilidad y la din\u00e1mica que tenemos con nuestra fuerza laboral migrante, por favor venga a visitar nuestra granja. Por favor, apoyen este esfuerzo bipartidista. Una gran industria en Indiana depende de ello\u00bb.<\/p>\n\n<p><strong>Patrick Tamm, Presidente y CEO de indiana Restaurant &amp; Lodging Association, dijo durante el evento<\/strong>: \u00abSi un productor no puede obtener un producto porque las visas est\u00e1n retenidas, eso te afecta en la tienda de comestibles, te afecta en el restaurante, afecta lo que podemos ofrecer en el men\u00fa, todo est\u00e1 interconectado. Es hora de apoyar algunas mejoras bipartidistas de sentido com\u00fan que mejoren no solo las vidas de los directamente afectados, sino que tambi\u00e9n mejoren su vida como consumidor &#8230; Si mejoramos nuestra capacidad de contrataci\u00f3n y continuamos diversificando nuestra fuerza laboral, nuestra recuperaci\u00f3n econ\u00f3mica ser\u00e1 m\u00e1s r\u00e1pida y eficiente para todos. Tenemos m\u00faltiples propuestas legislativas, y la Asociaci\u00f3n de Restaurantes y Alojamientos de Indiana apoya de todo coraz\u00f3n esos esfuerzos y lo ha hecho durante bastante tiempo. Continuaremos haci\u00e9ndolo hasta que el sentido com\u00fan, la reforma migratoria se implemente por completo\u00bb.<\/p>\n\n<p><strong>Acerca de<\/strong><\/p>\n\n<p>La<a href=\"https:\/\/abic.us\/\"> <strong>American Business Immigration Coalition<\/strong> <\/a> (ABIC) promueve una reforma migratoria de sentido com\u00fan que promueve la competitividad econ\u00f3mica, proporciona a las empresas tanto el talento altamente calificado como el poco calificado que necesitan, y permite la integraci\u00f3n de los inmigrantes en nuestra econom\u00eda como consumidores, trabajadores, empresarios y ciudadanos.<\/p>\n","protected":false},"excerpt":{"rendered":"<p>[RECORDING] Indiana Dreamer se une a los l\u00edderes c\u00edvicos de Ag, Biz y Para Instar a los Senadores Young y Braun a apoyar las soluciones bipartidistas de inmigraci\u00f3n en la&#8230;<\/p>\n","protected":false},"author":1,"featured_media":0,"comment_status":"closed","ping_status":"closed","sticky":false,"template":"","format":"standard","meta":{"footnotes":""},"categories":[56],"tags":[],"class_list":{"0":"post-34902","1":"post","2":"type-post","3":"status-publish","4":"format-standard","6":"category-sin-categorizar"},"yoast_head":"<!-- This site is optimized with the Yoast SEO plugin v26.9 - https:\/\/yoast.com\/product\/yoast-seo-wordpress\/ -->\n<title>[RECORDING] Indiana Dreamer se une a los l\u00edderes c\u00edvicos de Ag, Biz y Para Instar a los Senadores Young y Braun a apoyar las soluciones bipartidistas de inmigraci\u00f3n en la Cumbre Virtual &#8212; Coalici\u00f3n Americana de Inmigraci\u00f3n Empresarial<\/title>\n<meta name=\"robots\" content=\"index, follow, max-snippet:-1, max-image-preview:large, max-video-preview:-1\" \/>\n<link rel=\"canonical\" href=\"https:\/\/abic.us\/es\/recording-indiana-dreamer-se-une-a-los-lideres-civicos-de-ag-biz-y-para-instar-a-los-senadores-young-y-braun-a-apoyar-las-soluciones-bipartidistas-de-inmigracion-en-la-cumbre-virtual\/\" \/>\n<meta property=\"og:locale\" content=\"es_ES\" \/>\n<meta property=\"og:type\" content=\"article\" \/>\n<meta property=\"og:title\" content=\"[RECORDING] Indiana Dreamer se une a los l\u00edderes c\u00edvicos de Ag, Biz y Para Instar a los Senadores Young y Braun a apoyar las soluciones bipartidistas de inmigraci\u00f3n en la Cumbre Virtual &#8212; Coalici\u00f3n Americana de Inmigraci\u00f3n Empresarial\" \/>\n<meta property=\"og:description\" content=\"[RECORDING] Indiana Dreamer se une a los l\u00edderes c\u00edvicos de Ag, Biz y Para Instar a los Senadores Young y Braun a apoyar las soluciones bipartidistas de inmigraci\u00f3n en la...\" \/>\n<meta property=\"og:url\" content=\"https:\/\/abic.us\/es\/recording-indiana-dreamer-se-une-a-los-lideres-civicos-de-ag-biz-y-para-instar-a-los-senadores-young-y-braun-a-apoyar-las-soluciones-bipartidistas-de-inmigracion-en-la-cumbre-virtual\/\" \/>\n<meta property=\"og:site_name\" content=\"Coalici\u00f3n Americana de Inmigraci\u00f3n Empresarial\" \/>\n<meta property=\"article:publisher\" content=\"https:\/\/www.facebook.com\/AmericanBIC\" \/>\n<meta property=\"article:published_time\" content=\"2021-06-16T15:08:13+00:00\" \/>\n<meta property=\"article:modified_time\" content=\"2021-12-03T20:36:38+00:00\" \/>\n<meta property=\"og:image\" content=\"https:\/\/abic.imgix.net\/assets\/Untitled-design-1.png\" \/>\n<meta name=\"author\" content=\"abic\" \/>\n<meta name=\"twitter:card\" content=\"summary_large_image\" \/>\n<meta name=\"twitter:creator\" content=\"@AmericanBIC\" \/>\n<meta name=\"twitter:site\" content=\"@AmericanBIC\" \/>\n<meta name=\"twitter:label1\" content=\"Escrito por\" \/>\n\t<meta name=\"twitter:data1\" content=\"abic\" \/>\n\t<meta name=\"twitter:label2\" content=\"Tiempo de lectura\" \/>\n\t<meta name=\"twitter:data2\" content=\"6 minutos\" \/>\n<script type=\"application\/ld+json\" class=\"yoast-schema-graph\">{\"@context\":\"https:\/\/schema.org\",\"@graph\":[{\"@type\":\"Article\",\"@id\":\"https:\/\/abic.us\/es\/recording-indiana-dreamer-se-une-a-los-lideres-civicos-de-ag-biz-y-para-instar-a-los-senadores-young-y-braun-a-apoyar-las-soluciones-bipartidistas-de-inmigracion-en-la-cumbre-virtual\/#article\",\"isPartOf\":{\"@id\":\"https:\/\/abic.us\/es\/recording-indiana-dreamer-se-une-a-los-lideres-civicos-de-ag-biz-y-para-instar-a-los-senadores-young-y-braun-a-apoyar-las-soluciones-bipartidistas-de-inmigracion-en-la-cumbre-virtual\/\"},\"author\":{\"name\":\"abic\",\"@id\":\"https:\/\/abic.us\/es\/#\/schema\/person\/58547098a0d3b973c110fd8a36f0e0bb\"},\"headline\":\"[RECORDING] Indiana Dreamer se une a los l\u00edderes c\u00edvicos de Ag, Biz y Para Instar a los Senadores Young y Braun a apoyar las soluciones bipartidistas de inmigraci\u00f3n en la Cumbre Virtual\",\"datePublished\":\"2021-06-16T15:08:13+00:00\",\"dateModified\":\"2021-12-03T20:36:38+00:00\",\"mainEntityOfPage\":{\"@id\":\"https:\/\/abic.us\/es\/recording-indiana-dreamer-se-une-a-los-lideres-civicos-de-ag-biz-y-para-instar-a-los-senadores-young-y-braun-a-apoyar-las-soluciones-bipartidistas-de-inmigracion-en-la-cumbre-virtual\/\"},\"wordCount\":1271,\"publisher\":{\"@id\":\"https:\/\/abic.us\/es\/#organization\"},\"image\":{\"@id\":\"https:\/\/abic.us\/es\/recording-indiana-dreamer-se-une-a-los-lideres-civicos-de-ag-biz-y-para-instar-a-los-senadores-young-y-braun-a-apoyar-las-soluciones-bipartidistas-de-inmigracion-en-la-cumbre-virtual\/#primaryimage\"},\"thumbnailUrl\":\"https:\/\/abic.imgix.net\/assets\/Untitled-design-1.png\",\"articleSection\":[\"Sin categorizar\"],\"inLanguage\":\"es\"},{\"@type\":\"WebPage\",\"@id\":\"https:\/\/abic.us\/es\/recording-indiana-dreamer-se-une-a-los-lideres-civicos-de-ag-biz-y-para-instar-a-los-senadores-young-y-braun-a-apoyar-las-soluciones-bipartidistas-de-inmigracion-en-la-cumbre-virtual\/\",\"url\":\"https:\/\/abic.us\/es\/recording-indiana-dreamer-se-une-a-los-lideres-civicos-de-ag-biz-y-para-instar-a-los-senadores-young-y-braun-a-apoyar-las-soluciones-bipartidistas-de-inmigracion-en-la-cumbre-virtual\/\",\"name\":\"[RECORDING] Indiana Dreamer se une a los l\u00edderes c\u00edvicos de Ag, Biz y Para Instar a los Senadores Young y Braun a apoyar las soluciones bipartidistas de inmigraci\u00f3n en la Cumbre Virtual &#8212; Coalici\u00f3n Americana de Inmigraci\u00f3n Empresarial\",\"isPartOf\":{\"@id\":\"https:\/\/abic.us\/es\/#website\"},\"primaryImageOfPage\":{\"@id\":\"https:\/\/abic.us\/es\/recording-indiana-dreamer-se-une-a-los-lideres-civicos-de-ag-biz-y-para-instar-a-los-senadores-young-y-braun-a-apoyar-las-soluciones-bipartidistas-de-inmigracion-en-la-cumbre-virtual\/#primaryimage\"},\"image\":{\"@id\":\"https:\/\/abic.us\/es\/recording-indiana-dreamer-se-une-a-los-lideres-civicos-de-ag-biz-y-para-instar-a-los-senadores-young-y-braun-a-apoyar-las-soluciones-bipartidistas-de-inmigracion-en-la-cumbre-virtual\/#primaryimage\"},\"thumbnailUrl\":\"https:\/\/abic.imgix.net\/assets\/Untitled-design-1.png\",\"datePublished\":\"2021-06-16T15:08:13+00:00\",\"dateModified\":\"2021-12-03T20:36:38+00:00\",\"breadcrumb\":{\"@id\":\"https:\/\/abic.us\/es\/recording-indiana-dreamer-se-une-a-los-lideres-civicos-de-ag-biz-y-para-instar-a-los-senadores-young-y-braun-a-apoyar-las-soluciones-bipartidistas-de-inmigracion-en-la-cumbre-virtual\/#breadcrumb\"},\"inLanguage\":\"es\",\"potentialAction\":[{\"@type\":\"ReadAction\",\"target\":[\"https:\/\/abic.us\/es\/recording-indiana-dreamer-se-une-a-los-lideres-civicos-de-ag-biz-y-para-instar-a-los-senadores-young-y-braun-a-apoyar-las-soluciones-bipartidistas-de-inmigracion-en-la-cumbre-virtual\/\"]}]},{\"@type\":\"ImageObject\",\"inLanguage\":\"es\",\"@id\":\"https:\/\/abic.us\/es\/recording-indiana-dreamer-se-une-a-los-lideres-civicos-de-ag-biz-y-para-instar-a-los-senadores-young-y-braun-a-apoyar-las-soluciones-bipartidistas-de-inmigracion-en-la-cumbre-virtual\/#primaryimage\",\"url\":\"https:\/\/abic.imgix.net\/assets\/Untitled-design-1.png\",\"contentUrl\":\"https:\/\/abic.imgix.net\/assets\/Untitled-design-1.png\"},{\"@type\":\"BreadcrumbList\",\"@id\":\"https:\/\/abic.us\/es\/recording-indiana-dreamer-se-une-a-los-lideres-civicos-de-ag-biz-y-para-instar-a-los-senadores-young-y-braun-a-apoyar-las-soluciones-bipartidistas-de-inmigracion-en-la-cumbre-virtual\/#breadcrumb\",\"itemListElement\":[{\"@type\":\"ListItem\",\"position\":1,\"name\":\"Hogar\",\"item\":\"https:\/\/abic.us\/es\/\"},{\"@type\":\"ListItem\",\"position\":2,\"name\":\"[RECORDING] Indiana Dreamer se une a los l\u00edderes c\u00edvicos de Ag, Biz y Para Instar a los Senadores Young y Braun a apoyar las soluciones bipartidistas de inmigraci\u00f3n en la Cumbre Virtual\"}]},{\"@type\":\"WebSite\",\"@id\":\"https:\/\/abic.us\/es\/#website\",\"url\":\"https:\/\/abic.us\/es\/\",\"name\":\"Coalici\u00f3n Americana de Inmigraci\u00f3n Empresarial\",\"description\":\"Juntos, promoveremos una reforma migratoria sensata que crezca empleos, fortalezca nuestra econom\u00eda y beneficie a todas las familias estadounidenses.\",\"publisher\":{\"@id\":\"https:\/\/abic.us\/es\/#organization\"},\"potentialAction\":[{\"@type\":\"SearchAction\",\"target\":{\"@type\":\"EntryPoint\",\"urlTemplate\":\"https:\/\/abic.us\/es\/?s={search_term_string}\"},\"query-input\":{\"@type\":\"PropertyValueSpecification\",\"valueRequired\":true,\"valueName\":\"search_term_string\"}}],\"inLanguage\":\"es\"},{\"@type\":\"Organization\",\"@id\":\"https:\/\/abic.us\/es\/#organization\",\"name\":\"American Business Immigration Coalition\",\"url\":\"https:\/\/abic.us\/es\/\",\"logo\":{\"@type\":\"ImageObject\",\"inLanguage\":\"es\",\"@id\":\"https:\/\/abic.us\/es\/#\/schema\/logo\/image\/\",\"url\":\"https:\/\/abic.us\/wp-content\/uploads\/2021\/11\/ABIC-Logo.png\",\"contentUrl\":\"https:\/\/abic.us\/wp-content\/uploads\/2021\/11\/ABIC-Logo.png\",\"width\":1000,\"height\":260,\"caption\":\"American Business Immigration Coalition\"},\"image\":{\"@id\":\"https:\/\/abic.us\/es\/#\/schema\/logo\/image\/\"},\"sameAs\":[\"https:\/\/www.facebook.com\/AmericanBIC\",\"https:\/\/x.com\/AmericanBIC\"]},{\"@type\":\"Person\",\"@id\":\"https:\/\/abic.us\/es\/#\/schema\/person\/58547098a0d3b973c110fd8a36f0e0bb\",\"name\":\"abic\",\"image\":{\"@type\":\"ImageObject\",\"inLanguage\":\"es\",\"@id\":\"https:\/\/abic.us\/es\/#\/schema\/person\/image\/\",\"url\":\"https:\/\/secure.gravatar.com\/avatar\/4a2893b0ce0ce34781c1e0a9251ffe4322e67c4e95cdf48463d10701c3bd4c8e?s=96&d=mm&r=g\",\"contentUrl\":\"https:\/\/secure.gravatar.com\/avatar\/4a2893b0ce0ce34781c1e0a9251ffe4322e67c4e95cdf48463d10701c3bd4c8e?s=96&d=mm&r=g\",\"caption\":\"abic\"},\"sameAs\":[\"https:\/\/abic.wpengine.com\"]}]}<\/script>\n<!-- \/ Yoast SEO plugin. -->","yoast_head_json":{"title":"[RECORDING] Indiana Dreamer se une a los l\u00edderes c\u00edvicos de Ag, Biz y Para Instar a los Senadores Young y Braun a apoyar las soluciones bipartidistas de inmigraci\u00f3n en la Cumbre Virtual &#8212; Coalici\u00f3n Americana de Inmigraci\u00f3n Empresarial","robots":{"index":"index","follow":"follow","max-snippet":"max-snippet:-1","max-image-preview":"max-image-preview:large","max-video-preview":"max-video-preview:-1"},"canonical":"https:\/\/abic.us\/es\/recording-indiana-dreamer-se-une-a-los-lideres-civicos-de-ag-biz-y-para-instar-a-los-senadores-young-y-braun-a-apoyar-las-soluciones-bipartidistas-de-inmigracion-en-la-cumbre-virtual\/","og_locale":"es_ES","og_type":"article","og_title":"[RECORDING] Indiana Dreamer se une a los l\u00edderes c\u00edvicos de Ag, Biz y Para Instar a los Senadores Young y Braun a apoyar las soluciones bipartidistas de inmigraci\u00f3n en la Cumbre Virtual &#8212; Coalici\u00f3n Americana de Inmigraci\u00f3n Empresarial","og_description":"[RECORDING] Indiana Dreamer se une a los l\u00edderes c\u00edvicos de Ag, Biz y Para Instar a los Senadores Young y Braun a apoyar las soluciones bipartidistas de inmigraci\u00f3n en la...","og_url":"https:\/\/abic.us\/es\/recording-indiana-dreamer-se-une-a-los-lideres-civicos-de-ag-biz-y-para-instar-a-los-senadores-young-y-braun-a-apoyar-las-soluciones-bipartidistas-de-inmigracion-en-la-cumbre-virtual\/","og_site_name":"Coalici\u00f3n Americana de Inmigraci\u00f3n Empresarial","article_publisher":"https:\/\/www.facebook.com\/AmericanBIC","article_published_time":"2021-06-16T15:08:13+00:00","article_modified_time":"2021-12-03T20:36:38+00:00","og_image":[{"url":"https:\/\/abic.imgix.net\/assets\/Untitled-design-1.png","type":"","width":"","height":""}],"author":"abic","twitter_card":"summary_large_image","twitter_creator":"@AmericanBIC","twitter_site":"@AmericanBIC","twitter_misc":{"Escrito por":"abic","Tiempo de lectura":"6 minutos"},"schema":{"@context":"https:\/\/schema.org","@graph":[{"@type":"Article","@id":"https:\/\/abic.us\/es\/recording-indiana-dreamer-se-une-a-los-lideres-civicos-de-ag-biz-y-para-instar-a-los-senadores-young-y-braun-a-apoyar-las-soluciones-bipartidistas-de-inmigracion-en-la-cumbre-virtual\/#article","isPartOf":{"@id":"https:\/\/abic.us\/es\/recording-indiana-dreamer-se-une-a-los-lideres-civicos-de-ag-biz-y-para-instar-a-los-senadores-young-y-braun-a-apoyar-las-soluciones-bipartidistas-de-inmigracion-en-la-cumbre-virtual\/"},"author":{"name":"abic","@id":"https:\/\/abic.us\/es\/#\/schema\/person\/58547098a0d3b973c110fd8a36f0e0bb"},"headline":"[RECORDING] Indiana Dreamer se une a los l\u00edderes c\u00edvicos de Ag, Biz y Para Instar a los Senadores Young y Braun a apoyar las soluciones bipartidistas de inmigraci\u00f3n en la Cumbre Virtual","datePublished":"2021-06-16T15:08:13+00:00","dateModified":"2021-12-03T20:36:38+00:00","mainEntityOfPage":{"@id":"https:\/\/abic.us\/es\/recording-indiana-dreamer-se-une-a-los-lideres-civicos-de-ag-biz-y-para-instar-a-los-senadores-young-y-braun-a-apoyar-las-soluciones-bipartidistas-de-inmigracion-en-la-cumbre-virtual\/"},"wordCount":1271,"publisher":{"@id":"https:\/\/abic.us\/es\/#organization"},"image":{"@id":"https:\/\/abic.us\/es\/recording-indiana-dreamer-se-une-a-los-lideres-civicos-de-ag-biz-y-para-instar-a-los-senadores-young-y-braun-a-apoyar-las-soluciones-bipartidistas-de-inmigracion-en-la-cumbre-virtual\/#primaryimage"},"thumbnailUrl":"https:\/\/abic.imgix.net\/assets\/Untitled-design-1.png","articleSection":["Sin categorizar"],"inLanguage":"es"},{"@type":"WebPage","@id":"https:\/\/abic.us\/es\/recording-indiana-dreamer-se-une-a-los-lideres-civicos-de-ag-biz-y-para-instar-a-los-senadores-young-y-braun-a-apoyar-las-soluciones-bipartidistas-de-inmigracion-en-la-cumbre-virtual\/","url":"https:\/\/abic.us\/es\/recording-indiana-dreamer-se-une-a-los-lideres-civicos-de-ag-biz-y-para-instar-a-los-senadores-young-y-braun-a-apoyar-las-soluciones-bipartidistas-de-inmigracion-en-la-cumbre-virtual\/","name":"[RECORDING] Indiana Dreamer se une a los l\u00edderes c\u00edvicos de Ag, Biz y Para Instar a los Senadores Young y Braun a apoyar las soluciones bipartidistas de inmigraci\u00f3n en la Cumbre Virtual &#8212; Coalici\u00f3n Americana de Inmigraci\u00f3n Empresarial","isPartOf":{"@id":"https:\/\/abic.us\/es\/#website"},"primaryImageOfPage":{"@id":"https:\/\/abic.us\/es\/recording-indiana-dreamer-se-une-a-los-lideres-civicos-de-ag-biz-y-para-instar-a-los-senadores-young-y-braun-a-apoyar-las-soluciones-bipartidistas-de-inmigracion-en-la-cumbre-virtual\/#primaryimage"},"image":{"@id":"https:\/\/abic.us\/es\/recording-indiana-dreamer-se-une-a-los-lideres-civicos-de-ag-biz-y-para-instar-a-los-senadores-young-y-braun-a-apoyar-las-soluciones-bipartidistas-de-inmigracion-en-la-cumbre-virtual\/#primaryimage"},"thumbnailUrl":"https:\/\/abic.imgix.net\/assets\/Untitled-design-1.png","datePublished":"2021-06-16T15:08:13+00:00","dateModified":"2021-12-03T20:36:38+00:00","breadcrumb":{"@id":"https:\/\/abic.us\/es\/recording-indiana-dreamer-se-une-a-los-lideres-civicos-de-ag-biz-y-para-instar-a-los-senadores-young-y-braun-a-apoyar-las-soluciones-bipartidistas-de-inmigracion-en-la-cumbre-virtual\/#breadcrumb"},"inLanguage":"es","potentialAction":[{"@type":"ReadAction","target":["https:\/\/abic.us\/es\/recording-indiana-dreamer-se-une-a-los-lideres-civicos-de-ag-biz-y-para-instar-a-los-senadores-young-y-braun-a-apoyar-las-soluciones-bipartidistas-de-inmigracion-en-la-cumbre-virtual\/"]}]},{"@type":"ImageObject","inLanguage":"es","@id":"https:\/\/abic.us\/es\/recording-indiana-dreamer-se-une-a-los-lideres-civicos-de-ag-biz-y-para-instar-a-los-senadores-young-y-braun-a-apoyar-las-soluciones-bipartidistas-de-inmigracion-en-la-cumbre-virtual\/#primaryimage","url":"https:\/\/abic.imgix.net\/assets\/Untitled-design-1.png","contentUrl":"https:\/\/abic.imgix.net\/assets\/Untitled-design-1.png"},{"@type":"BreadcrumbList","@id":"https:\/\/abic.us\/es\/recording-indiana-dreamer-se-une-a-los-lideres-civicos-de-ag-biz-y-para-instar-a-los-senadores-young-y-braun-a-apoyar-las-soluciones-bipartidistas-de-inmigracion-en-la-cumbre-virtual\/#breadcrumb","itemListElement":[{"@type":"ListItem","position":1,"name":"Hogar","item":"https:\/\/abic.us\/es\/"},{"@type":"ListItem","position":2,"name":"[RECORDING] Indiana Dreamer se une a los l\u00edderes c\u00edvicos de Ag, Biz y Para Instar a los Senadores Young y Braun a apoyar las soluciones bipartidistas de inmigraci\u00f3n en la Cumbre Virtual"}]},{"@type":"WebSite","@id":"https:\/\/abic.us\/es\/#website","url":"https:\/\/abic.us\/es\/","name":"Coalici\u00f3n Americana de Inmigraci\u00f3n Empresarial","description":"Juntos, promoveremos una reforma migratoria sensata que crezca empleos, fortalezca nuestra econom\u00eda y beneficie a todas las familias estadounidenses.","publisher":{"@id":"https:\/\/abic.us\/es\/#organization"},"potentialAction":[{"@type":"SearchAction","target":{"@type":"EntryPoint","urlTemplate":"https:\/\/abic.us\/es\/?s={search_term_string}"},"query-input":{"@type":"PropertyValueSpecification","valueRequired":true,"valueName":"search_term_string"}}],"inLanguage":"es"},{"@type":"Organization","@id":"https:\/\/abic.us\/es\/#organization","name":"American Business Immigration Coalition","url":"https:\/\/abic.us\/es\/","logo":{"@type":"ImageObject","inLanguage":"es","@id":"https:\/\/abic.us\/es\/#\/schema\/logo\/image\/","url":"https:\/\/abic.us\/wp-content\/uploads\/2021\/11\/ABIC-Logo.png","contentUrl":"https:\/\/abic.us\/wp-content\/uploads\/2021\/11\/ABIC-Logo.png","width":1000,"height":260,"caption":"American Business Immigration Coalition"},"image":{"@id":"https:\/\/abic.us\/es\/#\/schema\/logo\/image\/"},"sameAs":["https:\/\/www.facebook.com\/AmericanBIC","https:\/\/x.com\/AmericanBIC"]},{"@type":"Person","@id":"https:\/\/abic.us\/es\/#\/schema\/person\/58547098a0d3b973c110fd8a36f0e0bb","name":"abic","image":{"@type":"ImageObject","inLanguage":"es","@id":"https:\/\/abic.us\/es\/#\/schema\/person\/image\/","url":"https:\/\/secure.gravatar.com\/avatar\/4a2893b0ce0ce34781c1e0a9251ffe4322e67c4e95cdf48463d10701c3bd4c8e?s=96&d=mm&r=g","contentUrl":"https:\/\/secure.gravatar.com\/avatar\/4a2893b0ce0ce34781c1e0a9251ffe4322e67c4e95cdf48463d10701c3bd4c8e?s=96&d=mm&r=g","caption":"abic"},"sameAs":["https:\/\/abic.wpengine.com"]}]}},"_links":{"self":[{"href":"https:\/\/abic.us\/es\/wp-json\/wp\/v2\/posts\/34902","targetHints":{"allow":["GET"]}}],"collection":[{"href":"https:\/\/abic.us\/es\/wp-json\/wp\/v2\/posts"}],"about":[{"href":"https:\/\/abic.us\/es\/wp-json\/wp\/v2\/types\/post"}],"author":[{"embeddable":true,"href":"https:\/\/abic.us\/es\/wp-json\/wp\/v2\/users\/1"}],"replies":[{"embeddable":true,"href":"https:\/\/abic.us\/es\/wp-json\/wp\/v2\/comments?post=34902"}],"version-history":[{"count":0,"href":"https:\/\/abic.us\/es\/wp-json\/wp\/v2\/posts\/34902\/revisions"}],"wp:attachment":[{"href":"https:\/\/abic.us\/es\/wp-json\/wp\/v2\/media?parent=34902"}],"wp:term":[{"taxonomy":"category","embeddable":true,"href":"https:\/\/abic.us\/es\/wp-json\/wp\/v2\/categories?post=34902"},{"taxonomy":"post_tag","embeddable":true,"href":"https:\/\/abic.us\/es\/wp-json\/wp\/v2\/tags?post=34902"}],"curies":[{"name":"wp","href":"https:\/\/api.w.org\/{rel}","templated":true}]}}