{"id":34898,"date":"2021-08-11T11:30:18","date_gmt":"2021-08-11T11:30:18","guid":{"rendered":"https:\/\/abic.wpengine.com\/lideres-empresariales-republicanos-agricultores-y-trabajadores-esenciales-inician-la-reforma-migratoria-de-7-cifras-ahora-campana\/"},"modified":"2021-12-03T20:38:43","modified_gmt":"2021-12-03T20:38:43","slug":"lideres-empresariales-republicanos-agricultores-y-trabajadores-esenciales-inician-la-reforma-migratoria-de-7-cifras-ahora-campana","status":"publish","type":"post","link":"https:\/\/abic.us\/es\/lideres-empresariales-republicanos-agricultores-y-trabajadores-esenciales-inician-la-reforma-migratoria-de-7-cifras-ahora-campana\/","title":{"rendered":"\u00a1L\u00edderes empresariales republicanos, agricultores y trabajadores esenciales inician la REFORMA MIGRATORIA DE 7 CIFRAS AHORA! Campa\u00f1a"},"content":{"rendered":"\n<figure class=\"wp-block-image size-large\"><img loading=\"lazy\" decoding=\"async\" width=\"1900\" height=\"900\" src=\"https:\/\/abic.imgix.net\/assets\/IMMIGRATION-REFORM-NOW-PROMO-01-twitter.facebook.png\" alt=\"\" class=\"wp-image-31469\"\/><\/figure>\n<h2 class=\"wp-block-heading\"><strong><strong><strong>\u00a1L\u00edderes empresariales republicanos, agricultores y trabajadores esenciales inician la REFORMA MIGRATORIA DE 7 CIFRAS AHORA! Campa\u00f1a<\/strong><\/strong><\/strong><\/h2>\n\n<p><em>  Los miembros bipartidistas de ABIC intensificar\u00e1 la presi\u00f3n para que las soluciones de inmigraci\u00f3n se incluyan en el proyecto de ley de reconciliaci\u00f3n presupuestaria que se votar\u00e1 el pr\u00f3ximo mes<\/em><\/p>\n\n<p>WASHINGTON, D.C. &#8212; La Coalici\u00f3n Bipartidista de Inmigraci\u00f3n Empresarial Estadounidense (ABIC, por sus alrededores) y los defensores de la reforma migratoria que buscan la aprobaci\u00f3n del Congreso de las v\u00edas a la ciudadan\u00eda para los Dreamers, los trabajadores agr\u00edcolas, los titulares de TPS y los trabajadores esenciales anunciar\u00e1n una campa\u00f1a de 7 cifras de costa a costa durante una conferencia de prensa el viernes.<\/p>\n\n<p>El llamado de prensa se llevar\u00e1 a cabo a medida que crezca el impulso para la promulgaci\u00f3n de soluciones de inmigraci\u00f3n despu\u00e9s de la aprobaci\u00f3n del Senado de la resoluci\u00f3n presupuestaria que contiene las disposiciones buscadas por los l\u00edderes empresariales, agricultores y defensores de los derechos de los inmigrantes para brindar estabilidad a las vidas de los inmigrantes que buscan un estatus legal y a las empresas que los emplean. Se espera que la C\u00e1mara vote a finales de este mes sobre la resoluci\u00f3n presupuestaria. Luego, se llevar\u00e1n a cabo votaciones en septiembre en ambas c\u00e1maras sobre el proyecto de ley de reconciliaci\u00f3n presupuestaria que permitir\u00eda que los programas de ciudadan\u00eda avancen.<\/p>\n\n<p>A principios de esta semana, los l\u00edderes empresariales y pol\u00edticos republicanos enviaron una<a href=\"https:\/\/abic.us\/republican-business-and-civic-leaders-send-letter-to-president-biden-and-congressional-leaders-urging-inclusion-of-immigration-reforms-in-budget-reconciliation-2\/\"> carta<\/a> al presidente Biden y a los l\u00edderes del Congreso instando a una acci\u00f3n r\u00e1pida sobre las disposiciones de ciudadan\u00eda, incluso si el \u00fanico veh\u00edculo legislativo disponible es el proyecto de ley de reconciliaci\u00f3n presupuestaria, controlado en el Senado por el partido mayoritario.<\/p>\n\n<p><strong>Detalles de la conferencia de prensa:<\/strong><\/p>\n\n<p><strong>Qu\u00e9:<\/strong> <strong>\u00a1REFORMA MIGRATORIA AHORA! INICIO DE LA CAMPA\u00d1A<\/strong><\/p>\n\n<p><strong>Cuando:<\/strong> VIERNES, 13 de agosto, a las 11:00 AM Este<\/p>\n\n<p><strong>D\u00f3nde: V\u00eda ZOOM. Los medios de comunicaci\u00f3n pueden registrarse aqu\u00ed:  <\/strong> <a href=\"https:\/\/us06web.zoom.us\/j\/84544901630\">https:\/\/us06web.zoom.us\/j\/84544901630<\/a><\/p>\n\n<p><strong>Altavoces:<\/strong><\/p>\n\n<p>Bob Worsley, Copresidente, ABIC, Senador Estatal Republicano de Arizona &#8211; Retirado, Fundador de SkyMall, AZ<\/p>\n\n<p>Shay Myers, CEO, Owyhee Produce, ID &amp; OR  <\/p>\n\n<p>Monsi Contreras, emprendedora y propietaria de Dreamer, Vida Mia Boutique, TX<\/p>\n\n<p>Rony Ponthieux, enfermera haitiana de TPS, FL<\/p>\n\n<p>Irayda, propietaria de un negocio indocumentado, AZ  <\/p>\n\n<p>Nora Venegas, Directora Federal de Relaciones Gubernamentales, Tyson Foods<\/p>\n\n<p>Rebecca Shi, Directora Ejecutiva, American Business Immigration Coalition<\/p>\n\n<p><strong>ACERCA DE  <\/strong><\/p>\n\n<p>La<a href=\"https:\/\/abic.us\/\"> American Business Immigration Coalition<\/a> (ABIC) promueve una reforma migratoria de sentido com\u00fan que promueve la competitividad econ\u00f3mica, proporciona a las empresas tanto el talento altamente calificado como el poco calificado que necesitan, y permite la integraci\u00f3n de los inmigrantes en nuestra econom\u00eda como consumidores, trabajadores, empresarios y ciudadanos. ABIC est\u00e1 activo en estados y comunidades clave de todo el pa\u00eds involucrando a activistas, defensores, l\u00edderes empresariales y funcionarios electos sobre la urgencia de aprobar una reforma migratoria que impulse nuestra econom\u00eda, cree empleos, alivie la escasez de mano de obra y apoye a las familias.<\/p>\n\n<p>###<\/p>\n","protected":false},"excerpt":{"rendered":"<p>\u00a1L\u00edderes empresariales republicanos, agricultores y trabajadores esenciales inician la REFORMA MIGRATORIA DE 7 CIFRAS AHORA! Campa\u00f1a Los miembros bipartidistas de ABIC intensificar\u00e1 la presi\u00f3n para que las soluciones de inmigraci\u00f3n&#8230;<\/p>\n","protected":false},"author":1,"featured_media":34554,"comment_status":"closed","ping_status":"closed","sticky":false,"template":"","format":"standard","meta":{"footnotes":""},"categories":[63],"tags":[],"class_list":{"0":"post-34898","1":"post","2":"type-post","3":"status-publish","4":"format-standard","5":"has-post-thumbnail","7":"category-actualizaciones"},"yoast_head":"<!-- This site is optimized with the Yoast SEO plugin v26.9 - https:\/\/yoast.com\/product\/yoast-seo-wordpress\/ -->\n<title>\u00a1L\u00edderes empresariales republicanos, agricultores y trabajadores esenciales inician la REFORMA MIGRATORIA DE 7 CIFRAS AHORA! Campa\u00f1a &#8212; Coalici\u00f3n Americana de Inmigraci\u00f3n Empresarial<\/title>\n<meta name=\"robots\" content=\"index, follow, max-snippet:-1, max-image-preview:large, max-video-preview:-1\" \/>\n<link rel=\"canonical\" href=\"https:\/\/abic.us\/es\/lideres-empresariales-republicanos-agricultores-y-trabajadores-esenciales-inician-la-reforma-migratoria-de-7-cifras-ahora-campana\/\" \/>\n<meta property=\"og:locale\" content=\"es_ES\" \/>\n<meta property=\"og:type\" content=\"article\" \/>\n<meta property=\"og:title\" content=\"\u00a1L\u00edderes empresariales republicanos, agricultores y trabajadores esenciales inician la REFORMA MIGRATORIA DE 7 CIFRAS AHORA! Campa\u00f1a &#8212; Coalici\u00f3n Americana de Inmigraci\u00f3n Empresarial\" \/>\n<meta property=\"og:description\" content=\"\u00a1L\u00edderes empresariales republicanos, agricultores y trabajadores esenciales inician la REFORMA MIGRATORIA DE 7 CIFRAS AHORA! Campa\u00f1a Los miembros bipartidistas de ABIC intensificar\u00e1 la presi\u00f3n para que las soluciones de inmigraci\u00f3n...\" \/>\n<meta property=\"og:url\" content=\"https:\/\/abic.us\/es\/lideres-empresariales-republicanos-agricultores-y-trabajadores-esenciales-inician-la-reforma-migratoria-de-7-cifras-ahora-campana\/\" \/>\n<meta property=\"og:site_name\" content=\"Coalici\u00f3n Americana de Inmigraci\u00f3n Empresarial\" \/>\n<meta property=\"article:publisher\" content=\"https:\/\/www.facebook.com\/AmericanBIC\" \/>\n<meta property=\"article:published_time\" content=\"2021-08-11T11:30:18+00:00\" \/>\n<meta property=\"article:modified_time\" content=\"2021-12-03T20:38:43+00:00\" \/>\n<meta property=\"og:image\" content=\"https:\/\/abic.us\/wp-content\/uploads\/2021\/08\/ABIC-Meta.jpg\" \/>\n\t<meta property=\"og:image:width\" content=\"1200\" \/>\n\t<meta property=\"og:image:height\" content=\"630\" \/>\n\t<meta property=\"og:image:type\" content=\"image\/jpeg\" \/>\n<meta name=\"author\" content=\"abic\" \/>\n<meta name=\"twitter:card\" content=\"summary_large_image\" \/>\n<meta name=\"twitter:creator\" content=\"@AmericanBIC\" \/>\n<meta name=\"twitter:site\" content=\"@AmericanBIC\" \/>\n<meta name=\"twitter:label1\" content=\"Escrito por\" \/>\n\t<meta name=\"twitter:data1\" content=\"abic\" \/>\n\t<meta name=\"twitter:label2\" content=\"Tiempo de lectura\" \/>\n\t<meta name=\"twitter:data2\" content=\"3 minutos\" \/>\n<script type=\"application\/ld+json\" class=\"yoast-schema-graph\">{\"@context\":\"https:\/\/schema.org\",\"@graph\":[{\"@type\":\"Article\",\"@id\":\"https:\/\/abic.us\/es\/lideres-empresariales-republicanos-agricultores-y-trabajadores-esenciales-inician-la-reforma-migratoria-de-7-cifras-ahora-campana\/#article\",\"isPartOf\":{\"@id\":\"https:\/\/abic.us\/es\/lideres-empresariales-republicanos-agricultores-y-trabajadores-esenciales-inician-la-reforma-migratoria-de-7-cifras-ahora-campana\/\"},\"author\":{\"name\":\"abic\",\"@id\":\"https:\/\/abic.us\/es\/#\/schema\/person\/58547098a0d3b973c110fd8a36f0e0bb\"},\"headline\":\"\u00a1L\u00edderes empresariales republicanos, agricultores y trabajadores esenciales inician la REFORMA MIGRATORIA DE 7 CIFRAS AHORA! Campa\u00f1a\",\"datePublished\":\"2021-08-11T11:30:18+00:00\",\"dateModified\":\"2021-12-03T20:38:43+00:00\",\"mainEntityOfPage\":{\"@id\":\"https:\/\/abic.us\/es\/lideres-empresariales-republicanos-agricultores-y-trabajadores-esenciales-inician-la-reforma-migratoria-de-7-cifras-ahora-campana\/\"},\"wordCount\":542,\"publisher\":{\"@id\":\"https:\/\/abic.us\/es\/#organization\"},\"image\":{\"@id\":\"https:\/\/abic.us\/es\/lideres-empresariales-republicanos-agricultores-y-trabajadores-esenciales-inician-la-reforma-migratoria-de-7-cifras-ahora-campana\/#primaryimage\"},\"thumbnailUrl\":\"https:\/\/abic.us\/wp-content\/uploads\/2021\/08\/ABIC-Meta.jpg\",\"articleSection\":[\"Actualizaciones\"],\"inLanguage\":\"es\"},{\"@type\":\"WebPage\",\"@id\":\"https:\/\/abic.us\/es\/lideres-empresariales-republicanos-agricultores-y-trabajadores-esenciales-inician-la-reforma-migratoria-de-7-cifras-ahora-campana\/\",\"url\":\"https:\/\/abic.us\/es\/lideres-empresariales-republicanos-agricultores-y-trabajadores-esenciales-inician-la-reforma-migratoria-de-7-cifras-ahora-campana\/\",\"name\":\"\u00a1L\u00edderes empresariales republicanos, agricultores y trabajadores esenciales inician la REFORMA MIGRATORIA DE 7 CIFRAS AHORA! Campa\u00f1a &#8212; Coalici\u00f3n Americana de Inmigraci\u00f3n Empresarial\",\"isPartOf\":{\"@id\":\"https:\/\/abic.us\/es\/#website\"},\"primaryImageOfPage\":{\"@id\":\"https:\/\/abic.us\/es\/lideres-empresariales-republicanos-agricultores-y-trabajadores-esenciales-inician-la-reforma-migratoria-de-7-cifras-ahora-campana\/#primaryimage\"},\"image\":{\"@id\":\"https:\/\/abic.us\/es\/lideres-empresariales-republicanos-agricultores-y-trabajadores-esenciales-inician-la-reforma-migratoria-de-7-cifras-ahora-campana\/#primaryimage\"},\"thumbnailUrl\":\"https:\/\/abic.us\/wp-content\/uploads\/2021\/08\/ABIC-Meta.jpg\",\"datePublished\":\"2021-08-11T11:30:18+00:00\",\"dateModified\":\"2021-12-03T20:38:43+00:00\",\"breadcrumb\":{\"@id\":\"https:\/\/abic.us\/es\/lideres-empresariales-republicanos-agricultores-y-trabajadores-esenciales-inician-la-reforma-migratoria-de-7-cifras-ahora-campana\/#breadcrumb\"},\"inLanguage\":\"es\",\"potentialAction\":[{\"@type\":\"ReadAction\",\"target\":[\"https:\/\/abic.us\/es\/lideres-empresariales-republicanos-agricultores-y-trabajadores-esenciales-inician-la-reforma-migratoria-de-7-cifras-ahora-campana\/\"]}]},{\"@type\":\"ImageObject\",\"inLanguage\":\"es\",\"@id\":\"https:\/\/abic.us\/es\/lideres-empresariales-republicanos-agricultores-y-trabajadores-esenciales-inician-la-reforma-migratoria-de-7-cifras-ahora-campana\/#primaryimage\",\"url\":\"https:\/\/abic.us\/wp-content\/uploads\/2021\/08\/ABIC-Meta.jpg\",\"contentUrl\":\"https:\/\/abic.us\/wp-content\/uploads\/2021\/08\/ABIC-Meta.jpg\",\"width\":1200,\"height\":630,\"caption\":\"Metaimagen ABIC\"},{\"@type\":\"BreadcrumbList\",\"@id\":\"https:\/\/abic.us\/es\/lideres-empresariales-republicanos-agricultores-y-trabajadores-esenciales-inician-la-reforma-migratoria-de-7-cifras-ahora-campana\/#breadcrumb\",\"itemListElement\":[{\"@type\":\"ListItem\",\"position\":1,\"name\":\"Hogar\",\"item\":\"https:\/\/abic.us\/es\/\"},{\"@type\":\"ListItem\",\"position\":2,\"name\":\"\u00a1L\u00edderes empresariales republicanos, agricultores y trabajadores esenciales inician la REFORMA MIGRATORIA DE 7 CIFRAS AHORA! Campa\u00f1a\"}]},{\"@type\":\"WebSite\",\"@id\":\"https:\/\/abic.us\/es\/#website\",\"url\":\"https:\/\/abic.us\/es\/\",\"name\":\"Coalici\u00f3n Americana de Inmigraci\u00f3n Empresarial\",\"description\":\"Juntos, promoveremos una reforma migratoria sensata que crezca empleos, fortalezca nuestra econom\u00eda y beneficie a todas las familias estadounidenses.\",\"publisher\":{\"@id\":\"https:\/\/abic.us\/es\/#organization\"},\"potentialAction\":[{\"@type\":\"SearchAction\",\"target\":{\"@type\":\"EntryPoint\",\"urlTemplate\":\"https:\/\/abic.us\/es\/?s={search_term_string}\"},\"query-input\":{\"@type\":\"PropertyValueSpecification\",\"valueRequired\":true,\"valueName\":\"search_term_string\"}}],\"inLanguage\":\"es\"},{\"@type\":\"Organization\",\"@id\":\"https:\/\/abic.us\/es\/#organization\",\"name\":\"American Business Immigration Coalition\",\"url\":\"https:\/\/abic.us\/es\/\",\"logo\":{\"@type\":\"ImageObject\",\"inLanguage\":\"es\",\"@id\":\"https:\/\/abic.us\/es\/#\/schema\/logo\/image\/\",\"url\":\"https:\/\/abic.us\/wp-content\/uploads\/2021\/11\/ABIC-Logo.png\",\"contentUrl\":\"https:\/\/abic.us\/wp-content\/uploads\/2021\/11\/ABIC-Logo.png\",\"width\":1000,\"height\":260,\"caption\":\"American Business Immigration Coalition\"},\"image\":{\"@id\":\"https:\/\/abic.us\/es\/#\/schema\/logo\/image\/\"},\"sameAs\":[\"https:\/\/www.facebook.com\/AmericanBIC\",\"https:\/\/x.com\/AmericanBIC\"]},{\"@type\":\"Person\",\"@id\":\"https:\/\/abic.us\/es\/#\/schema\/person\/58547098a0d3b973c110fd8a36f0e0bb\",\"name\":\"abic\",\"image\":{\"@type\":\"ImageObject\",\"inLanguage\":\"es\",\"@id\":\"https:\/\/abic.us\/es\/#\/schema\/person\/image\/\",\"url\":\"https:\/\/secure.gravatar.com\/avatar\/4a2893b0ce0ce34781c1e0a9251ffe4322e67c4e95cdf48463d10701c3bd4c8e?s=96&d=mm&r=g\",\"contentUrl\":\"https:\/\/secure.gravatar.com\/avatar\/4a2893b0ce0ce34781c1e0a9251ffe4322e67c4e95cdf48463d10701c3bd4c8e?s=96&d=mm&r=g\",\"caption\":\"abic\"},\"sameAs\":[\"https:\/\/abic.wpengine.com\"]}]}<\/script>\n<!-- \/ Yoast SEO plugin. -->","yoast_head_json":{"title":"\u00a1L\u00edderes empresariales republicanos, agricultores y trabajadores esenciales inician la REFORMA MIGRATORIA DE 7 CIFRAS AHORA! Campa\u00f1a &#8212; Coalici\u00f3n Americana de Inmigraci\u00f3n Empresarial","robots":{"index":"index","follow":"follow","max-snippet":"max-snippet:-1","max-image-preview":"max-image-preview:large","max-video-preview":"max-video-preview:-1"},"canonical":"https:\/\/abic.us\/es\/lideres-empresariales-republicanos-agricultores-y-trabajadores-esenciales-inician-la-reforma-migratoria-de-7-cifras-ahora-campana\/","og_locale":"es_ES","og_type":"article","og_title":"\u00a1L\u00edderes empresariales republicanos, agricultores y trabajadores esenciales inician la REFORMA MIGRATORIA DE 7 CIFRAS AHORA! Campa\u00f1a &#8212; Coalici\u00f3n Americana de Inmigraci\u00f3n Empresarial","og_description":"\u00a1L\u00edderes empresariales republicanos, agricultores y trabajadores esenciales inician la REFORMA MIGRATORIA DE 7 CIFRAS AHORA! Campa\u00f1a Los miembros bipartidistas de ABIC intensificar\u00e1 la presi\u00f3n para que las soluciones de inmigraci\u00f3n...","og_url":"https:\/\/abic.us\/es\/lideres-empresariales-republicanos-agricultores-y-trabajadores-esenciales-inician-la-reforma-migratoria-de-7-cifras-ahora-campana\/","og_site_name":"Coalici\u00f3n Americana de Inmigraci\u00f3n Empresarial","article_publisher":"https:\/\/www.facebook.com\/AmericanBIC","article_published_time":"2021-08-11T11:30:18+00:00","article_modified_time":"2021-12-03T20:38:43+00:00","og_image":[{"width":1200,"height":630,"url":"https:\/\/abic.us\/wp-content\/uploads\/2021\/08\/ABIC-Meta.jpg","type":"image\/jpeg"}],"author":"abic","twitter_card":"summary_large_image","twitter_creator":"@AmericanBIC","twitter_site":"@AmericanBIC","twitter_misc":{"Escrito por":"abic","Tiempo de lectura":"3 minutos"},"schema":{"@context":"https:\/\/schema.org","@graph":[{"@type":"Article","@id":"https:\/\/abic.us\/es\/lideres-empresariales-republicanos-agricultores-y-trabajadores-esenciales-inician-la-reforma-migratoria-de-7-cifras-ahora-campana\/#article","isPartOf":{"@id":"https:\/\/abic.us\/es\/lideres-empresariales-republicanos-agricultores-y-trabajadores-esenciales-inician-la-reforma-migratoria-de-7-cifras-ahora-campana\/"},"author":{"name":"abic","@id":"https:\/\/abic.us\/es\/#\/schema\/person\/58547098a0d3b973c110fd8a36f0e0bb"},"headline":"\u00a1L\u00edderes empresariales republicanos, agricultores y trabajadores esenciales inician la REFORMA MIGRATORIA DE 7 CIFRAS AHORA! Campa\u00f1a","datePublished":"2021-08-11T11:30:18+00:00","dateModified":"2021-12-03T20:38:43+00:00","mainEntityOfPage":{"@id":"https:\/\/abic.us\/es\/lideres-empresariales-republicanos-agricultores-y-trabajadores-esenciales-inician-la-reforma-migratoria-de-7-cifras-ahora-campana\/"},"wordCount":542,"publisher":{"@id":"https:\/\/abic.us\/es\/#organization"},"image":{"@id":"https:\/\/abic.us\/es\/lideres-empresariales-republicanos-agricultores-y-trabajadores-esenciales-inician-la-reforma-migratoria-de-7-cifras-ahora-campana\/#primaryimage"},"thumbnailUrl":"https:\/\/abic.us\/wp-content\/uploads\/2021\/08\/ABIC-Meta.jpg","articleSection":["Actualizaciones"],"inLanguage":"es"},{"@type":"WebPage","@id":"https:\/\/abic.us\/es\/lideres-empresariales-republicanos-agricultores-y-trabajadores-esenciales-inician-la-reforma-migratoria-de-7-cifras-ahora-campana\/","url":"https:\/\/abic.us\/es\/lideres-empresariales-republicanos-agricultores-y-trabajadores-esenciales-inician-la-reforma-migratoria-de-7-cifras-ahora-campana\/","name":"\u00a1L\u00edderes empresariales republicanos, agricultores y trabajadores esenciales inician la REFORMA MIGRATORIA DE 7 CIFRAS AHORA! Campa\u00f1a &#8212; Coalici\u00f3n Americana de Inmigraci\u00f3n Empresarial","isPartOf":{"@id":"https:\/\/abic.us\/es\/#website"},"primaryImageOfPage":{"@id":"https:\/\/abic.us\/es\/lideres-empresariales-republicanos-agricultores-y-trabajadores-esenciales-inician-la-reforma-migratoria-de-7-cifras-ahora-campana\/#primaryimage"},"image":{"@id":"https:\/\/abic.us\/es\/lideres-empresariales-republicanos-agricultores-y-trabajadores-esenciales-inician-la-reforma-migratoria-de-7-cifras-ahora-campana\/#primaryimage"},"thumbnailUrl":"https:\/\/abic.us\/wp-content\/uploads\/2021\/08\/ABIC-Meta.jpg","datePublished":"2021-08-11T11:30:18+00:00","dateModified":"2021-12-03T20:38:43+00:00","breadcrumb":{"@id":"https:\/\/abic.us\/es\/lideres-empresariales-republicanos-agricultores-y-trabajadores-esenciales-inician-la-reforma-migratoria-de-7-cifras-ahora-campana\/#breadcrumb"},"inLanguage":"es","potentialAction":[{"@type":"ReadAction","target":["https:\/\/abic.us\/es\/lideres-empresariales-republicanos-agricultores-y-trabajadores-esenciales-inician-la-reforma-migratoria-de-7-cifras-ahora-campana\/"]}]},{"@type":"ImageObject","inLanguage":"es","@id":"https:\/\/abic.us\/es\/lideres-empresariales-republicanos-agricultores-y-trabajadores-esenciales-inician-la-reforma-migratoria-de-7-cifras-ahora-campana\/#primaryimage","url":"https:\/\/abic.us\/wp-content\/uploads\/2021\/08\/ABIC-Meta.jpg","contentUrl":"https:\/\/abic.us\/wp-content\/uploads\/2021\/08\/ABIC-Meta.jpg","width":1200,"height":630,"caption":"Metaimagen ABIC"},{"@type":"BreadcrumbList","@id":"https:\/\/abic.us\/es\/lideres-empresariales-republicanos-agricultores-y-trabajadores-esenciales-inician-la-reforma-migratoria-de-7-cifras-ahora-campana\/#breadcrumb","itemListElement":[{"@type":"ListItem","position":1,"name":"Hogar","item":"https:\/\/abic.us\/es\/"},{"@type":"ListItem","position":2,"name":"\u00a1L\u00edderes empresariales republicanos, agricultores y trabajadores esenciales inician la REFORMA MIGRATORIA DE 7 CIFRAS AHORA! Campa\u00f1a"}]},{"@type":"WebSite","@id":"https:\/\/abic.us\/es\/#website","url":"https:\/\/abic.us\/es\/","name":"Coalici\u00f3n Americana de Inmigraci\u00f3n Empresarial","description":"Juntos, promoveremos una reforma migratoria sensata que crezca empleos, fortalezca nuestra econom\u00eda y beneficie a todas las familias estadounidenses.","publisher":{"@id":"https:\/\/abic.us\/es\/#organization"},"potentialAction":[{"@type":"SearchAction","target":{"@type":"EntryPoint","urlTemplate":"https:\/\/abic.us\/es\/?s={search_term_string}"},"query-input":{"@type":"PropertyValueSpecification","valueRequired":true,"valueName":"search_term_string"}}],"inLanguage":"es"},{"@type":"Organization","@id":"https:\/\/abic.us\/es\/#organization","name":"American Business Immigration Coalition","url":"https:\/\/abic.us\/es\/","logo":{"@type":"ImageObject","inLanguage":"es","@id":"https:\/\/abic.us\/es\/#\/schema\/logo\/image\/","url":"https:\/\/abic.us\/wp-content\/uploads\/2021\/11\/ABIC-Logo.png","contentUrl":"https:\/\/abic.us\/wp-content\/uploads\/2021\/11\/ABIC-Logo.png","width":1000,"height":260,"caption":"American Business Immigration Coalition"},"image":{"@id":"https:\/\/abic.us\/es\/#\/schema\/logo\/image\/"},"sameAs":["https:\/\/www.facebook.com\/AmericanBIC","https:\/\/x.com\/AmericanBIC"]},{"@type":"Person","@id":"https:\/\/abic.us\/es\/#\/schema\/person\/58547098a0d3b973c110fd8a36f0e0bb","name":"abic","image":{"@type":"ImageObject","inLanguage":"es","@id":"https:\/\/abic.us\/es\/#\/schema\/person\/image\/","url":"https:\/\/secure.gravatar.com\/avatar\/4a2893b0ce0ce34781c1e0a9251ffe4322e67c4e95cdf48463d10701c3bd4c8e?s=96&d=mm&r=g","contentUrl":"https:\/\/secure.gravatar.com\/avatar\/4a2893b0ce0ce34781c1e0a9251ffe4322e67c4e95cdf48463d10701c3bd4c8e?s=96&d=mm&r=g","caption":"abic"},"sameAs":["https:\/\/abic.wpengine.com"]}]}},"_links":{"self":[{"href":"https:\/\/abic.us\/es\/wp-json\/wp\/v2\/posts\/34898","targetHints":{"allow":["GET"]}}],"collection":[{"href":"https:\/\/abic.us\/es\/wp-json\/wp\/v2\/posts"}],"about":[{"href":"https:\/\/abic.us\/es\/wp-json\/wp\/v2\/types\/post"}],"author":[{"embeddable":true,"href":"https:\/\/abic.us\/es\/wp-json\/wp\/v2\/users\/1"}],"replies":[{"embeddable":true,"href":"https:\/\/abic.us\/es\/wp-json\/wp\/v2\/comments?post=34898"}],"version-history":[{"count":0,"href":"https:\/\/abic.us\/es\/wp-json\/wp\/v2\/posts\/34898\/revisions"}],"wp:featuredmedia":[{"embeddable":true,"href":"https:\/\/abic.us\/es\/wp-json\/wp\/v2\/media\/34554"}],"wp:attachment":[{"href":"https:\/\/abic.us\/es\/wp-json\/wp\/v2\/media?parent=34898"}],"wp:term":[{"taxonomy":"category","embeddable":true,"href":"https:\/\/abic.us\/es\/wp-json\/wp\/v2\/categories?post=34898"},{"taxonomy":"post_tag","embeddable":true,"href":"https:\/\/abic.us\/es\/wp-json\/wp\/v2\/tags?post=34898"}],"curies":[{"name":"wp","href":"https:\/\/api.w.org\/{rel}","templated":true}]}}