{"id":34885,"date":"2021-08-25T15:23:53","date_gmt":"2021-08-25T15:23:53","guid":{"rendered":"https:\/\/abic.wpengine.com\/recording-despues-de-la-aprobacion-del-presupuesto-de-la-camara-de-representantes-los-lideres-empresariales-politicos-los-defensores-de-la-reforma-migratoria-y-las-personas-directamente-afectada\/"},"modified":"2021-12-03T20:50:17","modified_gmt":"2021-12-03T20:50:17","slug":"recording-despues-de-la-aprobacion-del-presupuesto-de-la-camara-de-representantes-los-lideres-empresariales-politicos-los-defensores-de-la-reforma-migratoria-y-las-personas-directamente-afectada","status":"publish","type":"post","link":"https:\/\/abic.us\/es\/recording-despues-de-la-aprobacion-del-presupuesto-de-la-camara-de-representantes-los-lideres-empresariales-politicos-los-defensores-de-la-reforma-migratoria-y-las-personas-directamente-afectada\/","title":{"rendered":"[RECORDING]  Despu\u00e9s de la aprobaci\u00f3n del presupuesto de la C\u00e1mara de Representantes, los l\u00edderes empresariales, pol\u00edticos, los defensores de la reforma migratoria y las personas directamente afectadas discuten los pr\u00f3ximos pasos para impulsar la reforma migratoria a trav\u00e9s de la reconciliaci\u00f3n presupuestaria"},"content":{"rendered":"\n<figure class=\"wp-block-image size-large\"><img decoding=\"async\" src=\"https:\/\/abic.imgix.net\/assets\/promo-immigration-reform.png\" alt=\"\" class=\"wp-image-31490\"\/><\/figure>\n<p><\/p>\n\n<h2 class=\"has-text-align-center wp-block-heading\">[<strong>GRABACI\u00d3N<\/strong>]<br\/><strong>Despu\u00e9s de la aprobaci\u00f3n del presupuesto de la C\u00e1mara de Representantes, los l\u00edderes empresariales, pol\u00edticos, los defensores de la reforma migratoria y las personas directamente afectadas discuten los pr\u00f3ximos pasos para impulsar la reforma migratoria a trav\u00e9s de la reconciliaci\u00f3n presupuestaria<\/strong><\/h2>\n\n<p><strong>Enlace a la grabaci\u00f3n de video aqu\u00ed: <a href=\"http:\/\/link.mediaoutreach.meltwater.com\/ls\/click?upn=pzpdy847t9dVsOg1sRJNGY2QB6gHc9zO7aOaVbmeC05Y7uMCOgpP-2BX78OcAFm8PeEj41aQr6fQJ-2B-2BZa0yBf-2FpvJ9pPr2jPjRiQ7lUV0bMIKwA-2FHxTOw-2FPVswe1g-2FXSZsskta916vpRhZ7YifMyL9aqWM3bjZEJeIdldaLyeRjK0RBhWOSwgmzzKlp-2FrABEKIF0uf0kxGqclSYCWw-2BKzSZOGbcHNFdycgpIkk3lCrMS2BsetrnFSTgZv0od38oUAnlUg3jwUNLzINKCvpwMjRvBT62zldgvzt26s5yxeHKLrkRoRvecwqcLFonpmwYAcQfjqM5h9E3PbSPFAHJKXnTHiOm4b2gaGgueHA5gzd8lXk93qpFiWvVu1B4iXvXkuQ7AwOGpcw8djTQP8vQHJ9v-2FaMm7vdjNQTBE-2Fe0-2Ff8yrAoiCkx86Ro3FOxnjuxbbOOMsmybGT-2Fx7TOati6TBfjEAr60xat9AP8GSkjI84erlkqCD-2BNwEELPzimgsVa04FgjsAoiDesFK-2F0CC66x2lDP7nyiYxlM-2B2tNlX-2BaB1zssqMJvPpVD4Ke-2Boryk0LJ2AfaGEjb9K3hArDO9OoRXBe-2FiLQIAKqJB0e7vHfsef16IAkVEjiuujh1nwshfclZs-2F6xhUB-2BoVE8X2ofy7iWRF3qaaYr2dMWpbzjmB3oIRZnBk8wkPwe-2BJE4LAmQOcXbNRa3DcKozmpuTx6ifQwsLHC9VbvM-2FSGznmKsq3wt8qTs0c-3DRCiE_xD3tL3-2Bvdz-2FT5JH0yjKKmKzNhHUToMyAkijgYUd6GxRFa3gOaQ9Koa46Xxd6XmMxheX-2FEvhg4zgoeDimorSHlpSDQawv1gBtv1cKLahdSvEOQySUzs7ZMA-2B07eKpIEKHK5RJVFIEej2iGdD90l1ye2odsny7WjOGgI-2BeQHCVbrm1VAfJEmIehPIO-2Bt2rC4Rqrpy7-2BmDcsYDw02mAhRsqBFIPE6lQ1DHQy8rCbeMeVjPT6OkQdcPfQmrAMissSpDl8Z1oy7p2hwy8znhuV4eW-2BpaWmU1q4Vzu9ou6DRfZMPouLX05Kb-2FTjuf9705xw7R19-2B3R7xRVyhCQQ9U6Yu2CwbDcccD9X1-2F6MkCte-2FhRB8P15d1P-2Fu8qL4sK5NvQhaCYdKfIBgPk-2ByWJZnuy1g5P9w-3D-3D\" target=\"_blank\" rel=\"noreferrer noopener\">https:\/\/youtu.be\/hzc0q06eH9I<\/a><\/strong><\/p>\n\n<p>WASHINGTON, D.C. &#8212; L\u00edderes pol\u00edticos y empresariales bipartidistas, defensores de la reforma migratoria e individuos directamente afectados dijeron durante una conferencia de prensa el mi\u00e9rcoles que el Congreso debe hacer lo correcto para todos los estadounidenses aprobando las reformas migratorias propuestas que traer\u00e1n dignidad a los inmigrantes y detendr\u00e1n la escasez de mano de obra que ha obstaculizado las empresas.<br\/><br\/>Durante la llamada, patrocinada por la Coalici\u00f3n Estadounidense de Inmigraci\u00f3n Empresarial (ABIC, por sus alrededores), los oradores se\u00f1alaron que si bien el grupo busc\u00f3 soluciones de inmigraci\u00f3n bipartidistas, el mejor y m\u00e1s inmediato veh\u00edculo legislativo para hacerlas es un proceso llamado reconciliaci\u00f3n, que permite que las reformas se aprueben en el paquete presupuestario por mayor\u00eda simple en la C\u00e1mara de Representantes y el Senado. ABIC ha montado una campa\u00f1a de siete cifras de Reforma Migratoria Ahora para incluir v\u00edas a la ciudadan\u00eda para los Dreamers, los trabajadores del Estatus de Protecci\u00f3n Temporal (TPS), los trabajadores esenciales y los trabajadores agr\u00edcolas en el proyecto de ley de reconciliaci\u00f3n programado para votaciones en el oto\u00f1o.<br\/><br\/>En la llamada estaba el representante estatal republicano de Carolina del Sur.  <strong>Neal Collins<\/strong>;  <strong>Bob Worsley,<\/strong>fundador de SkyMall y ex miembro republicano del Senado del Estado de Arizona y copresidente de ABIC;  <strong>Mar\u00eda Antonieta D\u00edaz,<\/strong>Presidenta de la Alianza Venezolano Americana y Fundadora y CEO de Global Business Solutions;  <strong>Monica Lazaro<\/strong>, Beneficiaria de DACA y Gerente de Programa, Dana FarberCancer Institute en Boston y  <strong>Rovika Rajkishun<\/strong>, Directora Adjunta de ABIC.<\/p>\n\n<p>\u00abEs hora de dejar de lado la pol\u00edtica y hacer lo correcto para nuestra econom\u00eda y para las familias\u00bb.  <strong>Rajkishun<\/strong> dijo: \u00abEsto es moralmente correcto y econ\u00f3micamente crucial y, para m\u00ed, es personal, como inmigrante anteriormente indocumentado y actualmente miembro de una familia extendida de estatus mixto, algunos de los cuales han estado viviendo y trabajando como miembros contribuyentes de nuestro pa\u00eds durante m\u00e1s de 30 a\u00f1os\u00bb.<\/p>\n\n<p>El parlamentario del Senado a\u00fan debe dictaminar si las disposiciones de inmigraci\u00f3n califican para su inclusi\u00f3n en la medida de reconciliaci\u00f3n. Sin embargo, ABIC y otros defensores sostienen que las disposiciones de inmigraci\u00f3n propuestas son apropiadas porque afectan los gastos e ingresos federales. La legalizaci\u00f3n y la ciudadan\u00eda impulsar\u00edan la actividad econ\u00f3mica en $ 121 mil millones al a\u00f1o, y los ingresos fiscales federales, estatales y locales aumentar\u00edan en<a href=\"http:\/\/link.mediaoutreach.meltwater.com\/ls\/click?upn=pzpdy847t9dVsOg1sRJNGY2QB6gHc9zO7aOaVbmeC05Y7uMCOgpP-2BX78OcAFm8PeEj41aQr6fQJ-2B-2BZa0yBf-2FpvJ9pPr2jPjRiQ7lUV0bMIJgQF0xrkCPUGSbyOK-2F-2F8VLGlVPP-2B1qwf6-2BBIz9aaygZnzJheA2QbgCVPqGWWyFB6kUNBBt4w0fLVgrnN-2B7HXz4YUlzIhYqzR-2FfUK-2F9Ndsmx7l4Vppa8kGBLccpyc6cnIFyzMg-2Fef7hiSXyf-2FIl6ZkpxD3DJDWDOxuZVmetal15DI2xoQibCvHHjONFH4-2FN28ChTk6PBBuB39vD8LekK-2FlORJIfoi-2F95jX2cytjqf-2FCc57p5EXhP1R7SBj5qI4S3WPUYb7wVrfoqv88SlcENXQZbtXOSKXeU7CxmcTGa4wtOiwFTfWKuXklfke0DK1wuynYevBH1wft129iulOA-2BfcgRiI7KISTe3XxfHxQiOardp1TpNkxFnMFos1w8IRxtqpF06FKaHEHMZNUozL2TnY9MP7KXSyK10oIalh30imFYoDdRF4OAF-2BiBObuJ5hxTKouVe5aVKi4OyOH-2BK0KEzFwW0c67NHc-2BAactvlLd512hoaXthLEuaTF6w-2B3RRKp3-2FxoF-2FsazLQ8Jvj-2FaDLMPX9bdHk-2B4ZSf2YSvD7jE4Bceyf8Uf7dU1T90C-2Fh-2FauU6CswXQSs4jmRMyACBleCkDQmpKA4gMwBMCpTM4A1VMhF-2FgM-2Bqpg4llLBhktIrB0PVPA-2BT5o-2BF87-2Fhrj44WFlGHzD5U9uH_xD3tL3-2Bvdz-2FT5JH0yjKKmKzNhHUToMyAkijgYUd6GxRFa3gOaQ9Koa46Xxd6XmMxheX-2FEvhg4zgoeDimorSHlpSDQawv1gBtv1cKLahdSvEOQySUzs7ZMA-2B07eKpIEKHK5RJVFIEej2iGdD90l1ye2odsny7WjOGgI-2BeQHCVbrm1VAfJEmIehPIO-2Bt2rC4Rqrpy7-2BmDcsYDw02mAhRsqBFIPE6lQ1DHQy8rCbeMeVjOFgFzzn0zXxxBhmfB-2FS6osJWI668XHMgevjJ-2F6eh-2Fu4saKU29q7MEDnX4nVsyHKJRDO-2FdqvxkgLmyi8zPtgT7-2B3N3IfYRqIBokjwyZs-2Bakj7WMJvsbzBh8Hhf3v7Iyyg4PARqOfHtN5eSMdSgqYosoYFk93FKQnK72IYPWqxfXjQ-3D-3D\" target=\"_blank\" rel=\"noreferrer noopener\"> $ 31 mil millones <\/a>cada a\u00f1o.<\/p>\n\n<p>Los defensores dijeron que si el parlamentario falla en contra de incluir la inmigraci\u00f3n, continuar\u00e1n presionando.<\/p>\n\n<p>\u00abNo nos daremos por vencidos\u00bb, respondi\u00f3 <strong>Worsley.<\/strong> \u00abLas necesidades de estas reformas son demasiado grandes, y los miembros del Congreso lo saben. Por lo tanto, trabajaremos con los miembros de ambos lados del pasillo para encontrar otro veh\u00edculo para esta legislaci\u00f3n. Saben que es lo correcto; s\u00f3lo tenemos que convencerlos de que tambi\u00e9n es lo pol\u00edticamente correcto. El pa\u00eds no estar\u00e1 mejor si no logramos una reforma inamigsa\u00bb.<\/p>\n\n<p><strong>Collins,<\/strong>el legislador estatal republicano de Carolina del Sur, describi\u00f3 a su condado como \u00abel condado m\u00e1s conservador en el estado m\u00e1s conservador de la naci\u00f3n\u00bb, pero sin embargo ha avanzado en iniciativas legislativas estatales que apoyan a los Dreamers. \u00abInsto a que (la inmigraci\u00f3n) sea un tema bipartidista. Pero para mis colegas conservadores y de ideas afines, este puede ser un mensaje ganador para los conservadores\u00bb, aconsej\u00f3 Collins.<\/p>\n\n<p><strong>Mar\u00eda Antonieta D\u00edaz<\/strong>, el Presidente de la Alianza Venezolana Americana y propietario de un negocio, dijo: \u00abConozco de primera mano la relevancia y el impacto de los inmigrantes como due\u00f1os de negocios y tambi\u00e9n como parte de nuestra fuerza laboral &#8230; Estos trabajadores son esenciales para el \u00e9xito de nuestros negocios. La reconciliaci\u00f3n es la mejor manera ahora de obtener una reforma migratoria y es fundamental para el crecimiento del PIB, la creaci\u00f3n de empleos y el aumento del piso salarial para todos los trabajadores estadounidenses\u00bb.<\/p>\n\n<p><strong>Monica Lazaro Davadi,<\/strong>la beneficiaria de DACA, dijo: \u00abInsto al Congreso a hacer de 2021 el a\u00f1o en que aprenemos soluciones de inmigraci\u00f3n de sentido com\u00fan que permitan a los beneficiarios de DACA, los titulares de TPS y los inmigrantes indocumentados dejar de vivir con miedo y liberar todo el potencial que tenemos para maximizar las contribuciones a esta econom\u00eda\u00bb.<\/p>\n\n<p><strong>Antecedentes:<\/strong> LA AMERICAN BUSINESS IMMIGRATION COALITION LANZA \u00abREFORMA MIGRATORIA AHORA: LA CUENTA REGRESIVA FINAL\u00bb DE<a href=\"http:\/\/link.mediaoutreach.meltwater.com\/ls\/click?upn=pzpdy847t9dVsOg1sRJNGY2QB6gHc9zO7aOaVbmeC05Y7uMCOgpP-2BX78OcAFm8PeEj41aQr6fQJ-2B-2BZa0yBf-2FpvJ9pPr2jPjRiQ7lUV0bMILfnZRqC4EXh-2Bm0Tl7YvYoNqZa-2BTIKQuQlVGI4wx40OnAzyt3Cbl7cm-2BF-2F5o1dcmyV2B9Kv3o-2F9Qgo-2FT5t1yNg-2Fu2EZxW5cOR9WbPNpxo4mwiwuoNM4XuWpoVTx15kTPPrUMSXHH3EMNPxVGWY1-2Fi8ch0V5hr130fuKSRbIaXF7nkXyI-2BXEWRv1-2F7amoIGTYDHsRG2IbYd649xR7n2RDJMbAi92Atwhyi89m1JQM9Eff7bPVwDKuvDpPJrV0D6VtzOKQBKsVtX7l6j9bZOUM0o4LsVFEd3J0U-2Bh1qZwUnO0uGIrlf-2FH-2Fp3-2BzsM24tMxaoAIvUAMVnHxyOTVRnY5QWcrblzKH-2F3phPJ5RDxf-2BM8jJZeqRSS8vHWUkfMiHGoILUdyZN5EFJ-2Bax-2FIccXd-2F45PaoypJ2CcAdP-2Ff5cZugm7X4dZAK-2FQb9T4-2Fq3z5m0b25g3G-2F66GJtmOwNdHr4Y7ZN-2BJJyP-2Fjj68IluJAeYw-2BDl-2BZSIt6kr5NFcr3sBHu-2Fm9-2B3ZnxJ-2BvPnpH3GLHOK-2F9cCCqR8e-2F94RWTsUwgwgohgFzJEjEIFM-2Flr9tMxblQMNsc8LiukdNktrZJl5rqXzItO31QRXEB4bshLrgSCs-2BV8hYdlB5KWXrLQwKqk-2BdteSOiY1xa3wa-2FEFdK1LE6GJY9fGWjPalcqX-2Bajb7CV98DykghtylVaR-2FF-2BWvXp4fRQMhqq6N4XkM0r6w-2FLg7J7EssXp6B-2B4Gkzqf9KVJOF8U8TR0bHl8h3mrPOH2lK9bKZ9X0IeddWf5GH3jlOc6x-2FJboC0s-2BbZ4QLnrJzRJArHPqxqFTpROQ-2BAFU3X41zg9382S3UzrkFxQo0Q8Ef5NvpoRCp62Yfg4MHZdQ1-2BEtrTM17oJ0NdK2R29wpS-2B-2FZAzZiwU9x2juHXog7rj5sDtrTWtW1RQmqJwXEHInh392ed-2F-2BJg16CE3Wnd93dQkFQWLMSHhkH8-3DW-HJ_xD3tL3-2Bvdz-2FT5JH0yjKKmKzNhHUToMyAkijgYUd6GxRFa3gOaQ9Koa46Xxd6XmMxheX-2FEvhg4zgoeDimorSHlpSDQawv1gBtv1cKLahdSvEOQySUzs7ZMA-2B07eKpIEKHK5RJVFIEej2iGdD90l1ye2odsny7WjOGgI-2BeQHCVbrm1VAfJEmIehPIO-2Bt2rC4Rqrpy7-2BmDcsYDw02mAhRsqBFIPE6lQ1DHQy8rCbeMeVjM78I1ga30t1r5pZKNEhxnxeYUiH19XYiEm8IJy4DgiUht-2FqkRN3fP-2FgNqv92wSrYewqhdXeN2DExAV7FVOn8jAvThu7UdJdJB4-2BKuwDEOZ-2BeYLuVVnAxHqpnxT5FnUKEsw4AmgtrvljVpRRR-2BQfr9sHXyBfopYGj6DRkGlIjaaWA-3D-3D\" target=\"_blank\" rel=\"noreferrer noopener\"> 7 CIFRAS<\/a><\/p>\n\n<p><strong>ACERCA DE  <\/strong><\/p>\n\n<p>La<a href=\"http:\/\/link.mediaoutreach.meltwater.com\/ls\/click?upn=pzpdy847t9dVsOg1sRJNGY2QB6gHc9zO7aOaVbmeC05Y7uMCOgpP-2BX78OcAFm8PeEj41aQr6fQJ-2B-2BZa0yBf-2FpvJ9pPr2jPjRiQ7lUV0bMIL859Crt62-2FCCoXKhkuEU1RHzB5fYcBMKm55ePJGAv6VzRfuDMNPIYW54tbql2GeuHP3uN8aodaDFw-2B5qZfKUY2hKQQQasoMS8WVZq-2FYeS2ElOKjZ22f1jWKWofZtJ4fV8K029z-2Fwud8O2wTfEE3xKeHm-2FVAnO406uAjvjBUv8XOmwsvi0P5EuFKqIKD4zwW8ioLQzo-2Bjoc-2FOyeotf09WDt1Hk3IY8QrP5vKRbD2hOdG-2BYxQIb4uvzkeBIdS3Jq0F7Ttid7VAGhSOuYcxRcx8AiLPqJxTWAx-2Bndr2-2BO1Nv3ZkClxyzxnuI2g53FUytkp5chv5BUjesZkFtlhl3kSG04V1VQbYjUfuT0XthmE6JBeCVMGt3s8AlpMA-2FpItIPKEoBv1WizFzm-2FiCIgzVAbmyPOHNMTGd0qfOhd2R-2BM-2Bs0Iv3lDSkvotT2IQZSxxcEOBByXNoHRXJzC9uIj1FK0SMyeeEHtT1iPX1y0jZMQIch-2BpoeCR-2FRJAPIMZYipymEMQZ9a9i6uMhE-2B9nzPwZ6dCgPCD-2FLbwfz7HFbF04rgTZ-2BHaslKuk0MP7hkRrRnODcCVSCAaUZK-2B46E3gARhHpx3uqS7KG_xD3tL3-2Bvdz-2FT5JH0yjKKmKzNhHUToMyAkijgYUd6GxRFa3gOaQ9Koa46Xxd6XmMxheX-2FEvhg4zgoeDimorSHlpSDQawv1gBtv1cKLahdSvEOQySUzs7ZMA-2B07eKpIEKHK5RJVFIEej2iGdD90l1ye2odsny7WjOGgI-2BeQHCVbrm1VAfJEmIehPIO-2Bt2rC4Rqrpy7-2BmDcsYDw02mAhRsqBFIPE6lQ1DHQy8rCbeMeVjNquvpxFLHEmif1-2F0kHmiuVFVyj0eae2-2F0HtBVLhtZP7ToPddqvNuSanbcSq2Z4fXOUkeK28eb29zdwqEnJ7OOhlgYmlgvo87u6pggi-2BWH6jCEvMeQtWyDqdT1FkGHH3nZS-2B8j-2FkcPpRQUiu4uRgkhr0dr2mAygbWxBbSpREZD4Qw-3D-3D\" target=\"_blank\" rel=\"noreferrer noopener\"> American Business Immigration Coalition<\/a> (ABIC) promueve una reforma migratoria de sentido com\u00fan que promueve la competitividad econ\u00f3mica, proporciona a las empresas tanto el talento altamente calificado como el poco calificado que necesitan, y permite la integraci\u00f3n de los inmigrantes en nuestra econom\u00eda como consumidores, trabajadores, empresarios y ciudadanos. ABIC est\u00e1 activo en estados y comunidades clave de todo el pa\u00eds involucrando a activistas, defensores, l\u00edderes empresariales y funcionarios electos sobre la urgencia de aprobar una reforma migratoria que impulse nuestra econom\u00eda, cree empleos, alivie la escasez de mano de obra y apoye a las familias.<\/p>\n\n<p>###<\/p>\n","protected":false},"excerpt":{"rendered":"<p>[GRABACI\u00d3N]Despu\u00e9s de la aprobaci\u00f3n del presupuesto de la C\u00e1mara de Representantes, los l\u00edderes empresariales, pol\u00edticos, los defensores de la reforma migratoria y las personas directamente afectadas discuten los pr\u00f3ximos pasos&#8230;<\/p>\n","protected":false},"author":1,"featured_media":0,"comment_status":"closed","ping_status":"closed","sticky":false,"template":"","format":"standard","meta":{"footnotes":""},"categories":[63],"tags":[],"class_list":{"0":"post-34885","1":"post","2":"type-post","3":"status-publish","4":"format-standard","6":"category-actualizaciones"},"yoast_head":"<!-- This site is optimized with the Yoast SEO plugin v26.9 - https:\/\/yoast.com\/product\/yoast-seo-wordpress\/ -->\n<title>[RECORDING] Despu\u00e9s de la aprobaci\u00f3n del presupuesto de la C\u00e1mara de Representantes, los l\u00edderes empresariales, pol\u00edticos, los defensores de la reforma migratoria y las personas directamente afectadas discuten los pr\u00f3ximos pasos para impulsar la reforma migratoria a trav\u00e9s de la reconciliaci\u00f3n presupuestaria &#8212; Coalici\u00f3n Americana de Inmigraci\u00f3n Empresarial<\/title>\n<meta name=\"robots\" content=\"index, follow, max-snippet:-1, max-image-preview:large, max-video-preview:-1\" \/>\n<link rel=\"canonical\" href=\"https:\/\/abic.us\/es\/recording-despues-de-la-aprobacion-del-presupuesto-de-la-camara-de-representantes-los-lideres-empresariales-politicos-los-defensores-de-la-reforma-migratoria-y-las-personas-directamente-afectada\/\" \/>\n<meta property=\"og:locale\" content=\"es_ES\" \/>\n<meta property=\"og:type\" content=\"article\" \/>\n<meta property=\"og:title\" content=\"[RECORDING] Despu\u00e9s de la aprobaci\u00f3n del presupuesto de la C\u00e1mara de Representantes, los l\u00edderes empresariales, pol\u00edticos, los defensores de la reforma migratoria y las personas directamente afectadas discuten los pr\u00f3ximos pasos para impulsar la reforma migratoria a trav\u00e9s de la reconciliaci\u00f3n presupuestaria &#8212; Coalici\u00f3n Americana de Inmigraci\u00f3n Empresarial\" \/>\n<meta property=\"og:description\" content=\"[GRABACI\u00d3N]Despu\u00e9s de la aprobaci\u00f3n del presupuesto de la C\u00e1mara de Representantes, los l\u00edderes empresariales, pol\u00edticos, los defensores de la reforma migratoria y las personas directamente afectadas discuten los pr\u00f3ximos pasos...\" \/>\n<meta property=\"og:url\" content=\"https:\/\/abic.us\/es\/recording-despues-de-la-aprobacion-del-presupuesto-de-la-camara-de-representantes-los-lideres-empresariales-politicos-los-defensores-de-la-reforma-migratoria-y-las-personas-directamente-afectada\/\" \/>\n<meta property=\"og:site_name\" content=\"Coalici\u00f3n Americana de Inmigraci\u00f3n Empresarial\" \/>\n<meta property=\"article:publisher\" content=\"https:\/\/www.facebook.com\/AmericanBIC\" \/>\n<meta property=\"article:published_time\" content=\"2021-08-25T15:23:53+00:00\" \/>\n<meta property=\"article:modified_time\" content=\"2021-12-03T20:50:17+00:00\" \/>\n<meta property=\"og:image\" content=\"https:\/\/abic.imgix.net\/assets\/promo-immigration-reform.png\" \/>\n<meta name=\"author\" content=\"abic\" \/>\n<meta name=\"twitter:card\" content=\"summary_large_image\" \/>\n<meta name=\"twitter:creator\" content=\"@AmericanBIC\" \/>\n<meta name=\"twitter:site\" content=\"@AmericanBIC\" \/>\n<meta name=\"twitter:label1\" content=\"Escrito por\" \/>\n\t<meta name=\"twitter:data1\" content=\"abic\" \/>\n\t<meta name=\"twitter:label2\" content=\"Tiempo de lectura\" \/>\n\t<meta name=\"twitter:data2\" content=\"5 minutos\" \/>\n<script type=\"application\/ld+json\" class=\"yoast-schema-graph\">{\"@context\":\"https:\/\/schema.org\",\"@graph\":[{\"@type\":\"Article\",\"@id\":\"https:\/\/abic.us\/es\/recording-despues-de-la-aprobacion-del-presupuesto-de-la-camara-de-representantes-los-lideres-empresariales-politicos-los-defensores-de-la-reforma-migratoria-y-las-personas-directamente-afectada\/#article\",\"isPartOf\":{\"@id\":\"https:\/\/abic.us\/es\/recording-despues-de-la-aprobacion-del-presupuesto-de-la-camara-de-representantes-los-lideres-empresariales-politicos-los-defensores-de-la-reforma-migratoria-y-las-personas-directamente-afectada\/\"},\"author\":{\"name\":\"abic\",\"@id\":\"https:\/\/abic.us\/es\/#\/schema\/person\/58547098a0d3b973c110fd8a36f0e0bb\"},\"headline\":\"[RECORDING] Despu\u00e9s de la aprobaci\u00f3n del presupuesto de la C\u00e1mara de Representantes, los l\u00edderes empresariales, pol\u00edticos, los defensores de la reforma migratoria y las personas directamente afectadas discuten los pr\u00f3ximos pasos para impulsar la reforma migratoria a trav\u00e9s de la reconciliaci\u00f3n presupuestaria\",\"datePublished\":\"2021-08-25T15:23:53+00:00\",\"dateModified\":\"2021-12-03T20:50:17+00:00\",\"mainEntityOfPage\":{\"@id\":\"https:\/\/abic.us\/es\/recording-despues-de-la-aprobacion-del-presupuesto-de-la-camara-de-representantes-los-lideres-empresariales-politicos-los-defensores-de-la-reforma-migratoria-y-las-personas-directamente-afectada\/\"},\"wordCount\":979,\"publisher\":{\"@id\":\"https:\/\/abic.us\/es\/#organization\"},\"image\":{\"@id\":\"https:\/\/abic.us\/es\/recording-despues-de-la-aprobacion-del-presupuesto-de-la-camara-de-representantes-los-lideres-empresariales-politicos-los-defensores-de-la-reforma-migratoria-y-las-personas-directamente-afectada\/#primaryimage\"},\"thumbnailUrl\":\"https:\/\/abic.imgix.net\/assets\/promo-immigration-reform.png\",\"articleSection\":[\"Actualizaciones\"],\"inLanguage\":\"es\"},{\"@type\":\"WebPage\",\"@id\":\"https:\/\/abic.us\/es\/recording-despues-de-la-aprobacion-del-presupuesto-de-la-camara-de-representantes-los-lideres-empresariales-politicos-los-defensores-de-la-reforma-migratoria-y-las-personas-directamente-afectada\/\",\"url\":\"https:\/\/abic.us\/es\/recording-despues-de-la-aprobacion-del-presupuesto-de-la-camara-de-representantes-los-lideres-empresariales-politicos-los-defensores-de-la-reforma-migratoria-y-las-personas-directamente-afectada\/\",\"name\":\"[RECORDING] Despu\u00e9s de la aprobaci\u00f3n del presupuesto de la C\u00e1mara de Representantes, los l\u00edderes empresariales, pol\u00edticos, los defensores de la reforma migratoria y las personas directamente afectadas discuten los pr\u00f3ximos pasos para impulsar la reforma migratoria a trav\u00e9s de la reconciliaci\u00f3n presupuestaria &#8212; Coalici\u00f3n Americana de Inmigraci\u00f3n Empresarial\",\"isPartOf\":{\"@id\":\"https:\/\/abic.us\/es\/#website\"},\"primaryImageOfPage\":{\"@id\":\"https:\/\/abic.us\/es\/recording-despues-de-la-aprobacion-del-presupuesto-de-la-camara-de-representantes-los-lideres-empresariales-politicos-los-defensores-de-la-reforma-migratoria-y-las-personas-directamente-afectada\/#primaryimage\"},\"image\":{\"@id\":\"https:\/\/abic.us\/es\/recording-despues-de-la-aprobacion-del-presupuesto-de-la-camara-de-representantes-los-lideres-empresariales-politicos-los-defensores-de-la-reforma-migratoria-y-las-personas-directamente-afectada\/#primaryimage\"},\"thumbnailUrl\":\"https:\/\/abic.imgix.net\/assets\/promo-immigration-reform.png\",\"datePublished\":\"2021-08-25T15:23:53+00:00\",\"dateModified\":\"2021-12-03T20:50:17+00:00\",\"breadcrumb\":{\"@id\":\"https:\/\/abic.us\/es\/recording-despues-de-la-aprobacion-del-presupuesto-de-la-camara-de-representantes-los-lideres-empresariales-politicos-los-defensores-de-la-reforma-migratoria-y-las-personas-directamente-afectada\/#breadcrumb\"},\"inLanguage\":\"es\",\"potentialAction\":[{\"@type\":\"ReadAction\",\"target\":[\"https:\/\/abic.us\/es\/recording-despues-de-la-aprobacion-del-presupuesto-de-la-camara-de-representantes-los-lideres-empresariales-politicos-los-defensores-de-la-reforma-migratoria-y-las-personas-directamente-afectada\/\"]}]},{\"@type\":\"ImageObject\",\"inLanguage\":\"es\",\"@id\":\"https:\/\/abic.us\/es\/recording-despues-de-la-aprobacion-del-presupuesto-de-la-camara-de-representantes-los-lideres-empresariales-politicos-los-defensores-de-la-reforma-migratoria-y-las-personas-directamente-afectada\/#primaryimage\",\"url\":\"https:\/\/abic.imgix.net\/assets\/promo-immigration-reform.png\",\"contentUrl\":\"https:\/\/abic.imgix.net\/assets\/promo-immigration-reform.png\"},{\"@type\":\"BreadcrumbList\",\"@id\":\"https:\/\/abic.us\/es\/recording-despues-de-la-aprobacion-del-presupuesto-de-la-camara-de-representantes-los-lideres-empresariales-politicos-los-defensores-de-la-reforma-migratoria-y-las-personas-directamente-afectada\/#breadcrumb\",\"itemListElement\":[{\"@type\":\"ListItem\",\"position\":1,\"name\":\"Hogar\",\"item\":\"https:\/\/abic.us\/es\/\"},{\"@type\":\"ListItem\",\"position\":2,\"name\":\"[RECORDING] Despu\u00e9s de la aprobaci\u00f3n del presupuesto de la C\u00e1mara de Representantes, los l\u00edderes empresariales, pol\u00edticos, los defensores de la reforma migratoria y las personas directamente afectadas discuten los pr\u00f3ximos pasos para impulsar la reforma migratoria a trav\u00e9s de la reconciliaci\u00f3n presupuestaria\"}]},{\"@type\":\"WebSite\",\"@id\":\"https:\/\/abic.us\/es\/#website\",\"url\":\"https:\/\/abic.us\/es\/\",\"name\":\"Coalici\u00f3n Americana de Inmigraci\u00f3n Empresarial\",\"description\":\"Juntos, promoveremos una reforma migratoria sensata que crezca empleos, fortalezca nuestra econom\u00eda y beneficie a todas las familias estadounidenses.\",\"publisher\":{\"@id\":\"https:\/\/abic.us\/es\/#organization\"},\"potentialAction\":[{\"@type\":\"SearchAction\",\"target\":{\"@type\":\"EntryPoint\",\"urlTemplate\":\"https:\/\/abic.us\/es\/?s={search_term_string}\"},\"query-input\":{\"@type\":\"PropertyValueSpecification\",\"valueRequired\":true,\"valueName\":\"search_term_string\"}}],\"inLanguage\":\"es\"},{\"@type\":\"Organization\",\"@id\":\"https:\/\/abic.us\/es\/#organization\",\"name\":\"American Business Immigration Coalition\",\"url\":\"https:\/\/abic.us\/es\/\",\"logo\":{\"@type\":\"ImageObject\",\"inLanguage\":\"es\",\"@id\":\"https:\/\/abic.us\/es\/#\/schema\/logo\/image\/\",\"url\":\"https:\/\/abic.us\/wp-content\/uploads\/2021\/11\/ABIC-Logo.png\",\"contentUrl\":\"https:\/\/abic.us\/wp-content\/uploads\/2021\/11\/ABIC-Logo.png\",\"width\":1000,\"height\":260,\"caption\":\"American Business Immigration Coalition\"},\"image\":{\"@id\":\"https:\/\/abic.us\/es\/#\/schema\/logo\/image\/\"},\"sameAs\":[\"https:\/\/www.facebook.com\/AmericanBIC\",\"https:\/\/x.com\/AmericanBIC\"]},{\"@type\":\"Person\",\"@id\":\"https:\/\/abic.us\/es\/#\/schema\/person\/58547098a0d3b973c110fd8a36f0e0bb\",\"name\":\"abic\",\"image\":{\"@type\":\"ImageObject\",\"inLanguage\":\"es\",\"@id\":\"https:\/\/abic.us\/es\/#\/schema\/person\/image\/\",\"url\":\"https:\/\/secure.gravatar.com\/avatar\/4a2893b0ce0ce34781c1e0a9251ffe4322e67c4e95cdf48463d10701c3bd4c8e?s=96&d=mm&r=g\",\"contentUrl\":\"https:\/\/secure.gravatar.com\/avatar\/4a2893b0ce0ce34781c1e0a9251ffe4322e67c4e95cdf48463d10701c3bd4c8e?s=96&d=mm&r=g\",\"caption\":\"abic\"},\"sameAs\":[\"https:\/\/abic.wpengine.com\"]}]}<\/script>\n<!-- \/ Yoast SEO plugin. -->","yoast_head_json":{"title":"[RECORDING] Despu\u00e9s de la aprobaci\u00f3n del presupuesto de la C\u00e1mara de Representantes, los l\u00edderes empresariales, pol\u00edticos, los defensores de la reforma migratoria y las personas directamente afectadas discuten los pr\u00f3ximos pasos para impulsar la reforma migratoria a trav\u00e9s de la reconciliaci\u00f3n presupuestaria &#8212; Coalici\u00f3n Americana de Inmigraci\u00f3n Empresarial","robots":{"index":"index","follow":"follow","max-snippet":"max-snippet:-1","max-image-preview":"max-image-preview:large","max-video-preview":"max-video-preview:-1"},"canonical":"https:\/\/abic.us\/es\/recording-despues-de-la-aprobacion-del-presupuesto-de-la-camara-de-representantes-los-lideres-empresariales-politicos-los-defensores-de-la-reforma-migratoria-y-las-personas-directamente-afectada\/","og_locale":"es_ES","og_type":"article","og_title":"[RECORDING] Despu\u00e9s de la aprobaci\u00f3n del presupuesto de la C\u00e1mara de Representantes, los l\u00edderes empresariales, pol\u00edticos, los defensores de la reforma migratoria y las personas directamente afectadas discuten los pr\u00f3ximos pasos para impulsar la reforma migratoria a trav\u00e9s de la reconciliaci\u00f3n presupuestaria &#8212; Coalici\u00f3n Americana de Inmigraci\u00f3n Empresarial","og_description":"[GRABACI\u00d3N]Despu\u00e9s de la aprobaci\u00f3n del presupuesto de la C\u00e1mara de Representantes, los l\u00edderes empresariales, pol\u00edticos, los defensores de la reforma migratoria y las personas directamente afectadas discuten los pr\u00f3ximos pasos...","og_url":"https:\/\/abic.us\/es\/recording-despues-de-la-aprobacion-del-presupuesto-de-la-camara-de-representantes-los-lideres-empresariales-politicos-los-defensores-de-la-reforma-migratoria-y-las-personas-directamente-afectada\/","og_site_name":"Coalici\u00f3n Americana de Inmigraci\u00f3n Empresarial","article_publisher":"https:\/\/www.facebook.com\/AmericanBIC","article_published_time":"2021-08-25T15:23:53+00:00","article_modified_time":"2021-12-03T20:50:17+00:00","og_image":[{"url":"https:\/\/abic.imgix.net\/assets\/promo-immigration-reform.png","type":"","width":"","height":""}],"author":"abic","twitter_card":"summary_large_image","twitter_creator":"@AmericanBIC","twitter_site":"@AmericanBIC","twitter_misc":{"Escrito por":"abic","Tiempo de lectura":"5 minutos"},"schema":{"@context":"https:\/\/schema.org","@graph":[{"@type":"Article","@id":"https:\/\/abic.us\/es\/recording-despues-de-la-aprobacion-del-presupuesto-de-la-camara-de-representantes-los-lideres-empresariales-politicos-los-defensores-de-la-reforma-migratoria-y-las-personas-directamente-afectada\/#article","isPartOf":{"@id":"https:\/\/abic.us\/es\/recording-despues-de-la-aprobacion-del-presupuesto-de-la-camara-de-representantes-los-lideres-empresariales-politicos-los-defensores-de-la-reforma-migratoria-y-las-personas-directamente-afectada\/"},"author":{"name":"abic","@id":"https:\/\/abic.us\/es\/#\/schema\/person\/58547098a0d3b973c110fd8a36f0e0bb"},"headline":"[RECORDING] Despu\u00e9s de la aprobaci\u00f3n del presupuesto de la C\u00e1mara de Representantes, los l\u00edderes empresariales, pol\u00edticos, los defensores de la reforma migratoria y las personas directamente afectadas discuten los pr\u00f3ximos pasos para impulsar la reforma migratoria a trav\u00e9s de la reconciliaci\u00f3n presupuestaria","datePublished":"2021-08-25T15:23:53+00:00","dateModified":"2021-12-03T20:50:17+00:00","mainEntityOfPage":{"@id":"https:\/\/abic.us\/es\/recording-despues-de-la-aprobacion-del-presupuesto-de-la-camara-de-representantes-los-lideres-empresariales-politicos-los-defensores-de-la-reforma-migratoria-y-las-personas-directamente-afectada\/"},"wordCount":979,"publisher":{"@id":"https:\/\/abic.us\/es\/#organization"},"image":{"@id":"https:\/\/abic.us\/es\/recording-despues-de-la-aprobacion-del-presupuesto-de-la-camara-de-representantes-los-lideres-empresariales-politicos-los-defensores-de-la-reforma-migratoria-y-las-personas-directamente-afectada\/#primaryimage"},"thumbnailUrl":"https:\/\/abic.imgix.net\/assets\/promo-immigration-reform.png","articleSection":["Actualizaciones"],"inLanguage":"es"},{"@type":"WebPage","@id":"https:\/\/abic.us\/es\/recording-despues-de-la-aprobacion-del-presupuesto-de-la-camara-de-representantes-los-lideres-empresariales-politicos-los-defensores-de-la-reforma-migratoria-y-las-personas-directamente-afectada\/","url":"https:\/\/abic.us\/es\/recording-despues-de-la-aprobacion-del-presupuesto-de-la-camara-de-representantes-los-lideres-empresariales-politicos-los-defensores-de-la-reforma-migratoria-y-las-personas-directamente-afectada\/","name":"[RECORDING] Despu\u00e9s de la aprobaci\u00f3n del presupuesto de la C\u00e1mara de Representantes, los l\u00edderes empresariales, pol\u00edticos, los defensores de la reforma migratoria y las personas directamente afectadas discuten los pr\u00f3ximos pasos para impulsar la reforma migratoria a trav\u00e9s de la reconciliaci\u00f3n presupuestaria &#8212; Coalici\u00f3n Americana de Inmigraci\u00f3n Empresarial","isPartOf":{"@id":"https:\/\/abic.us\/es\/#website"},"primaryImageOfPage":{"@id":"https:\/\/abic.us\/es\/recording-despues-de-la-aprobacion-del-presupuesto-de-la-camara-de-representantes-los-lideres-empresariales-politicos-los-defensores-de-la-reforma-migratoria-y-las-personas-directamente-afectada\/#primaryimage"},"image":{"@id":"https:\/\/abic.us\/es\/recording-despues-de-la-aprobacion-del-presupuesto-de-la-camara-de-representantes-los-lideres-empresariales-politicos-los-defensores-de-la-reforma-migratoria-y-las-personas-directamente-afectada\/#primaryimage"},"thumbnailUrl":"https:\/\/abic.imgix.net\/assets\/promo-immigration-reform.png","datePublished":"2021-08-25T15:23:53+00:00","dateModified":"2021-12-03T20:50:17+00:00","breadcrumb":{"@id":"https:\/\/abic.us\/es\/recording-despues-de-la-aprobacion-del-presupuesto-de-la-camara-de-representantes-los-lideres-empresariales-politicos-los-defensores-de-la-reforma-migratoria-y-las-personas-directamente-afectada\/#breadcrumb"},"inLanguage":"es","potentialAction":[{"@type":"ReadAction","target":["https:\/\/abic.us\/es\/recording-despues-de-la-aprobacion-del-presupuesto-de-la-camara-de-representantes-los-lideres-empresariales-politicos-los-defensores-de-la-reforma-migratoria-y-las-personas-directamente-afectada\/"]}]},{"@type":"ImageObject","inLanguage":"es","@id":"https:\/\/abic.us\/es\/recording-despues-de-la-aprobacion-del-presupuesto-de-la-camara-de-representantes-los-lideres-empresariales-politicos-los-defensores-de-la-reforma-migratoria-y-las-personas-directamente-afectada\/#primaryimage","url":"https:\/\/abic.imgix.net\/assets\/promo-immigration-reform.png","contentUrl":"https:\/\/abic.imgix.net\/assets\/promo-immigration-reform.png"},{"@type":"BreadcrumbList","@id":"https:\/\/abic.us\/es\/recording-despues-de-la-aprobacion-del-presupuesto-de-la-camara-de-representantes-los-lideres-empresariales-politicos-los-defensores-de-la-reforma-migratoria-y-las-personas-directamente-afectada\/#breadcrumb","itemListElement":[{"@type":"ListItem","position":1,"name":"Hogar","item":"https:\/\/abic.us\/es\/"},{"@type":"ListItem","position":2,"name":"[RECORDING] Despu\u00e9s de la aprobaci\u00f3n del presupuesto de la C\u00e1mara de Representantes, los l\u00edderes empresariales, pol\u00edticos, los defensores de la reforma migratoria y las personas directamente afectadas discuten los pr\u00f3ximos pasos para impulsar la reforma migratoria a trav\u00e9s de la reconciliaci\u00f3n presupuestaria"}]},{"@type":"WebSite","@id":"https:\/\/abic.us\/es\/#website","url":"https:\/\/abic.us\/es\/","name":"Coalici\u00f3n Americana de Inmigraci\u00f3n Empresarial","description":"Juntos, promoveremos una reforma migratoria sensata que crezca empleos, fortalezca nuestra econom\u00eda y beneficie a todas las familias estadounidenses.","publisher":{"@id":"https:\/\/abic.us\/es\/#organization"},"potentialAction":[{"@type":"SearchAction","target":{"@type":"EntryPoint","urlTemplate":"https:\/\/abic.us\/es\/?s={search_term_string}"},"query-input":{"@type":"PropertyValueSpecification","valueRequired":true,"valueName":"search_term_string"}}],"inLanguage":"es"},{"@type":"Organization","@id":"https:\/\/abic.us\/es\/#organization","name":"American Business Immigration Coalition","url":"https:\/\/abic.us\/es\/","logo":{"@type":"ImageObject","inLanguage":"es","@id":"https:\/\/abic.us\/es\/#\/schema\/logo\/image\/","url":"https:\/\/abic.us\/wp-content\/uploads\/2021\/11\/ABIC-Logo.png","contentUrl":"https:\/\/abic.us\/wp-content\/uploads\/2021\/11\/ABIC-Logo.png","width":1000,"height":260,"caption":"American Business Immigration Coalition"},"image":{"@id":"https:\/\/abic.us\/es\/#\/schema\/logo\/image\/"},"sameAs":["https:\/\/www.facebook.com\/AmericanBIC","https:\/\/x.com\/AmericanBIC"]},{"@type":"Person","@id":"https:\/\/abic.us\/es\/#\/schema\/person\/58547098a0d3b973c110fd8a36f0e0bb","name":"abic","image":{"@type":"ImageObject","inLanguage":"es","@id":"https:\/\/abic.us\/es\/#\/schema\/person\/image\/","url":"https:\/\/secure.gravatar.com\/avatar\/4a2893b0ce0ce34781c1e0a9251ffe4322e67c4e95cdf48463d10701c3bd4c8e?s=96&d=mm&r=g","contentUrl":"https:\/\/secure.gravatar.com\/avatar\/4a2893b0ce0ce34781c1e0a9251ffe4322e67c4e95cdf48463d10701c3bd4c8e?s=96&d=mm&r=g","caption":"abic"},"sameAs":["https:\/\/abic.wpengine.com"]}]}},"_links":{"self":[{"href":"https:\/\/abic.us\/es\/wp-json\/wp\/v2\/posts\/34885","targetHints":{"allow":["GET"]}}],"collection":[{"href":"https:\/\/abic.us\/es\/wp-json\/wp\/v2\/posts"}],"about":[{"href":"https:\/\/abic.us\/es\/wp-json\/wp\/v2\/types\/post"}],"author":[{"embeddable":true,"href":"https:\/\/abic.us\/es\/wp-json\/wp\/v2\/users\/1"}],"replies":[{"embeddable":true,"href":"https:\/\/abic.us\/es\/wp-json\/wp\/v2\/comments?post=34885"}],"version-history":[{"count":0,"href":"https:\/\/abic.us\/es\/wp-json\/wp\/v2\/posts\/34885\/revisions"}],"wp:attachment":[{"href":"https:\/\/abic.us\/es\/wp-json\/wp\/v2\/media?parent=34885"}],"wp:term":[{"taxonomy":"category","embeddable":true,"href":"https:\/\/abic.us\/es\/wp-json\/wp\/v2\/categories?post=34885"},{"taxonomy":"post_tag","embeddable":true,"href":"https:\/\/abic.us\/es\/wp-json\/wp\/v2\/tags?post=34885"}],"curies":[{"name":"wp","href":"https:\/\/api.w.org\/{rel}","templated":true}]}}