{"id":34856,"date":"2021-09-19T20:37:01","date_gmt":"2021-09-19T20:37:01","guid":{"rendered":"https:\/\/abic.wpengine.com\/declaracion-de-la-abic-sobre-la-decision-miope-del-parlamentario-del-senado-sobre-la-inclusion-de-disposiciones-de-reforma-migratoria-en-el-proyecto-de-ley-de-reconciliacion-presupuestaria\/"},"modified":"2021-12-03T21:14:55","modified_gmt":"2021-12-03T21:14:55","slug":"declaracion-de-la-abic-sobre-la-decision-miope-del-parlamentario-del-senado-sobre-la-inclusion-de-disposiciones-de-reforma-migratoria-en-el-proyecto-de-ley-de-reconciliacion-presupuestaria","status":"publish","type":"post","link":"https:\/\/abic.us\/es\/declaracion-de-la-abic-sobre-la-decision-miope-del-parlamentario-del-senado-sobre-la-inclusion-de-disposiciones-de-reforma-migratoria-en-el-proyecto-de-ley-de-reconciliacion-presupuestaria\/","title":{"rendered":"DECLARACI\u00d3N DE LA ABIC SOBRE LA DECISI\u00d3N MIOPE DEL PARLAMENTARIO DEL SENADO SOBRE LA INCLUSI\u00d3N DE DISPOSICIONES DE REFORMA MIGRATORIA EN EL PROYECTO DE LEY DE RECONCILIACI\u00d3N PRESUPUESTARIA"},"content":{"rendered":"\n<figure class=\"wp-block-image size-large\"><img loading=\"lazy\" decoding=\"async\" width=\"1900\" height=\"1069\" src=\"https:\/\/abic.imgix.net\/assets\/Untitled-design-16.png\" alt=\"\" class=\"wp-image-31529\"\/><\/figure>\n<h2 class=\"wp-block-heading\"><strong>DECLARACI\u00d3N DE LA ABIC SOBRE  <br\/>  DECISI\u00d3N MIOPE DEL PARLAMENTARIO DEL SENADO SOBRE LA INCLUSI\u00d3N DE DISPOSICIONES DE REFORMA MIGRATORIA EN EL PROYECTO DE LEY DE RECONCILIACI\u00d3N PRESUPUESTARIA<\/strong><\/h2>\n\n<p>WASHINGTON, DC &#8212; Esta noche, los medios de <a href=\"https:\/\/www.politico.com\/news\/2021\/09\/19\/democrats-immigration-reform-spending-bill-512898\">comunicaci\u00f3n <\/a>informaron sobre la decisi\u00f3n del parlamentario del Senado de excluir las disposiciones urgentes de inmigraci\u00f3n del paquete pendiente de Reconciliaci\u00f3n Presupuestaria sobre el plan Build Back Better. La siguiente es una declaraci\u00f3n de la directora ejecutiva bipartidista de la American Business Immigra Coalition (ABIC), Rebecca Shi:<\/p>\n\n<p>\u00abEsta es una decisi\u00f3n miope, dadas las condiciones econ\u00f3micas actuales y cr\u00edticas, y basada en precedentes obsoletos citados por la parlamentaria en su opini\u00f3n. Como tal, ABIC seguir\u00e1 trabajando por soluciones inmediatas de inmigraci\u00f3n.<\/p>\n\n<p>\u00abLa decisi\u00f3n es infundada porque desmiente numerosos hallazgos de economistas de que proporcionar v\u00edas hacia la ciudadan\u00eda para los Dreamers, los titulares de TPS, los trabajadores agr\u00edcolas y los trabajadores esenciales tendr\u00eda un impacto significativo y positivo en el presupuesto federal al aumentar el PIB de la naci\u00f3n, aumentar exponencialmente los ingresos fiscales federales y estatales, expandir el piso salarial y beneficiar a todos los estadounidenses. Tambi\u00e9n hay un amplio precedente de medidas de inmigraci\u00f3n que se incluyen en las medidas de reconciliaci\u00f3n presupuestaria.<\/p>\n\n<p>\u00abSi bien el parlamentario se\u00f1al\u00f3 que esta propuesta no era bipartidista como en a\u00f1os anteriores, el hallazgo desaf\u00eda la realidad del entorno pol\u00edtico actual. ABIC, un grupo de 1200 prominentes l\u00edderes empresariales dem\u00f3cratas, republicanos e independientes, sostuvo 41 reuniones cara a cara con senadores republicanos para soluciones bipartidistas, pero los republicanos se alejaron de un acuerdo. El proceso de reconciliaci\u00f3n presupuestaria es el \u00fanico veh\u00edculo disponible en este Congreso para expandir el mercado laboral legal en tiempos de escasez cr\u00edtica de mano de obra en todos los sectores, y para reparar nuestra econom\u00eda mientras luchamos contra la pandemia de COVID.<\/p>\n\n<p>\u00abInstamos al Congreso a trabajar en torno a la decisi\u00f3n del parlamentario del Senado mediante el desarrollo de una alternativa para satisfacer las necesidades urgentes de nuestra econom\u00eda y familias.<\/p>\n\n<p>\u00abNuestra lucha en defensa de nuestra econom\u00eda no ha terminado con esta decisi\u00f3n\u00bb.<\/p>\n\n<p>ACERCA DE<\/p>\n\n<p>La<a href=\"https:\/\/abic.us\/\"> American Business Immigration Coalition<\/a> (ABIC) promueve una reforma migratoria de sentido com\u00fan que promueve la competitividad econ\u00f3mica, proporciona a las empresas tanto el talento altamente calificado como el poco calificado que necesitan, y permite la integraci\u00f3n de los inmigrantes en nuestra econom\u00eda como consumidores, trabajadores, empresarios y ciudadanos. ABIC est\u00e1 activo en estados y comunidades clave de todo el pa\u00eds involucrando a activistas, defensores, l\u00edderes empresariales y funcionarios electos sobre la urgencia de aprobar una reforma migratoria que impulse nuestra econom\u00eda, cree empleos, alivie la escasez de mano de obra y apoye a las familias.<\/p>\n\n<p>###<br\/><\/p>\n","protected":false},"excerpt":{"rendered":"<p>DECLARACI\u00d3N DE LA ABIC SOBRE DECISI\u00d3N MIOPE DEL PARLAMENTARIO DEL SENADO SOBRE LA INCLUSI\u00d3N DE DISPOSICIONES DE REFORMA MIGRATORIA EN EL PROYECTO DE LEY DE RECONCILIACI\u00d3N PRESUPUESTARIA WASHINGTON, DC &#8212;&#8230;<\/p>\n","protected":false},"author":1,"featured_media":0,"comment_status":"closed","ping_status":"closed","sticky":false,"template":"","format":"standard","meta":{"footnotes":""},"categories":[63],"tags":[],"class_list":{"0":"post-34856","1":"post","2":"type-post","3":"status-publish","4":"format-standard","6":"category-actualizaciones"},"yoast_head":"<!-- This site is optimized with the Yoast SEO plugin v26.9 - https:\/\/yoast.com\/product\/yoast-seo-wordpress\/ -->\n<title>DECLARACI\u00d3N DE LA ABIC SOBRE LA DECISI\u00d3N MIOPE DEL PARLAMENTARIO DEL SENADO SOBRE LA INCLUSI\u00d3N DE DISPOSICIONES DE REFORMA MIGRATORIA EN EL PROYECTO DE LEY DE RECONCILIACI\u00d3N PRESUPUESTARIA &#8212; Coalici\u00f3n Americana de Inmigraci\u00f3n Empresarial<\/title>\n<meta name=\"robots\" content=\"index, follow, max-snippet:-1, max-image-preview:large, max-video-preview:-1\" \/>\n<link rel=\"canonical\" href=\"https:\/\/abic.us\/es\/declaracion-de-la-abic-sobre-la-decision-miope-del-parlamentario-del-senado-sobre-la-inclusion-de-disposiciones-de-reforma-migratoria-en-el-proyecto-de-ley-de-reconciliacion-presupuestaria\/\" \/>\n<meta property=\"og:locale\" content=\"es_ES\" \/>\n<meta property=\"og:type\" content=\"article\" \/>\n<meta property=\"og:title\" content=\"DECLARACI\u00d3N DE LA ABIC SOBRE LA DECISI\u00d3N MIOPE DEL PARLAMENTARIO DEL SENADO SOBRE LA INCLUSI\u00d3N DE DISPOSICIONES DE REFORMA MIGRATORIA EN EL PROYECTO DE LEY DE RECONCILIACI\u00d3N PRESUPUESTARIA &#8212; Coalici\u00f3n Americana de Inmigraci\u00f3n Empresarial\" \/>\n<meta property=\"og:description\" content=\"DECLARACI\u00d3N DE LA ABIC SOBRE DECISI\u00d3N MIOPE DEL PARLAMENTARIO DEL SENADO SOBRE LA INCLUSI\u00d3N DE DISPOSICIONES DE REFORMA MIGRATORIA EN EL PROYECTO DE LEY DE RECONCILIACI\u00d3N PRESUPUESTARIA WASHINGTON, DC &#8212;...\" \/>\n<meta property=\"og:url\" content=\"https:\/\/abic.us\/es\/declaracion-de-la-abic-sobre-la-decision-miope-del-parlamentario-del-senado-sobre-la-inclusion-de-disposiciones-de-reforma-migratoria-en-el-proyecto-de-ley-de-reconciliacion-presupuestaria\/\" \/>\n<meta property=\"og:site_name\" content=\"Coalici\u00f3n Americana de Inmigraci\u00f3n Empresarial\" \/>\n<meta property=\"article:publisher\" content=\"https:\/\/www.facebook.com\/AmericanBIC\" \/>\n<meta property=\"article:published_time\" content=\"2021-09-19T20:37:01+00:00\" \/>\n<meta property=\"article:modified_time\" content=\"2021-12-03T21:14:55+00:00\" \/>\n<meta property=\"og:image\" content=\"https:\/\/abic.imgix.net\/assets\/Untitled-design-16.png\" \/>\n<meta name=\"author\" content=\"abic\" \/>\n<meta name=\"twitter:card\" content=\"summary_large_image\" \/>\n<meta name=\"twitter:creator\" content=\"@AmericanBIC\" \/>\n<meta name=\"twitter:site\" content=\"@AmericanBIC\" \/>\n<meta name=\"twitter:label1\" content=\"Escrito por\" \/>\n\t<meta name=\"twitter:data1\" content=\"abic\" \/>\n\t<meta name=\"twitter:label2\" content=\"Tiempo de lectura\" \/>\n\t<meta name=\"twitter:data2\" content=\"2 minutos\" \/>\n<script type=\"application\/ld+json\" class=\"yoast-schema-graph\">{\"@context\":\"https:\/\/schema.org\",\"@graph\":[{\"@type\":\"Article\",\"@id\":\"https:\/\/abic.us\/es\/declaracion-de-la-abic-sobre-la-decision-miope-del-parlamentario-del-senado-sobre-la-inclusion-de-disposiciones-de-reforma-migratoria-en-el-proyecto-de-ley-de-reconciliacion-presupuestaria\/#article\",\"isPartOf\":{\"@id\":\"https:\/\/abic.us\/es\/declaracion-de-la-abic-sobre-la-decision-miope-del-parlamentario-del-senado-sobre-la-inclusion-de-disposiciones-de-reforma-migratoria-en-el-proyecto-de-ley-de-reconciliacion-presupuestaria\/\"},\"author\":{\"name\":\"abic\",\"@id\":\"https:\/\/abic.us\/es\/#\/schema\/person\/58547098a0d3b973c110fd8a36f0e0bb\"},\"headline\":\"DECLARACI\u00d3N DE LA ABIC SOBRE LA DECISI\u00d3N MIOPE DEL PARLAMENTARIO DEL SENADO SOBRE LA INCLUSI\u00d3N DE DISPOSICIONES DE REFORMA MIGRATORIA EN EL PROYECTO DE LEY DE RECONCILIACI\u00d3N PRESUPUESTARIA\",\"datePublished\":\"2021-09-19T20:37:01+00:00\",\"dateModified\":\"2021-12-03T21:14:55+00:00\",\"mainEntityOfPage\":{\"@id\":\"https:\/\/abic.us\/es\/declaracion-de-la-abic-sobre-la-decision-miope-del-parlamentario-del-senado-sobre-la-inclusion-de-disposiciones-de-reforma-migratoria-en-el-proyecto-de-ley-de-reconciliacion-presupuestaria\/\"},\"wordCount\":515,\"publisher\":{\"@id\":\"https:\/\/abic.us\/es\/#organization\"},\"image\":{\"@id\":\"https:\/\/abic.us\/es\/declaracion-de-la-abic-sobre-la-decision-miope-del-parlamentario-del-senado-sobre-la-inclusion-de-disposiciones-de-reforma-migratoria-en-el-proyecto-de-ley-de-reconciliacion-presupuestaria\/#primaryimage\"},\"thumbnailUrl\":\"https:\/\/abic.imgix.net\/assets\/Untitled-design-16.png\",\"articleSection\":[\"Actualizaciones\"],\"inLanguage\":\"es\"},{\"@type\":\"WebPage\",\"@id\":\"https:\/\/abic.us\/es\/declaracion-de-la-abic-sobre-la-decision-miope-del-parlamentario-del-senado-sobre-la-inclusion-de-disposiciones-de-reforma-migratoria-en-el-proyecto-de-ley-de-reconciliacion-presupuestaria\/\",\"url\":\"https:\/\/abic.us\/es\/declaracion-de-la-abic-sobre-la-decision-miope-del-parlamentario-del-senado-sobre-la-inclusion-de-disposiciones-de-reforma-migratoria-en-el-proyecto-de-ley-de-reconciliacion-presupuestaria\/\",\"name\":\"DECLARACI\u00d3N DE LA ABIC SOBRE LA DECISI\u00d3N MIOPE DEL PARLAMENTARIO DEL SENADO SOBRE LA INCLUSI\u00d3N DE DISPOSICIONES DE REFORMA MIGRATORIA EN EL PROYECTO DE LEY DE RECONCILIACI\u00d3N PRESUPUESTARIA &#8212; Coalici\u00f3n Americana de Inmigraci\u00f3n Empresarial\",\"isPartOf\":{\"@id\":\"https:\/\/abic.us\/es\/#website\"},\"primaryImageOfPage\":{\"@id\":\"https:\/\/abic.us\/es\/declaracion-de-la-abic-sobre-la-decision-miope-del-parlamentario-del-senado-sobre-la-inclusion-de-disposiciones-de-reforma-migratoria-en-el-proyecto-de-ley-de-reconciliacion-presupuestaria\/#primaryimage\"},\"image\":{\"@id\":\"https:\/\/abic.us\/es\/declaracion-de-la-abic-sobre-la-decision-miope-del-parlamentario-del-senado-sobre-la-inclusion-de-disposiciones-de-reforma-migratoria-en-el-proyecto-de-ley-de-reconciliacion-presupuestaria\/#primaryimage\"},\"thumbnailUrl\":\"https:\/\/abic.imgix.net\/assets\/Untitled-design-16.png\",\"datePublished\":\"2021-09-19T20:37:01+00:00\",\"dateModified\":\"2021-12-03T21:14:55+00:00\",\"breadcrumb\":{\"@id\":\"https:\/\/abic.us\/es\/declaracion-de-la-abic-sobre-la-decision-miope-del-parlamentario-del-senado-sobre-la-inclusion-de-disposiciones-de-reforma-migratoria-en-el-proyecto-de-ley-de-reconciliacion-presupuestaria\/#breadcrumb\"},\"inLanguage\":\"es\",\"potentialAction\":[{\"@type\":\"ReadAction\",\"target\":[\"https:\/\/abic.us\/es\/declaracion-de-la-abic-sobre-la-decision-miope-del-parlamentario-del-senado-sobre-la-inclusion-de-disposiciones-de-reforma-migratoria-en-el-proyecto-de-ley-de-reconciliacion-presupuestaria\/\"]}]},{\"@type\":\"ImageObject\",\"inLanguage\":\"es\",\"@id\":\"https:\/\/abic.us\/es\/declaracion-de-la-abic-sobre-la-decision-miope-del-parlamentario-del-senado-sobre-la-inclusion-de-disposiciones-de-reforma-migratoria-en-el-proyecto-de-ley-de-reconciliacion-presupuestaria\/#primaryimage\",\"url\":\"https:\/\/abic.imgix.net\/assets\/Untitled-design-16.png\",\"contentUrl\":\"https:\/\/abic.imgix.net\/assets\/Untitled-design-16.png\"},{\"@type\":\"BreadcrumbList\",\"@id\":\"https:\/\/abic.us\/es\/declaracion-de-la-abic-sobre-la-decision-miope-del-parlamentario-del-senado-sobre-la-inclusion-de-disposiciones-de-reforma-migratoria-en-el-proyecto-de-ley-de-reconciliacion-presupuestaria\/#breadcrumb\",\"itemListElement\":[{\"@type\":\"ListItem\",\"position\":1,\"name\":\"Hogar\",\"item\":\"https:\/\/abic.us\/es\/\"},{\"@type\":\"ListItem\",\"position\":2,\"name\":\"DECLARACI\u00d3N DE LA ABIC SOBRE LA DECISI\u00d3N MIOPE DEL PARLAMENTARIO DEL SENADO SOBRE LA INCLUSI\u00d3N DE DISPOSICIONES DE REFORMA MIGRATORIA EN EL PROYECTO DE LEY DE RECONCILIACI\u00d3N PRESUPUESTARIA\"}]},{\"@type\":\"WebSite\",\"@id\":\"https:\/\/abic.us\/es\/#website\",\"url\":\"https:\/\/abic.us\/es\/\",\"name\":\"Coalici\u00f3n Americana de Inmigraci\u00f3n Empresarial\",\"description\":\"Juntos, promoveremos una reforma migratoria sensata que crezca empleos, fortalezca nuestra econom\u00eda y beneficie a todas las familias estadounidenses.\",\"publisher\":{\"@id\":\"https:\/\/abic.us\/es\/#organization\"},\"potentialAction\":[{\"@type\":\"SearchAction\",\"target\":{\"@type\":\"EntryPoint\",\"urlTemplate\":\"https:\/\/abic.us\/es\/?s={search_term_string}\"},\"query-input\":{\"@type\":\"PropertyValueSpecification\",\"valueRequired\":true,\"valueName\":\"search_term_string\"}}],\"inLanguage\":\"es\"},{\"@type\":\"Organization\",\"@id\":\"https:\/\/abic.us\/es\/#organization\",\"name\":\"American Business Immigration Coalition\",\"url\":\"https:\/\/abic.us\/es\/\",\"logo\":{\"@type\":\"ImageObject\",\"inLanguage\":\"es\",\"@id\":\"https:\/\/abic.us\/es\/#\/schema\/logo\/image\/\",\"url\":\"https:\/\/abic.us\/wp-content\/uploads\/2021\/11\/ABIC-Logo.png\",\"contentUrl\":\"https:\/\/abic.us\/wp-content\/uploads\/2021\/11\/ABIC-Logo.png\",\"width\":1000,\"height\":260,\"caption\":\"American Business Immigration Coalition\"},\"image\":{\"@id\":\"https:\/\/abic.us\/es\/#\/schema\/logo\/image\/\"},\"sameAs\":[\"https:\/\/www.facebook.com\/AmericanBIC\",\"https:\/\/x.com\/AmericanBIC\"]},{\"@type\":\"Person\",\"@id\":\"https:\/\/abic.us\/es\/#\/schema\/person\/58547098a0d3b973c110fd8a36f0e0bb\",\"name\":\"abic\",\"image\":{\"@type\":\"ImageObject\",\"inLanguage\":\"es\",\"@id\":\"https:\/\/abic.us\/es\/#\/schema\/person\/image\/\",\"url\":\"https:\/\/secure.gravatar.com\/avatar\/4a2893b0ce0ce34781c1e0a9251ffe4322e67c4e95cdf48463d10701c3bd4c8e?s=96&d=mm&r=g\",\"contentUrl\":\"https:\/\/secure.gravatar.com\/avatar\/4a2893b0ce0ce34781c1e0a9251ffe4322e67c4e95cdf48463d10701c3bd4c8e?s=96&d=mm&r=g\",\"caption\":\"abic\"},\"sameAs\":[\"https:\/\/abic.wpengine.com\"]}]}<\/script>\n<!-- \/ Yoast SEO plugin. -->","yoast_head_json":{"title":"DECLARACI\u00d3N DE LA ABIC SOBRE LA DECISI\u00d3N MIOPE DEL PARLAMENTARIO DEL SENADO SOBRE LA INCLUSI\u00d3N DE DISPOSICIONES DE REFORMA MIGRATORIA EN EL PROYECTO DE LEY DE RECONCILIACI\u00d3N PRESUPUESTARIA &#8212; Coalici\u00f3n Americana de Inmigraci\u00f3n Empresarial","robots":{"index":"index","follow":"follow","max-snippet":"max-snippet:-1","max-image-preview":"max-image-preview:large","max-video-preview":"max-video-preview:-1"},"canonical":"https:\/\/abic.us\/es\/declaracion-de-la-abic-sobre-la-decision-miope-del-parlamentario-del-senado-sobre-la-inclusion-de-disposiciones-de-reforma-migratoria-en-el-proyecto-de-ley-de-reconciliacion-presupuestaria\/","og_locale":"es_ES","og_type":"article","og_title":"DECLARACI\u00d3N DE LA ABIC SOBRE LA DECISI\u00d3N MIOPE DEL PARLAMENTARIO DEL SENADO SOBRE LA INCLUSI\u00d3N DE DISPOSICIONES DE REFORMA MIGRATORIA EN EL PROYECTO DE LEY DE RECONCILIACI\u00d3N PRESUPUESTARIA &#8212; Coalici\u00f3n Americana de Inmigraci\u00f3n Empresarial","og_description":"DECLARACI\u00d3N DE LA ABIC SOBRE DECISI\u00d3N MIOPE DEL PARLAMENTARIO DEL SENADO SOBRE LA INCLUSI\u00d3N DE DISPOSICIONES DE REFORMA MIGRATORIA EN EL PROYECTO DE LEY DE RECONCILIACI\u00d3N PRESUPUESTARIA WASHINGTON, DC &#8212;...","og_url":"https:\/\/abic.us\/es\/declaracion-de-la-abic-sobre-la-decision-miope-del-parlamentario-del-senado-sobre-la-inclusion-de-disposiciones-de-reforma-migratoria-en-el-proyecto-de-ley-de-reconciliacion-presupuestaria\/","og_site_name":"Coalici\u00f3n Americana de Inmigraci\u00f3n Empresarial","article_publisher":"https:\/\/www.facebook.com\/AmericanBIC","article_published_time":"2021-09-19T20:37:01+00:00","article_modified_time":"2021-12-03T21:14:55+00:00","og_image":[{"url":"https:\/\/abic.imgix.net\/assets\/Untitled-design-16.png","type":"","width":"","height":""}],"author":"abic","twitter_card":"summary_large_image","twitter_creator":"@AmericanBIC","twitter_site":"@AmericanBIC","twitter_misc":{"Escrito por":"abic","Tiempo de lectura":"2 minutos"},"schema":{"@context":"https:\/\/schema.org","@graph":[{"@type":"Article","@id":"https:\/\/abic.us\/es\/declaracion-de-la-abic-sobre-la-decision-miope-del-parlamentario-del-senado-sobre-la-inclusion-de-disposiciones-de-reforma-migratoria-en-el-proyecto-de-ley-de-reconciliacion-presupuestaria\/#article","isPartOf":{"@id":"https:\/\/abic.us\/es\/declaracion-de-la-abic-sobre-la-decision-miope-del-parlamentario-del-senado-sobre-la-inclusion-de-disposiciones-de-reforma-migratoria-en-el-proyecto-de-ley-de-reconciliacion-presupuestaria\/"},"author":{"name":"abic","@id":"https:\/\/abic.us\/es\/#\/schema\/person\/58547098a0d3b973c110fd8a36f0e0bb"},"headline":"DECLARACI\u00d3N DE LA ABIC SOBRE LA DECISI\u00d3N MIOPE DEL PARLAMENTARIO DEL SENADO SOBRE LA INCLUSI\u00d3N DE DISPOSICIONES DE REFORMA MIGRATORIA EN EL PROYECTO DE LEY DE RECONCILIACI\u00d3N PRESUPUESTARIA","datePublished":"2021-09-19T20:37:01+00:00","dateModified":"2021-12-03T21:14:55+00:00","mainEntityOfPage":{"@id":"https:\/\/abic.us\/es\/declaracion-de-la-abic-sobre-la-decision-miope-del-parlamentario-del-senado-sobre-la-inclusion-de-disposiciones-de-reforma-migratoria-en-el-proyecto-de-ley-de-reconciliacion-presupuestaria\/"},"wordCount":515,"publisher":{"@id":"https:\/\/abic.us\/es\/#organization"},"image":{"@id":"https:\/\/abic.us\/es\/declaracion-de-la-abic-sobre-la-decision-miope-del-parlamentario-del-senado-sobre-la-inclusion-de-disposiciones-de-reforma-migratoria-en-el-proyecto-de-ley-de-reconciliacion-presupuestaria\/#primaryimage"},"thumbnailUrl":"https:\/\/abic.imgix.net\/assets\/Untitled-design-16.png","articleSection":["Actualizaciones"],"inLanguage":"es"},{"@type":"WebPage","@id":"https:\/\/abic.us\/es\/declaracion-de-la-abic-sobre-la-decision-miope-del-parlamentario-del-senado-sobre-la-inclusion-de-disposiciones-de-reforma-migratoria-en-el-proyecto-de-ley-de-reconciliacion-presupuestaria\/","url":"https:\/\/abic.us\/es\/declaracion-de-la-abic-sobre-la-decision-miope-del-parlamentario-del-senado-sobre-la-inclusion-de-disposiciones-de-reforma-migratoria-en-el-proyecto-de-ley-de-reconciliacion-presupuestaria\/","name":"DECLARACI\u00d3N DE LA ABIC SOBRE LA DECISI\u00d3N MIOPE DEL PARLAMENTARIO DEL SENADO SOBRE LA INCLUSI\u00d3N DE DISPOSICIONES DE REFORMA MIGRATORIA EN EL PROYECTO DE LEY DE RECONCILIACI\u00d3N PRESUPUESTARIA &#8212; Coalici\u00f3n Americana de Inmigraci\u00f3n Empresarial","isPartOf":{"@id":"https:\/\/abic.us\/es\/#website"},"primaryImageOfPage":{"@id":"https:\/\/abic.us\/es\/declaracion-de-la-abic-sobre-la-decision-miope-del-parlamentario-del-senado-sobre-la-inclusion-de-disposiciones-de-reforma-migratoria-en-el-proyecto-de-ley-de-reconciliacion-presupuestaria\/#primaryimage"},"image":{"@id":"https:\/\/abic.us\/es\/declaracion-de-la-abic-sobre-la-decision-miope-del-parlamentario-del-senado-sobre-la-inclusion-de-disposiciones-de-reforma-migratoria-en-el-proyecto-de-ley-de-reconciliacion-presupuestaria\/#primaryimage"},"thumbnailUrl":"https:\/\/abic.imgix.net\/assets\/Untitled-design-16.png","datePublished":"2021-09-19T20:37:01+00:00","dateModified":"2021-12-03T21:14:55+00:00","breadcrumb":{"@id":"https:\/\/abic.us\/es\/declaracion-de-la-abic-sobre-la-decision-miope-del-parlamentario-del-senado-sobre-la-inclusion-de-disposiciones-de-reforma-migratoria-en-el-proyecto-de-ley-de-reconciliacion-presupuestaria\/#breadcrumb"},"inLanguage":"es","potentialAction":[{"@type":"ReadAction","target":["https:\/\/abic.us\/es\/declaracion-de-la-abic-sobre-la-decision-miope-del-parlamentario-del-senado-sobre-la-inclusion-de-disposiciones-de-reforma-migratoria-en-el-proyecto-de-ley-de-reconciliacion-presupuestaria\/"]}]},{"@type":"ImageObject","inLanguage":"es","@id":"https:\/\/abic.us\/es\/declaracion-de-la-abic-sobre-la-decision-miope-del-parlamentario-del-senado-sobre-la-inclusion-de-disposiciones-de-reforma-migratoria-en-el-proyecto-de-ley-de-reconciliacion-presupuestaria\/#primaryimage","url":"https:\/\/abic.imgix.net\/assets\/Untitled-design-16.png","contentUrl":"https:\/\/abic.imgix.net\/assets\/Untitled-design-16.png"},{"@type":"BreadcrumbList","@id":"https:\/\/abic.us\/es\/declaracion-de-la-abic-sobre-la-decision-miope-del-parlamentario-del-senado-sobre-la-inclusion-de-disposiciones-de-reforma-migratoria-en-el-proyecto-de-ley-de-reconciliacion-presupuestaria\/#breadcrumb","itemListElement":[{"@type":"ListItem","position":1,"name":"Hogar","item":"https:\/\/abic.us\/es\/"},{"@type":"ListItem","position":2,"name":"DECLARACI\u00d3N DE LA ABIC SOBRE LA DECISI\u00d3N MIOPE DEL PARLAMENTARIO DEL SENADO SOBRE LA INCLUSI\u00d3N DE DISPOSICIONES DE REFORMA MIGRATORIA EN EL PROYECTO DE LEY DE RECONCILIACI\u00d3N PRESUPUESTARIA"}]},{"@type":"WebSite","@id":"https:\/\/abic.us\/es\/#website","url":"https:\/\/abic.us\/es\/","name":"Coalici\u00f3n Americana de Inmigraci\u00f3n Empresarial","description":"Juntos, promoveremos una reforma migratoria sensata que crezca empleos, fortalezca nuestra econom\u00eda y beneficie a todas las familias estadounidenses.","publisher":{"@id":"https:\/\/abic.us\/es\/#organization"},"potentialAction":[{"@type":"SearchAction","target":{"@type":"EntryPoint","urlTemplate":"https:\/\/abic.us\/es\/?s={search_term_string}"},"query-input":{"@type":"PropertyValueSpecification","valueRequired":true,"valueName":"search_term_string"}}],"inLanguage":"es"},{"@type":"Organization","@id":"https:\/\/abic.us\/es\/#organization","name":"American Business Immigration Coalition","url":"https:\/\/abic.us\/es\/","logo":{"@type":"ImageObject","inLanguage":"es","@id":"https:\/\/abic.us\/es\/#\/schema\/logo\/image\/","url":"https:\/\/abic.us\/wp-content\/uploads\/2021\/11\/ABIC-Logo.png","contentUrl":"https:\/\/abic.us\/wp-content\/uploads\/2021\/11\/ABIC-Logo.png","width":1000,"height":260,"caption":"American Business Immigration Coalition"},"image":{"@id":"https:\/\/abic.us\/es\/#\/schema\/logo\/image\/"},"sameAs":["https:\/\/www.facebook.com\/AmericanBIC","https:\/\/x.com\/AmericanBIC"]},{"@type":"Person","@id":"https:\/\/abic.us\/es\/#\/schema\/person\/58547098a0d3b973c110fd8a36f0e0bb","name":"abic","image":{"@type":"ImageObject","inLanguage":"es","@id":"https:\/\/abic.us\/es\/#\/schema\/person\/image\/","url":"https:\/\/secure.gravatar.com\/avatar\/4a2893b0ce0ce34781c1e0a9251ffe4322e67c4e95cdf48463d10701c3bd4c8e?s=96&d=mm&r=g","contentUrl":"https:\/\/secure.gravatar.com\/avatar\/4a2893b0ce0ce34781c1e0a9251ffe4322e67c4e95cdf48463d10701c3bd4c8e?s=96&d=mm&r=g","caption":"abic"},"sameAs":["https:\/\/abic.wpengine.com"]}]}},"_links":{"self":[{"href":"https:\/\/abic.us\/es\/wp-json\/wp\/v2\/posts\/34856","targetHints":{"allow":["GET"]}}],"collection":[{"href":"https:\/\/abic.us\/es\/wp-json\/wp\/v2\/posts"}],"about":[{"href":"https:\/\/abic.us\/es\/wp-json\/wp\/v2\/types\/post"}],"author":[{"embeddable":true,"href":"https:\/\/abic.us\/es\/wp-json\/wp\/v2\/users\/1"}],"replies":[{"embeddable":true,"href":"https:\/\/abic.us\/es\/wp-json\/wp\/v2\/comments?post=34856"}],"version-history":[{"count":0,"href":"https:\/\/abic.us\/es\/wp-json\/wp\/v2\/posts\/34856\/revisions"}],"wp:attachment":[{"href":"https:\/\/abic.us\/es\/wp-json\/wp\/v2\/media?parent=34856"}],"wp:term":[{"taxonomy":"category","embeddable":true,"href":"https:\/\/abic.us\/es\/wp-json\/wp\/v2\/categories?post=34856"},{"taxonomy":"post_tag","embeddable":true,"href":"https:\/\/abic.us\/es\/wp-json\/wp\/v2\/tags?post=34856"}],"curies":[{"name":"wp","href":"https:\/\/api.w.org\/{rel}","templated":true}]}}